{"id":46449,"date":"2023-06-28T21:42:43","date_gmt":"2023-06-28T21:42:43","guid":{"rendered":"https:\/\/www.uta.cl\/?p=46449"},"modified":"2023-06-28T21:42:43","modified_gmt":"2023-06-28T21:42:43","slug":"proyecto-explora-inicia-nueva-etapa-con-desafios-en-la-provincia-de-parinacota","status":"publish","type":"post","link":"https:\/\/www.uta.cl\/index.php\/2023\/06\/28\/proyecto-explora-inicia-nueva-etapa-con-desafios-en-la-provincia-de-parinacota\/","title":{"rendered":"Proyecto Explora inicia nueva etapa con desaf\u00edos en la provincia de Parinacota"},"content":{"rendered":"\n<div class=\"wp-block-image\"><figure class=\"aligncenter size-large is-resized\"><img loading=\"lazy\" src=\"https:\/\/www.uta.cl\/wp-content\/uploads\/2023\/06\/EXPLORA-4.png\" alt=\"\" class=\"wp-image-46450\" width=\"594\" height=\"490\" srcset=\"https:\/\/www.uta.cl\/wp-content\/uploads\/2023\/06\/EXPLORA-4.png 832w, https:\/\/www.uta.cl\/wp-content\/uploads\/2023\/06\/EXPLORA-4-300x248.png 300w, https:\/\/www.uta.cl\/wp-content\/uploads\/2023\/06\/EXPLORA-4-768x634.png 768w\" sizes=\"(max-width: 594px) 100vw, 594px\" \/><\/figure><\/div>\n\n\n\n<p>La Universidad de Tarapac\u00e1 se adjudic\u00f3 por s\u00e9ptimo a\u00f1o consecutivo el Proyecto Asociativo Regional (PAR) Explora Arica y Parinacota, perteneciente al Ministerio de Ciencia, Tecnolog\u00eda, Conocimiento e Innovaci\u00f3n (CTCI). La iniciativa tiene como prop\u00f3sito fortalecer las competencias en CTCI de las comunidades educativas, a trav\u00e9s de la planificaci\u00f3n, realizaci\u00f3n y socializaci\u00f3n de actividades con estudiantes de la regi\u00f3n.&nbsp;<\/p>\n\n\n\n<p>Entre las brechas que busca solucionar Explora, se encuentran los bajos rendimientos en ciencias detectados en la prueba Simce y TIMSS a nivel nacional, y la falta de acceso al conocimiento cient\u00edfico, que se observa en la Encuesta Nacional de Percepci\u00f3n Social de la Ciencia y la Tecnolog\u00eda Explora del Ministerio de Ciencia.<\/p>\n\n\n\n<p>Este nuevo proceso llega con buenas noticias, esta vez para la comuna de Putre, donde se abrir\u00e1 una oficina de enlace, que va a permitir poder llegar de manera concreta, en el territorio, a los sectores aislados de la regi\u00f3n. \u201cDentro de los grandes desaf\u00edos est\u00e1 el poder llegar al 10% de los establecimiento educacional y jardines infantiles, de todas las comunas de la regi\u00f3n, pero en realidad nosotros como programa, estamos desde el a\u00f1o 2016 trabajando en el territorio, entonces esperamos superar con creces esta meta\u201d, coment\u00f3 el coordinar regional de Explora, Claudio Fuentes Lufitt.<\/p>\n\n\n\n<p>El proyecto busca potenciar la trayectoria cient\u00edfica de estudiantes, desde educaci\u00f3n parvularia hasta cuarto medio, trabajando con el primer segmento atreves del <strong>Programa de Indagaci\u00f3n para Primeras Edades (PIPE)<\/strong> orientados a educadoras de p\u00e1rvulos, quienes reciben capacitaci\u00f3n y un kit de materiales con actividades. Por otro lado, el PAR promueve la <strong>iniciativa Investigaci\u00f3n e Innovaci\u00f3n Escolar<\/strong>, dirigido a estudiantes de 1\u00ba b\u00e1sico a 4\u00ba medio, a quienes se les impulsa a desarrollar investigaci\u00f3n escolar, con el acompa\u00f1amiento de un asesor cient\u00edfico de nuestra universidad o de nuestras redes de colaboraci\u00f3n.&nbsp;<\/p>\n\n\n\n<p>Pensando especialmente en docentes como agentes de cambio, el PAR promueve la iniciativa <strong>\u201cCampamento CTCI para docentes y educadoras de p\u00e1rvulo Explora Va!\u201d<\/strong> dirigido a profesionales de todas las especialidades de la regi\u00f3n. Finalmente, a trav\u00e9s de Explora, el Ministerio de Ciencia persigue incentivar la trayectoria cient\u00edfica de los estudiantes, desembocando en el <strong>Cupo Explora &#8211; Unesco<\/strong> el que permite el acceso de las y los estudiantes por v\u00eda de admisi\u00f3n especial a la Universidad.<\/p>\n\n\n\n<p>La directora de Explora Arica y Parinacota, la Dra. M\u00f3nica Navarrete \u00c1lvarez, hizo un llamado a docentes, educadoras, t\u00e9cnicas(os), encargados(as) de UTP y directivos(as) de todos los establecimientos educaciones a sumarse a las iniciativas del PAR. \u201cLas y los invitamos a ser parte de Explora, a trav\u00e9s de nuestra encargada de vinculaci\u00f3n escolar nos coordinamos para visitarlos en sus establecimientos y guiarlos en el proceso\u201d.\u00a0<\/p>\n\n\n\n<div class=\"wp-block-image\"><figure class=\"aligncenter size-large is-resized\"><img loading=\"lazy\" src=\"https:\/\/www.uta.cl\/wp-content\/uploads\/2023\/06\/EXPLORA-2-1024x768.jpeg\" alt=\"\" class=\"wp-image-46451\" width=\"570\" height=\"428\" srcset=\"https:\/\/www.uta.cl\/wp-content\/uploads\/2023\/06\/EXPLORA-2-1024x768.jpeg 1024w, https:\/\/www.uta.cl\/wp-content\/uploads\/2023\/06\/EXPLORA-2-300x225.jpeg 300w, https:\/\/www.uta.cl\/wp-content\/uploads\/2023\/06\/EXPLORA-2-768x576.jpeg 768w, https:\/\/www.uta.cl\/wp-content\/uploads\/2023\/06\/EXPLORA-2.jpeg 1280w\" sizes=\"(max-width: 570px) 100vw, 570px\" \/><\/figure><\/div>\n","protected":false},"excerpt":{"rendered":"<p>Entre los retos del Proyecto Asociativo Regional Explora est\u00e1 la inaugurar una oficina de enlaces en Putre y abordar el 10% de los establecimientos educacionales de la regi\u00f3n.<\/p>\n","protected":false},"author":11,"featured_media":46450,"comment_status":"open","ping_status":"open","sticky":false,"template":"","format":"standard","meta":[],"categories":[51],"tags":[],"_links":{"self":[{"href":"https:\/\/www.uta.cl\/index.php\/wp-json\/wp\/v2\/posts\/46449"}],"collection":[{"href":"https:\/\/www.uta.cl\/index.php\/wp-json\/wp\/v2\/posts"}],"about":[{"href":"https:\/\/www.uta.cl\/index.php\/wp-json\/wp\/v2\/types\/post"}],"author":[{"embeddable":true,"href":"https:\/\/www.uta.cl\/index.php\/wp-json\/wp\/v2\/users\/11"}],"replies":[{"embeddable":true,"href":"https:\/\/www.uta.cl\/index.php\/wp-json\/wp\/v2\/comments?post=46449"}],"version-history":[{"count":2,"href":"https:\/\/www.uta.cl\/index.php\/wp-json\/wp\/v2\/posts\/46449\/revisions"}],"predecessor-version":[{"id":46454,"href":"https:\/\/www.uta.cl\/index.php\/wp-json\/wp\/v2\/posts\/46449\/revisions\/46454"}],"wp:featuredmedia":[{"embeddable":true,"href":"https:\/\/www.uta.cl\/index.php\/wp-json\/wp\/v2\/media\/46450"}],"wp:attachment":[{"href":"https:\/\/www.uta.cl\/index.php\/wp-json\/wp\/v2\/media?parent=46449"}],"wp:term":[{"taxonomy":"category","embeddable":true,"href":"https:\/\/www.uta.cl\/index.php\/wp-json\/wp\/v2\/categories?post=46449"},{"taxonomy":"post_tag","embeddable":true,"href":"https:\/\/www.uta.cl\/index.php\/wp-json\/wp\/v2\/tags?post=46449"}],"curies":[{"name":"wp","href":"https:\/\/api.w.org\/{rel}","templated":true}]}}