{"id":46399,"date":"2023-06-23T17:42:56","date_gmt":"2023-06-23T17:42:56","guid":{"rendered":"https:\/\/www.uta.cl\/?p=46399"},"modified":"2023-06-23T17:42:56","modified_gmt":"2023-06-23T17:42:56","slug":"destacado-academico-de-la-universidad-de-granada-visita-y-expone-en-la-utarapaca","status":"publish","type":"post","link":"https:\/\/www.uta.cl\/index.php\/2023\/06\/23\/destacado-academico-de-la-universidad-de-granada-visita-y-expone-en-la-utarapaca\/","title":{"rendered":"Destacado acad\u00e9mico de la Universidad de Granada visita y expone en la UTarapac\u00e1"},"content":{"rendered":"\n<div class=\"wp-block-image\"><figure class=\"aligncenter size-large is-resized\"><img loading=\"lazy\" src=\"https:\/\/www.uta.cl\/wp-content\/uploads\/2023\/06\/DAF6372-1024x683.jpg\" alt=\"\" class=\"wp-image-46400\" width=\"600\" height=\"400\" srcset=\"https:\/\/www.uta.cl\/wp-content\/uploads\/2023\/06\/DAF6372-1024x683.jpg 1024w, https:\/\/www.uta.cl\/wp-content\/uploads\/2023\/06\/DAF6372-300x200.jpg 300w, https:\/\/www.uta.cl\/wp-content\/uploads\/2023\/06\/DAF6372-768x512.jpg 768w, https:\/\/www.uta.cl\/wp-content\/uploads\/2023\/06\/DAF6372-1536x1025.jpg 1536w, https:\/\/www.uta.cl\/wp-content\/uploads\/2023\/06\/DAF6372.jpg 2048w\" sizes=\"(max-width: 600px) 100vw, 600px\" \/><\/figure><\/div>\n\n\n\n<p>Durante el 12, 13 y 14 de junio se llev\u00f3 a cabo las VI Jornadas de Biolog\u00eda 2023, organizadas por el departamento de Biolog\u00eda de la Facultad de Ciencias. La actividad cont\u00f3 con una amplia convocatoria, desde acad\u00e9micos, autoridades regionales, institucionales, alumnos de diversas carreras y estudiantes escolares, quienes asistieron a la Charla Magistral \u201cDisrupci\u00f3n endocrina &#8211; Disruptores endocrinos: Hormonas en el medioambiente\u201d, dictada por el Dr. Nicol\u00e1s Olea.<\/p>\n\n\n\n<p>Nicol\u00e1s Olea es doctor en Medicina y Cirug\u00eda por la Universidad de Granada, experto universitario en Epidemiolog\u00eda, sus principales l\u00edneas de investigaci\u00f3n son en Salud y Medioambiente, Disrupci\u00f3n Endocrina, C\u00e1ncer Hormonodependiente y Carcinog\u00e9nesis Ambiental: agentes f\u00edsicos y qu\u00edmicos. Tambi\u00e9n es director cient\u00edfico del Instituto de Investigaci\u00f3n Biosanitaria de Granada Universidad de Granada, Espa\u00f1a y autor del libro \u201cLib\u00e9rate de T\u00f3xicos: Gu\u00eda para evitar los disruptores endocrinos\u201d.<\/p>\n\n\n\n<p>\u201cNo se trata tanto de presentar resultados y evidencia, sino de provocar en los estudiantes, sobre todo en la gente joven, un inter\u00e9s por hacerse preguntas sobre si se est\u00e1 haciendo bien la gesti\u00f3n del medio ambiente y la gesti\u00f3n de los factores ambientales que condicionan la salud humana. El ejemplo de disrupci\u00f3n endocrina, es decir, hormonas o sustancias qu\u00edmicas con actividad hormonal que afectan a la salud de las personas, es un tema conocido y lleva ya 27 a\u00f1os trat\u00e1ndose por la ciencia\u201d, explic\u00f3 el profesor.<\/p>\n\n\n\n<p>\u201cCuando ves que se junta el residuo de pesticidas en alimentos con el exceso del pl\u00e1stico, con la exposici\u00f3n a los cosm\u00e9ticos o a los textiles y todo converge en la exposici\u00f3n humana, pues te empiezas a preguntar si eso estaba realmente bien controlado y bien estudiado. El que haya gente joven, sobre todo estudiantes del siglo XXI, mujeres, j\u00f3venes, pues es importante para que tomen conciencia de que se tiene que hacer las cosas de una manera diferente\u201d, agreg\u00f3 el acad\u00e9mico.<\/p>\n\n\n\n<p>Durante su estad\u00eda fue recibido por el rector de la Universidad, Emilio Rodr\u00edguez, quien valor\u00f3 la visita del acad\u00e9mico: \u201cEl coraz\u00f3n de nuestro quehacer como universidad estatal en una regi\u00f3n extrema es la docencia de pregrado de alta calidad, y, en este contexto, la visita del Dr. Olea es un privilegio para nuestra comunidad ya que permite que\u00a0 estudiantes y profesores tengan la posibilidad de escuchar e intercambiar ideas con acad\u00e9micos de nivel internacional\u201d.<\/p>\n\n\n\n<div class=\"wp-block-image\"><figure class=\"aligncenter size-large is-resized\"><img loading=\"lazy\" src=\"https:\/\/www.uta.cl\/wp-content\/uploads\/2023\/06\/DAF6394-1024x683.jpg\" alt=\"\" class=\"wp-image-46402\" width=\"650\" height=\"433\" srcset=\"https:\/\/www.uta.cl\/wp-content\/uploads\/2023\/06\/DAF6394-1024x683.jpg 1024w, https:\/\/www.uta.cl\/wp-content\/uploads\/2023\/06\/DAF6394-300x200.jpg 300w, https:\/\/www.uta.cl\/wp-content\/uploads\/2023\/06\/DAF6394-768x512.jpg 768w, https:\/\/www.uta.cl\/wp-content\/uploads\/2023\/06\/DAF6394-1536x1025.jpg 1536w, https:\/\/www.uta.cl\/wp-content\/uploads\/2023\/06\/DAF6394.jpg 2048w\" sizes=\"(max-width: 650px) 100vw, 650px\" \/><\/figure><\/div>\n\n\n\n<p>En ese sentido, el decano de la Facultad de Ciencias, \u00c1lvaro Cort\u00ednez, manifest\u00f3 que \u201ceste es un momento in\u00e9dito para nosotros porque ha venido el profesor Nicol\u00e1s Olea, con una gran experiencia en lo que se refiere justamente a los materiales, los elementos que nosotros utilizamos diariamente y que son los que nos est\u00e1n causando da\u00f1o en la salud. Uno de los objetivos principales es dar a conocer estos a los estudiantes, porque son ellos los que tienen que tomar la posta para poder defender justamente la salud p\u00fablica\u201d.<\/p>\n\n\n\n<p>Es as\u00ed como Amaro Cantarero, estudiante de primer a\u00f1o de Tecnolog\u00eda M\u00e9dica en Imagen, valor\u00f3 la organizaci\u00f3n de este tipo de instancias: \u201cArica es una ciudad que est\u00e1 al extremo de Chile y, por s\u00ed, Chile est\u00e1 en el extremo del mundo. Entonces que puedan traer personas de esta calidad que tengan este nivel de estudios nos sirve bastante. Aprendemos muchas cosas que, si no fuera por las comunicaciones que se tienen en la universidad, no podr\u00edamos saber nada de estos temas\u201d.\u00a0<\/p>\n\n\n\n<div class=\"wp-block-image\"><figure class=\"aligncenter size-large is-resized\"><img loading=\"lazy\" src=\"https:\/\/www.uta.cl\/wp-content\/uploads\/2023\/06\/DAF6378-1024x683.jpg\" alt=\"\" class=\"wp-image-46401\" width=\"654\" height=\"435\" srcset=\"https:\/\/www.uta.cl\/wp-content\/uploads\/2023\/06\/DAF6378-1024x683.jpg 1024w, https:\/\/www.uta.cl\/wp-content\/uploads\/2023\/06\/DAF6378-300x200.jpg 300w, https:\/\/www.uta.cl\/wp-content\/uploads\/2023\/06\/DAF6378-768x512.jpg 768w, https:\/\/www.uta.cl\/wp-content\/uploads\/2023\/06\/DAF6378-1536x1025.jpg 1536w, https:\/\/www.uta.cl\/wp-content\/uploads\/2023\/06\/DAF6378.jpg 2048w\" sizes=\"(max-width: 654px) 100vw, 654px\" \/><\/figure><\/div>\n","protected":false},"excerpt":{"rendered":"<p>El doctor en Medicina y Cirug\u00eda por la Universidad de Granada, Nicol\u00e1s Olea, inaugur\u00f3 las VI Jornadas de Biolog\u00eda 2023 con su Conferencia Magistral \u201cDisrupci\u00f3n endocrina &#8211; Disruptores endocrinos: Hormonas en el medioambiente\u201d.<\/p>\n","protected":false},"author":11,"featured_media":46400,"comment_status":"open","ping_status":"open","sticky":false,"template":"","format":"standard","meta":[],"categories":[51],"tags":[],"_links":{"self":[{"href":"https:\/\/www.uta.cl\/index.php\/wp-json\/wp\/v2\/posts\/46399"}],"collection":[{"href":"https:\/\/www.uta.cl\/index.php\/wp-json\/wp\/v2\/posts"}],"about":[{"href":"https:\/\/www.uta.cl\/index.php\/wp-json\/wp\/v2\/types\/post"}],"author":[{"embeddable":true,"href":"https:\/\/www.uta.cl\/index.php\/wp-json\/wp\/v2\/users\/11"}],"replies":[{"embeddable":true,"href":"https:\/\/www.uta.cl\/index.php\/wp-json\/wp\/v2\/comments?post=46399"}],"version-history":[{"count":2,"href":"https:\/\/www.uta.cl\/index.php\/wp-json\/wp\/v2\/posts\/46399\/revisions"}],"predecessor-version":[{"id":46404,"href":"https:\/\/www.uta.cl\/index.php\/wp-json\/wp\/v2\/posts\/46399\/revisions\/46404"}],"wp:featuredmedia":[{"embeddable":true,"href":"https:\/\/www.uta.cl\/index.php\/wp-json\/wp\/v2\/media\/46400"}],"wp:attachment":[{"href":"https:\/\/www.uta.cl\/index.php\/wp-json\/wp\/v2\/media?parent=46399"}],"wp:term":[{"taxonomy":"category","embeddable":true,"href":"https:\/\/www.uta.cl\/index.php\/wp-json\/wp\/v2\/categories?post=46399"},{"taxonomy":"post_tag","embeddable":true,"href":"https:\/\/www.uta.cl\/index.php\/wp-json\/wp\/v2\/tags?post=46399"}],"curies":[{"name":"wp","href":"https:\/\/api.w.org\/{rel}","templated":true}]}}