{"id":46374,"date":"2023-06-21T16:11:00","date_gmt":"2023-06-21T16:11:00","guid":{"rendered":"https:\/\/www.uta.cl\/?p=46374"},"modified":"2023-06-22T04:50:20","modified_gmt":"2023-06-22T04:50:20","slug":"premio-nacional-de-historia-realiza-charla-magistral-en-la-utarapaca","status":"publish","type":"post","link":"https:\/\/www.uta.cl\/index.php\/2023\/06\/21\/premio-nacional-de-historia-realiza-charla-magistral-en-la-utarapaca\/","title":{"rendered":"Premio Nacional de Historia realiz\u00f3 Charla Magistral en la UTarapac\u00e1"},"content":{"rendered":"\n<div class=\"wp-block-image\"><figure class=\"aligncenter size-large\"><img loading=\"lazy\" width=\"1024\" height=\"683\" src=\"https:\/\/www.uta.cl\/wp-content\/uploads\/2023\/06\/DAF6421-2-1024x683.jpg\" alt=\"\" class=\"wp-image-46382\" srcset=\"https:\/\/www.uta.cl\/wp-content\/uploads\/2023\/06\/DAF6421-2-1024x683.jpg 1024w, https:\/\/www.uta.cl\/wp-content\/uploads\/2023\/06\/DAF6421-2-300x200.jpg 300w, https:\/\/www.uta.cl\/wp-content\/uploads\/2023\/06\/DAF6421-2-768x512.jpg 768w, https:\/\/www.uta.cl\/wp-content\/uploads\/2023\/06\/DAF6421-2-1536x1025.jpg 1536w, https:\/\/www.uta.cl\/wp-content\/uploads\/2023\/06\/DAF6421-2.jpg 2048w\" sizes=\"(max-width: 1024px) 100vw, 1024px\" \/><\/figure><\/div>\n\n\n\n<p>Durante el 14, 15 y 16 de junio se realiz\u00f3 la \u201cXX Jornadas de Historia Regional: A 50 a\u00f1os del Golpe de Estado\u201d organizada por el departamento de Ciencias Hist\u00f3ricas y Geogr\u00e1ficas de la Universidad de Tarapac\u00e1, que cont\u00f3 con la conferencia inaugural \u201cVoceros del Apocalipsis, Profetas de la Salvaci\u00f3n:&nbsp; La Historiograf\u00eda Chilena y 1973\u201d dictada por el Premio Nacional de Historia 2022, Dr.&nbsp; Rafael Sagredo Baeza, actividad a la cual asistieron acad\u00e9micos, conferencistas y autoridades universitarias.<\/p>\n\n\n\n<p>\u201cEsta tem\u00e1tica nace de la preocupaci\u00f3n, del est\u00edmulo de vivir una \u00e9poca en que se confunde la historia con la pol\u00edtica, la historia con el activismo pol\u00edtico, la historia con la ideolog\u00eda. Y todo eso desvirtuando y prescindiendo, en mi entender, de las cualidades del conocimiento hist\u00f3rico, como, por ejemplo, el de promover el pensamiento cr\u00edtico esencial para formar la ciudadan\u00eda y fortalecer la democracia\u201d, expuso el acad\u00e9mico Rafael Sagredo.<\/p>\n\n\n\n<p>La actividad cont\u00f3 con la participaci\u00f3n del rector, Emilio Rodr\u00edguez Ponce, quien manifest\u00f3 que, para la Universidad de Tarapac\u00e1, es un honor poder organizar estas Jornadas Regionales de Historia, ya que como entidad de educaci\u00f3n superior que trabaja en el extremo norte del pa\u00eds, estas ocasiones constituyen una gran oportunidad: \u201cHoy d\u00eda tenemos un espacio para reflexionar, para conversar, para compartir ideas, para hacer universidad en un sentido profundo y aut\u00e9ntico. Yo creo que estas jornadas justamente tratan de eso, de poder hacer, construir, crear universidad desde el di\u00e1logo, desde la conversaci\u00f3n y desde la opini\u00f3n de pares\u201d.<\/p>\n\n\n\n<p>Carlos Donoso Rojas, acad\u00e9mico del departamento de Ciencia Hist\u00f3rica y Geogr\u00e1fica, destac\u00f3 la importancia de esta actividad que hab\u00eda sido postergada por la pandemia: \u201cEste es el primer evento masivo que se organiza desde el 2018 y por eso creemos que vino tanta gente. Asentamos 230 ponencias muy buenas, de muy buen est\u00e1ndar y de buena calidad\u201d.<\/p>\n\n\n\n<p>Constanza D\u00edaz Gui\u00f1ez, quien vino desde la Universidad Austral en Valdivia, a presentar su investigaci\u00f3n \u201cDe la Pampa, los Hielos y el Estuario. Oficios, Roles y Movilidades en las Primeras Generaciones de Pobladoras de la Provincia de los Glaciares, Regi\u00f3n de Ays\u00e9n&#8221;, se\u00f1al\u00f3 que \u201cpoder reunirnos y compartir experiencias en este escenario actual me parece interesante para poder, si bien conocer el pasado, conocer tambi\u00e9n el presente a trav\u00e9s del pasado y poder entender ciertos procesos hist\u00f3ricos que est\u00e1n aconteciendo hoy en d\u00eda, que quiz\u00e1s para muchos de nosotros tambi\u00e9n son inusitados respecto al contexto pol\u00edtico en el cual nos encontramos\u201d.<\/p>\n","protected":false},"excerpt":{"rendered":"<p>Con m\u00e1s de 200 ponencias y una gran asistencia se llev\u00f3 a cabo la primera Jornada de Historia Regional desde el inicio de la Pandemia.<\/p>\n","protected":false},"author":11,"featured_media":46382,"comment_status":"open","ping_status":"open","sticky":false,"template":"","format":"standard","meta":[],"categories":[51],"tags":[],"_links":{"self":[{"href":"https:\/\/www.uta.cl\/index.php\/wp-json\/wp\/v2\/posts\/46374"}],"collection":[{"href":"https:\/\/www.uta.cl\/index.php\/wp-json\/wp\/v2\/posts"}],"about":[{"href":"https:\/\/www.uta.cl\/index.php\/wp-json\/wp\/v2\/types\/post"}],"author":[{"embeddable":true,"href":"https:\/\/www.uta.cl\/index.php\/wp-json\/wp\/v2\/users\/11"}],"replies":[{"embeddable":true,"href":"https:\/\/www.uta.cl\/index.php\/wp-json\/wp\/v2\/comments?post=46374"}],"version-history":[{"count":5,"href":"https:\/\/www.uta.cl\/index.php\/wp-json\/wp\/v2\/posts\/46374\/revisions"}],"predecessor-version":[{"id":46384,"href":"https:\/\/www.uta.cl\/index.php\/wp-json\/wp\/v2\/posts\/46374\/revisions\/46384"}],"wp:featuredmedia":[{"embeddable":true,"href":"https:\/\/www.uta.cl\/index.php\/wp-json\/wp\/v2\/media\/46382"}],"wp:attachment":[{"href":"https:\/\/www.uta.cl\/index.php\/wp-json\/wp\/v2\/media?parent=46374"}],"wp:term":[{"taxonomy":"category","embeddable":true,"href":"https:\/\/www.uta.cl\/index.php\/wp-json\/wp\/v2\/categories?post=46374"},{"taxonomy":"post_tag","embeddable":true,"href":"https:\/\/www.uta.cl\/index.php\/wp-json\/wp\/v2\/tags?post=46374"}],"curies":[{"name":"wp","href":"https:\/\/api.w.org\/{rel}","templated":true}]}}