{"id":46345,"date":"2023-06-19T17:06:05","date_gmt":"2023-06-19T17:06:05","guid":{"rendered":"https:\/\/www.uta.cl\/?p=46345"},"modified":"2023-06-19T17:06:05","modified_gmt":"2023-06-19T17:06:05","slug":"mas-de-80-egresados-de-magister-y-doctorado-participaron-en-ceremonia-de-titulacion","status":"publish","type":"post","link":"https:\/\/www.uta.cl\/index.php\/2023\/06\/19\/mas-de-80-egresados-de-magister-y-doctorado-participaron-en-ceremonia-de-titulacion\/","title":{"rendered":"M\u00e1s de 80 egresados de Mag\u00edster y Doctorado participaron en ceremonia de titulaci\u00f3n"},"content":{"rendered":"\n<figure class=\"wp-block-gallery columns-2 is-cropped\"><ul class=\"blocks-gallery-grid\"><li class=\"blocks-gallery-item\"><figure><img loading=\"lazy\" width=\"1024\" height=\"683\" src=\"https:\/\/www.uta.cl\/wp-content\/uploads\/2023\/06\/DAF6362-1024x683.jpg\" alt=\"\" data-id=\"46346\" data-full-url=\"https:\/\/www.uta.cl\/wp-content\/uploads\/2023\/06\/DAF6362.jpg\" data-link=\"https:\/\/www.uta.cl\/?attachment_id=46346\" class=\"wp-image-46346\" srcset=\"https:\/\/www.uta.cl\/wp-content\/uploads\/2023\/06\/DAF6362-1024x683.jpg 1024w, https:\/\/www.uta.cl\/wp-content\/uploads\/2023\/06\/DAF6362-300x200.jpg 300w, https:\/\/www.uta.cl\/wp-content\/uploads\/2023\/06\/DAF6362-768x512.jpg 768w, https:\/\/www.uta.cl\/wp-content\/uploads\/2023\/06\/DAF6362-1536x1025.jpg 1536w, https:\/\/www.uta.cl\/wp-content\/uploads\/2023\/06\/DAF6362.jpg 2048w\" sizes=\"(max-width: 1024px) 100vw, 1024px\" \/><\/figure><\/li><li class=\"blocks-gallery-item\"><figure><img loading=\"lazy\" width=\"1024\" height=\"683\" src=\"https:\/\/www.uta.cl\/wp-content\/uploads\/2023\/06\/DAF6344-1024x683.jpg\" alt=\"\" data-id=\"46347\" data-full-url=\"https:\/\/www.uta.cl\/wp-content\/uploads\/2023\/06\/DAF6344.jpg\" data-link=\"https:\/\/www.uta.cl\/?attachment_id=46347\" class=\"wp-image-46347\" srcset=\"https:\/\/www.uta.cl\/wp-content\/uploads\/2023\/06\/DAF6344-1024x683.jpg 1024w, https:\/\/www.uta.cl\/wp-content\/uploads\/2023\/06\/DAF6344-300x200.jpg 300w, https:\/\/www.uta.cl\/wp-content\/uploads\/2023\/06\/DAF6344-768x512.jpg 768w, https:\/\/www.uta.cl\/wp-content\/uploads\/2023\/06\/DAF6344-1536x1025.jpg 1536w, https:\/\/www.uta.cl\/wp-content\/uploads\/2023\/06\/DAF6344.jpg 2048w\" sizes=\"(max-width: 1024px) 100vw, 1024px\" \/><\/figure><\/li><\/ul><\/figure>\n\n\n\n<p>Ochenta egresados de los programas de Mag\u00edster y tres de Doctorado, pertenecientes a los programas de postgrado de la Facultades de Educaci\u00f3n y Humanidades; Ciencias de la Salud; Administraci\u00f3n y Econom\u00eda; Ciencias Sociales; y Derecho, recibieron sus t\u00edtulos durante la ceremonia realizada el 9 de junio, la primera de tipo presencial desde la pandemia.<\/p>\n\n\n\n<p>Este a\u00f1o se hizo entrega del diploma a los graduados pertenecientes a los programas de Mag\u00edster en Salud P\u00fablica, Salud P\u00fablica Menci\u00f3n Epidemiolog\u00eda, Ciencias de la Comunicaci\u00f3n, Educaci\u00f3n, Did\u00e1ctica para la Educaci\u00f3n Superior, Ciencias de la Motricidad Humana, Gesti\u00f3n y Pol\u00edticas P\u00fablicas, Direcci\u00f3n y Gesti\u00f3n de Empresas (MBA), Antropolog\u00eda, Ciencias Jur\u00eddicas, y del Doctorado en Historia y el de Antropolog\u00eda.<\/p>\n\n\n\n<p>La Vicerrectora Acad\u00e9mica Jenniffer Peralta sostuvo que \u201chemos reconocido el m\u00e9rito y el esfuerzo de mujeres y hombres que han logrado profundizar en su estudio y con eso amplificar las posibilidades de un impacto muy positivo de su quehacer en la regi\u00f3n y en el pa\u00eds\u201d.<\/p>\n\n\n\n<p>A la ceremonia asisti\u00f3 el senador por la regi\u00f3n de Arica y Parinacota, Jos\u00e9 Miguel Durana, quien destac\u00f3 la oportunidad que representa para los j\u00f3venes, que en su propia regi\u00f3n, puedan obtener un grado acad\u00e9mico que permita satisfacer sus aspiraciones personales y profesionales: \u201cesto consolida a una universidad regional que est\u00e1 distante del centralismo y que tiene un cuerpo acad\u00e9mico de profesionales, de doctores, que son capaces de entregar una formaci\u00f3n que permita trabajar directamente en los desaf\u00edos que la regi\u00f3n de Arica y Parinacota tiene\u201d.&nbsp;<\/p>\n\n\n\n<p>Dentro de los hitos m\u00e1s destacados de la jornada se encuentra el egreso de los primeros doctores en Historia de la Universidad. Una de ellas es Rosa Mar\u00eda Vargas, estudiante proveniente de Per\u00fa y ahora doctora en Historia, quien fue becada por el programa de postgrado, reflexion\u00f3 sobre lo que significa conseguir este grado acad\u00e9mico: \u201cPasar a un nivel de doctorado son palabras mayores. Exige mayor responsabilidad, mayor rigor acad\u00e9mico, tambi\u00e9n en el aspecto metodol\u00f3gico, por ejemplo, hay una exigencia mucho mayor, y m\u00e1s a\u00fan cuando uno estudia y trabaja. Yo soy docente universitaria en mi pa\u00eds, en Per\u00fa, Lima. Pero para m\u00ed ha sido muy importante porque en realidad es el resultado del esfuerzo y la constancia tanto m\u00eda como de mi compa\u00f1ero, Lucas Mobert\u201d.<\/p>\n\n\n\n<p>\u201cPara m\u00ed es un honor haber sido parte de este programa de becas y sobre todo de esta universidad, que tiene una proyecci\u00f3n transfronteriza y creo que en ese sentido para m\u00ed es un orgullo ser una de las graduadas\u201c, complement\u00f3 Vargas.<\/p>\n\n\n\n<div class=\"wp-block-image\"><figure class=\"aligncenter size-large is-resized\"><img loading=\"lazy\" src=\"https:\/\/www.uta.cl\/wp-content\/uploads\/2023\/06\/DAF6336-1024x683.jpg\" alt=\"\" class=\"wp-image-46348\" width=\"549\" height=\"366\" srcset=\"https:\/\/www.uta.cl\/wp-content\/uploads\/2023\/06\/DAF6336-1024x683.jpg 1024w, https:\/\/www.uta.cl\/wp-content\/uploads\/2023\/06\/DAF6336-300x200.jpg 300w, https:\/\/www.uta.cl\/wp-content\/uploads\/2023\/06\/DAF6336-768x512.jpg 768w, https:\/\/www.uta.cl\/wp-content\/uploads\/2023\/06\/DAF6336-1536x1025.jpg 1536w, https:\/\/www.uta.cl\/wp-content\/uploads\/2023\/06\/DAF6336.jpg 2048w\" sizes=\"(max-width: 549px) 100vw, 549px\" \/><\/figure><\/div>\n","protected":false},"excerpt":{"rendered":"<p>Se trata de la graduaci\u00f3n de 12 de los programas de educaci\u00f3n continua que tiene la Universidad de Tarapac\u00e1, la primera en modo presencial desde el inicio de la pandemia.<\/p>\n","protected":false},"author":11,"featured_media":46346,"comment_status":"open","ping_status":"open","sticky":false,"template":"","format":"standard","meta":[],"categories":[51],"tags":[],"_links":{"self":[{"href":"https:\/\/www.uta.cl\/index.php\/wp-json\/wp\/v2\/posts\/46345"}],"collection":[{"href":"https:\/\/www.uta.cl\/index.php\/wp-json\/wp\/v2\/posts"}],"about":[{"href":"https:\/\/www.uta.cl\/index.php\/wp-json\/wp\/v2\/types\/post"}],"author":[{"embeddable":true,"href":"https:\/\/www.uta.cl\/index.php\/wp-json\/wp\/v2\/users\/11"}],"replies":[{"embeddable":true,"href":"https:\/\/www.uta.cl\/index.php\/wp-json\/wp\/v2\/comments?post=46345"}],"version-history":[{"count":1,"href":"https:\/\/www.uta.cl\/index.php\/wp-json\/wp\/v2\/posts\/46345\/revisions"}],"predecessor-version":[{"id":46349,"href":"https:\/\/www.uta.cl\/index.php\/wp-json\/wp\/v2\/posts\/46345\/revisions\/46349"}],"wp:featuredmedia":[{"embeddable":true,"href":"https:\/\/www.uta.cl\/index.php\/wp-json\/wp\/v2\/media\/46346"}],"wp:attachment":[{"href":"https:\/\/www.uta.cl\/index.php\/wp-json\/wp\/v2\/media?parent=46345"}],"wp:term":[{"taxonomy":"category","embeddable":true,"href":"https:\/\/www.uta.cl\/index.php\/wp-json\/wp\/v2\/categories?post=46345"},{"taxonomy":"post_tag","embeddable":true,"href":"https:\/\/www.uta.cl\/index.php\/wp-json\/wp\/v2\/tags?post=46345"}],"curies":[{"name":"wp","href":"https:\/\/api.w.org\/{rel}","templated":true}]}}