{"id":46172,"date":"2023-06-07T18:08:42","date_gmt":"2023-06-07T18:08:42","guid":{"rendered":"https:\/\/www.uta.cl\/?p=46172"},"modified":"2023-07-21T16:56:23","modified_gmt":"2023-07-21T16:56:23","slug":"investigacion-en-la-que-participaron-academicos-de-la-uta-concluyo-que-los-humanos-modernos-podrian-haber-heredado-genes-que-determinan-la-altura-de-la-nariz-de-los-neandertales","status":"publish","type":"post","link":"https:\/\/www.uta.cl\/index.php\/2023\/06\/07\/investigacion-en-la-que-participaron-academicos-de-la-uta-concluyo-que-los-humanos-modernos-podrian-haber-heredado-genes-que-determinan-la-altura-de-la-nariz-de-los-neandertales\/","title":{"rendered":"Investigaci\u00f3n en la que participaron acad\u00e9micos de la UTA concluy\u00f3 que los humanos modernos podr\u00edan haber heredado genes que determinan la altura de la nariz de los Neandertales"},"content":{"rendered":"\n<div class=\"wp-block-image\"><figure class=\"aligncenter size-large is-resized\"><img loading=\"lazy\" src=\"https:\/\/www.uta.cl\/wp-content\/uploads\/2023\/06\/IMG-20230607-WA0010.jpg\" alt=\"\" class=\"wp-image-46173\" width=\"574\" height=\"395\" srcset=\"https:\/\/www.uta.cl\/wp-content\/uploads\/2023\/06\/IMG-20230607-WA0010.jpg 869w, https:\/\/www.uta.cl\/wp-content\/uploads\/2023\/06\/IMG-20230607-WA0010-300x207.jpg 300w, https:\/\/www.uta.cl\/wp-content\/uploads\/2023\/06\/IMG-20230607-WA0010-768x529.jpg 768w\" sizes=\"(max-width: 574px) 100vw, 574px\" \/><\/figure><\/div>\n\n\n\n<p>Un estudio internacional en el que participaron dos cient\u00edficos chilenos concluy\u00f3 que los humanos modernos podr\u00edan haber heredado genes que determinan la altura de la nariz de los Neandertales.<\/p>\n\n\n\n<p>En esta investigaci\u00f3n se analizaron los rasgos faciales de m\u00e1s de 6.000 latinoamericanos, entre ellos m\u00e1s de 2.000 chilenos, mediante la marcaci\u00f3n autom\u00e1tica de retratos 2D, poniendo 34 <em>landmarks<\/em> en puntos anat\u00f3micos espec\u00edficos del rostro, por ejemplo, en la punta de la nariz. Y luego, esta informaci\u00f3n que corresponde al fenotipo se cruz\u00f3 con la informaci\u00f3n gen\u00e9tica de los individuos, explic\u00f3 Macarena Fuentes Guajardo, Acad\u00e9mica de la Facultad de Ciencias de la Salud de la Universidad de Tarapac\u00e1.\u00a0<\/p>\n\n\n\n<p>\u201cDetectamos asociaciones estad\u00edsticamente significativas en 42 regiones del genoma, nueve de las cuales ya se hab\u00edan reportado. Luego, se aplicaron los mismos an\u00e1lisis en otras poblaciones para replicar los hallazgos, y 26 de las 33 nuevas regiones se replicaron en asi\u00e1ticos orientales, europeos o africanos, y adem\u00e1s se comprob\u00f3 en un modelo animal (rat\u00f3n) que una regi\u00f3n hom\u00f3loga a una de las encontradas en este estudio influye en la morfolog\u00eda craneofacial de estos animales\u201d, detall\u00f3 Fuentes.<\/p>\n\n\n\n<p>De estudios anteriores, indic\u00f3, se sab\u00eda que una regi\u00f3n en el cromosoma uno presenta introgresi\u00f3n (movimiento de genes de una especie a otra) de los neandertales, \u201cy como nosotros encontramos asociaciones gen\u00e9ticas entre esta regi\u00f3n y medidas relacionadas con el largo de la zona media de la cara, revisamos si en la muestra de latinos se presentaba este fragmento de introgresi\u00f3n. Efectivamente, s\u00ed estaba presente y est\u00e1 asociada con el aumento de la altura nasal (de acuerdo con la diferenciaci\u00f3n entre los neandertales y los humanos modernos)\u201d.<\/p>\n\n\n\n<p>Esto, acot\u00f3 la especialista en gen\u00e9tica humana, permiti\u00f3 concluir que \u201clos humanos modernos podr\u00edan haber heredado genes que determinan la altura de la nariz de los Neandertales\u201d.<strong>&nbsp;<\/strong><\/p>\n","protected":false},"excerpt":{"rendered":"<p>El trabajo, en el que participaron los profesores Macarena Fuentes Guajardo y Francisco Rothhammer fue publicado en la revista Communications Biology.<\/p>\n","protected":false},"author":11,"featured_media":46173,"comment_status":"open","ping_status":"open","sticky":false,"template":"","format":"standard","meta":[],"categories":[84,34],"tags":[],"_links":{"self":[{"href":"https:\/\/www.uta.cl\/index.php\/wp-json\/wp\/v2\/posts\/46172"}],"collection":[{"href":"https:\/\/www.uta.cl\/index.php\/wp-json\/wp\/v2\/posts"}],"about":[{"href":"https:\/\/www.uta.cl\/index.php\/wp-json\/wp\/v2\/types\/post"}],"author":[{"embeddable":true,"href":"https:\/\/www.uta.cl\/index.php\/wp-json\/wp\/v2\/users\/11"}],"replies":[{"embeddable":true,"href":"https:\/\/www.uta.cl\/index.php\/wp-json\/wp\/v2\/comments?post=46172"}],"version-history":[{"count":3,"href":"https:\/\/www.uta.cl\/index.php\/wp-json\/wp\/v2\/posts\/46172\/revisions"}],"predecessor-version":[{"id":46176,"href":"https:\/\/www.uta.cl\/index.php\/wp-json\/wp\/v2\/posts\/46172\/revisions\/46176"}],"wp:featuredmedia":[{"embeddable":true,"href":"https:\/\/www.uta.cl\/index.php\/wp-json\/wp\/v2\/media\/46173"}],"wp:attachment":[{"href":"https:\/\/www.uta.cl\/index.php\/wp-json\/wp\/v2\/media?parent=46172"}],"wp:term":[{"taxonomy":"category","embeddable":true,"href":"https:\/\/www.uta.cl\/index.php\/wp-json\/wp\/v2\/categories?post=46172"},{"taxonomy":"post_tag","embeddable":true,"href":"https:\/\/www.uta.cl\/index.php\/wp-json\/wp\/v2\/tags?post=46172"}],"curies":[{"name":"wp","href":"https:\/\/api.w.org\/{rel}","templated":true}]}}