{"id":45993,"date":"2023-05-29T13:22:49","date_gmt":"2023-05-29T13:22:49","guid":{"rendered":"https:\/\/www.uta.cl\/?p=45993"},"modified":"2023-05-29T13:22:49","modified_gmt":"2023-05-29T13:22:49","slug":"universidad-de-tarapaca-y-bhp-firman-convenio-de-colaboracion-para-el-desarrollo-de-proyectos-en-la-region-de-arica-y-parinacota","status":"publish","type":"post","link":"https:\/\/www.uta.cl\/index.php\/2023\/05\/29\/universidad-de-tarapaca-y-bhp-firman-convenio-de-colaboracion-para-el-desarrollo-de-proyectos-en-la-region-de-arica-y-parinacota\/","title":{"rendered":"Universidad de Tarapac\u00e1 y BHP firman convenio de colaboraci\u00f3n para el desarrollo de proyectos en la Regi\u00f3n de Arica y Parinacota"},"content":{"rendered":"\n<figure class=\"wp-block-gallery columns-2 is-cropped\"><ul class=\"blocks-gallery-grid\"><li class=\"blocks-gallery-item\"><figure><img loading=\"lazy\" width=\"1024\" height=\"683\" src=\"https:\/\/www.uta.cl\/wp-content\/uploads\/2023\/05\/DAF5623-1-1024x683.jpg\" alt=\"\" data-id=\"45996\" data-full-url=\"https:\/\/www.uta.cl\/wp-content\/uploads\/2023\/05\/DAF5623-1.jpg\" data-link=\"https:\/\/www.uta.cl\/?attachment_id=45996\" class=\"wp-image-45996\" srcset=\"https:\/\/www.uta.cl\/wp-content\/uploads\/2023\/05\/DAF5623-1-1024x683.jpg 1024w, https:\/\/www.uta.cl\/wp-content\/uploads\/2023\/05\/DAF5623-1-300x200.jpg 300w, https:\/\/www.uta.cl\/wp-content\/uploads\/2023\/05\/DAF5623-1-768x512.jpg 768w, https:\/\/www.uta.cl\/wp-content\/uploads\/2023\/05\/DAF5623-1-1536x1024.jpg 1536w, https:\/\/www.uta.cl\/wp-content\/uploads\/2023\/05\/DAF5623-1.jpg 2048w\" sizes=\"(max-width: 1024px) 100vw, 1024px\" \/><\/figure><\/li><li class=\"blocks-gallery-item\"><figure><img loading=\"lazy\" width=\"1024\" height=\"683\" src=\"https:\/\/www.uta.cl\/wp-content\/uploads\/2023\/05\/DAF5637-1-1024x683.jpg\" alt=\"\" data-id=\"45995\" data-full-url=\"https:\/\/www.uta.cl\/wp-content\/uploads\/2023\/05\/DAF5637-1.jpg\" data-link=\"https:\/\/www.uta.cl\/?attachment_id=45995\" class=\"wp-image-45995\" srcset=\"https:\/\/www.uta.cl\/wp-content\/uploads\/2023\/05\/DAF5637-1-1024x683.jpg 1024w, https:\/\/www.uta.cl\/wp-content\/uploads\/2023\/05\/DAF5637-1-300x200.jpg 300w, https:\/\/www.uta.cl\/wp-content\/uploads\/2023\/05\/DAF5637-1-768x512.jpg 768w, https:\/\/www.uta.cl\/wp-content\/uploads\/2023\/05\/DAF5637-1-1536x1025.jpg 1536w, https:\/\/www.uta.cl\/wp-content\/uploads\/2023\/05\/DAF5637-1.jpg 2048w\" sizes=\"(max-width: 1024px) 100vw, 1024px\" \/><\/figure><\/li><\/ul><\/figure>\n\n\n\n<p>La Universidad de Tarapac\u00e1 oficializ\u00f3 un convenio de colaboraci\u00f3n con BHP, firmado por la rectora (s) Jennifer Peralta y la ejecutiva de BHP, Christine Rainaud. Esta alianza permitir\u00e1 el desarrollo de proyectos de econom\u00eda circular, empoderamiento productivo, patrimonio cultural y formaci\u00f3n de capital humano de las comunidades de la Regi\u00f3n de Arica y Parinacota.&nbsp;<\/p>\n\n\n\n<p>El objetivo del convenio de colaboraci\u00f3n es el desarrollo de una alianza entre ambas instituciones, con el fin de contribuir con el empoderamiento productivo de las comunidades ind\u00edgenas y rurales de la Regi\u00f3n de Arica y Parinacota y en su desarrollo sostenible, por medio de acciones de fortalecimiento que tengan como centro a la comunidad, comunidad universitaria y estudiantil, generando instancias conjuntas de participaci\u00f3n, capacitaci\u00f3n, educaci\u00f3n e informaci\u00f3n.<\/p>\n\n\n\n<p>Tras la firma del convenio, se sostuvieron reuniones con el director general de Investigaci\u00f3n e Innovaci\u00f3n (DGII), Rodrigo Ferrer, quien se\u00f1al\u00f3 que esta colaboraci\u00f3n \u201cnos abre una serie de oportunidades para desarrollar investigaci\u00f3n aplicada en los territorios y transferir a la comunidad una serie de beneficios con las tecnolog\u00edas que desarrollamos en la universidad, para apoyar a que las comunidades cuenten con mayor autonom\u00eda, productividad y, por lo tanto, con mayores oportunidades\u201d.<\/p>\n\n\n\n<p>En esta misma l\u00ednea, Paulina Machuca, superintendenta de Asuntos Corporativos de BHP, indic\u00f3 que \u201cpara la compa\u00f1\u00eda es muy relevante impulsar este tipo de alianzas, ya que nos permiten apoyar el desarrollo de proyectos innovadores, fortalecer los lazos con instituciones educativas y nos abren la posibilidad de seguir generando Valor Social en las zonas en las que tenemos presencia\u201d.<\/p>\n\n\n\n<p>El primer proyecto que se ejecutar\u00e1 producto de esta colaboraci\u00f3n es un \u201cSistema Acuip\u00f3nico para el Poblado de Camarones: Mejoramiento de la calidad de agua para una mayor diversificaci\u00f3n de cultivos de hortalizas\u201d, desarrollado por el laboratorio de Investigaciones Medioambientales de Zonas \u00c1ridas (LIMZA), de la Universidad de Tarapac\u00e1.<\/p>\n\n\n\n<p>Sobre esta iniciativa, el director Rodrigo Ferrer indic\u00f3 que \u201cestamos iniciando esta colaboraci\u00f3n con un proyecto piloto que consiste en el desarrollo de hidropon\u00eda para el cultivo de hortalizas y vegetales dentro de un proceso de econom\u00eda circular (&#8230;) esto nos permite ofrecer a la Comuna de Camarones y a la cooperativa que agrupa a la gente en torno a la acuicultura, un complemento para obtener autonom\u00eda alimentaria e incrementar la rentabilidad y competitividad de su producci\u00f3n\u201d.<\/p>\n\n\n\n<p><\/p>\n\n\n\n<div class=\"wp-block-image\"><figure class=\"aligncenter size-large is-resized\"><img loading=\"lazy\" src=\"https:\/\/www.uta.cl\/wp-content\/uploads\/2023\/05\/DAF5621-1-1024x683.jpg\" alt=\"\" class=\"wp-image-45994\" width=\"649\" height=\"432\" srcset=\"https:\/\/www.uta.cl\/wp-content\/uploads\/2023\/05\/DAF5621-1-1024x683.jpg 1024w, https:\/\/www.uta.cl\/wp-content\/uploads\/2023\/05\/DAF5621-1-300x200.jpg 300w, https:\/\/www.uta.cl\/wp-content\/uploads\/2023\/05\/DAF5621-1-768x512.jpg 768w, https:\/\/www.uta.cl\/wp-content\/uploads\/2023\/05\/DAF5621-1-1536x1025.jpg 1536w, https:\/\/www.uta.cl\/wp-content\/uploads\/2023\/05\/DAF5621-1.jpg 2048w\" sizes=\"(max-width: 649px) 100vw, 649px\" \/><\/figure><\/div>\n","protected":false},"excerpt":{"rendered":"<p>La alianza entre ambas instituciones busca contribuir con el empoderamiento productivo de las comunidades ind\u00edgenas y rurales de la Regi\u00f3n de Arica y Parinacota.<\/p>\n","protected":false},"author":11,"featured_media":45996,"comment_status":"open","ping_status":"open","sticky":false,"template":"","format":"standard","meta":[],"categories":[51],"tags":[],"_links":{"self":[{"href":"https:\/\/www.uta.cl\/index.php\/wp-json\/wp\/v2\/posts\/45993"}],"collection":[{"href":"https:\/\/www.uta.cl\/index.php\/wp-json\/wp\/v2\/posts"}],"about":[{"href":"https:\/\/www.uta.cl\/index.php\/wp-json\/wp\/v2\/types\/post"}],"author":[{"embeddable":true,"href":"https:\/\/www.uta.cl\/index.php\/wp-json\/wp\/v2\/users\/11"}],"replies":[{"embeddable":true,"href":"https:\/\/www.uta.cl\/index.php\/wp-json\/wp\/v2\/comments?post=45993"}],"version-history":[{"count":2,"href":"https:\/\/www.uta.cl\/index.php\/wp-json\/wp\/v2\/posts\/45993\/revisions"}],"predecessor-version":[{"id":45998,"href":"https:\/\/www.uta.cl\/index.php\/wp-json\/wp\/v2\/posts\/45993\/revisions\/45998"}],"wp:featuredmedia":[{"embeddable":true,"href":"https:\/\/www.uta.cl\/index.php\/wp-json\/wp\/v2\/media\/45996"}],"wp:attachment":[{"href":"https:\/\/www.uta.cl\/index.php\/wp-json\/wp\/v2\/media?parent=45993"}],"wp:term":[{"taxonomy":"category","embeddable":true,"href":"https:\/\/www.uta.cl\/index.php\/wp-json\/wp\/v2\/categories?post=45993"},{"taxonomy":"post_tag","embeddable":true,"href":"https:\/\/www.uta.cl\/index.php\/wp-json\/wp\/v2\/tags?post=45993"}],"curies":[{"name":"wp","href":"https:\/\/api.w.org\/{rel}","templated":true}]}}