{"id":45460,"date":"2023-05-08T19:08:19","date_gmt":"2023-05-08T19:08:19","guid":{"rendered":"https:\/\/www.uta.cl\/?p=45460"},"modified":"2023-05-08T19:09:31","modified_gmt":"2023-05-08T19:09:31","slug":"lanzan-primera-version-del-concurso-de-innovacion-y-emprendimiento-para-estudiantes-de-uta-y-cft-estatal-de-arica-y-parinacota","status":"publish","type":"post","link":"https:\/\/www.uta.cl\/index.php\/2023\/05\/08\/lanzan-primera-version-del-concurso-de-innovacion-y-emprendimiento-para-estudiantes-de-uta-y-cft-estatal-de-arica-y-parinacota\/","title":{"rendered":"Lanzan primera versi\u00f3n del concurso de Innovaci\u00f3n y Emprendimiento para estudiantes de UTA y CFT Estatal de Arica y Parinacota"},"content":{"rendered":"<p><img loading=\"lazy\" class=\"aligncenter wp-image-45461 size-large\" src=\"https:\/\/www.uta.cl\/wp-content\/uploads\/2023\/05\/DAF4958-1024x683.jpg\" alt=\"\" width=\"1024\" height=\"683\" srcset=\"https:\/\/www.uta.cl\/wp-content\/uploads\/2023\/05\/DAF4958-1024x683.jpg 1024w, https:\/\/www.uta.cl\/wp-content\/uploads\/2023\/05\/DAF4958-300x200.jpg 300w, https:\/\/www.uta.cl\/wp-content\/uploads\/2023\/05\/DAF4958-768x512.jpg 768w, https:\/\/www.uta.cl\/wp-content\/uploads\/2023\/05\/DAF4958-1536x1025.jpg 1536w, https:\/\/www.uta.cl\/wp-content\/uploads\/2023\/05\/DAF4958.jpg 2000w\" sizes=\"(max-width: 1024px) 100vw, 1024px\" \/><\/p>\n<p><span style=\"font-weight: 400;\">Con el objetivo de promover una cultura de emprendimiento e innovaci\u00f3n a nivel regional, se llev\u00f3 a cabo el Primer Seminario Regional <\/span><span style=\"font-weight: 400;\">\u201cDesaf\u00edos de las instituciones de Educaci\u00f3n Superior para el desarrollo del emprendimiento y la innovaci\u00f3n en la Regi\u00f3n de Arica y Parinacota\u201d<\/span><span style=\"font-weight: 400;\">, en el que participaron estudiantes y acad\u00e9micos como agentes clave para el desarrollo de emprendimientos regionales.\u00a0<\/span><\/p>\n<p><span style=\"font-weight: 400;\">Tanto la convocatoria y el seminario se realizaron en el marco del proyecto \u201cIncubadora de Educaci\u00f3n Superior para emprendimientos innovadores en la Regi\u00f3n de Arica y Parinacota\u201d, iniciativa que lleva a cabo la Universidad de Santiago de Chile (USACH), en conjunto con la Universidad de Tarapac\u00e1 (UTA) y el Centro de Formaci\u00f3n T\u00e9cnica Estatal de Arica y Parinacota (CFT), y que es financiada por el Fondo de Innovaci\u00f3n y Competitividad (FIC) del Gobierno Regional de Arica y Parinacota.<\/span><\/p>\n<p><span style=\"font-weight: 400;\">Como parte de esta iniciativa, se lanz\u00f3 el Primer Concurso de Ideas de Emprendimientos Innovadores, denominado \u201cInnovar para la Regi\u00f3n Despega UTA &#8211; CFT Estatal\u201d, basado en la experiencia y metodolog\u00eda del Concurso Despega USACH, a cargo de la incubadora de negocios INNOVO USACH, que busca fortalecer a los estudiantes y fomentar su participaci\u00f3n en el desarrollo de negocios e innovaci\u00f3n.<\/span><\/p>\n<p><span style=\"font-weight: 400;\">El Gobernador Regional, Jorge D\u00edaz Ibarra, quien entreg\u00f3 las palabras de bienvenida, se\u00f1al\u00f3 que\u00a0 &#8220;los ciclos de charlas del proyecto FIC que ejecuta la Universidad de Santiago de Chile en la regi\u00f3n, en alianza estrat\u00e9gica con la Universidad de Tarapac\u00e1 y el CFT Estatal, para iniciar el FIC de incubadora para emprendimientos, son importantes para fortalecer a los estudiantes\u201d.\u00a0<\/span><\/p>\n<p><span style=\"font-weight: 400;\">El director del proyecto FIC, V\u00edctor Caro Castro, destac\u00f3 que la iniciativa es innovadora en s\u00ed misma, ya que \u201cno s\u00f3lo re\u00fane la experiencia de la Universidad de Santiago, sino que la pone a disposici\u00f3n tanto de la Universidad de Tarapac\u00e1 como del CFT Estatal. Y esa combinaci\u00f3n es una innovaci\u00f3n en s\u00ed misma, es algo que nosotros esperamos que traiga r\u00e9ditos en la innovaci\u00f3n y emprendimiento de la regi\u00f3n\u201d.<\/span><\/p>\n<p><span style=\"font-weight: 400;\">Por su parte, el decano de la Facultad de Administraci\u00f3n y Econom\u00eda de la UTA, Luis Mella Salinas, destac\u00f3 que este proyecto fortalece la relaci\u00f3n entre ambas instituciones ya que \u201cviene a consolidar una relaci\u00f3n que la UTA viene desarrollando con la Universidad de Santiago desde hace un tiempo. Como Facultad ya hab\u00edamos tenido experiencia compartiendo trabajos de capacitaci\u00f3n y perfeccionamiento en la regi\u00f3n y ahora este proyecto viene a fortalecer ese v\u00ednculo\u201d.<\/span><\/p>\n<p><span style=\"font-weight: 400;\">Para los estudiantes, estas actividades son importantes porque les permite informarse sobre temas relevantes y sentirse incluidos en el proyecto. Fernanda Pozo, estudiante de la carrera de Ingenier\u00eda en Control de Gesti\u00f3n, expres\u00f3 que \u201ceste tipo de actividades ayudan de forma positiva a informarte de cosas que en el fondo no siempre se saben\u201d.<\/span><\/p>\n<p><span style=\"font-weight: 400;\">Conoce las bases y convocatoria de Despega UTA &#8211; CFT Estatal <\/span><strong><a href=\"https:\/\/incubadora.uta.cl\/\">aqu\u00ed<\/a><\/strong><span style=\"font-weight: 400;\">.<\/span><\/p>\n<div id='gallery-1' class='gallery galleryid-45460 gallery-columns-2 gallery-size-large'><figure class='gallery-item'>\n\t\t\t<div class='gallery-icon landscape'>\n\t\t\t\t<a href='https:\/\/www.uta.cl\/index.php\/2023\/05\/08\/lanzan-primera-version-del-concurso-de-innovacion-y-emprendimiento-para-estudiantes-de-uta-y-cft-estatal-de-arica-y-parinacota\/_daf4935\/'><img width=\"1024\" height=\"683\" src=\"https:\/\/www.uta.cl\/wp-content\/uploads\/2023\/05\/DAF4935-1024x683.jpg\" class=\"attachment-large size-large\" alt=\"\" loading=\"lazy\" srcset=\"https:\/\/www.uta.cl\/wp-content\/uploads\/2023\/05\/DAF4935-1024x683.jpg 1024w, https:\/\/www.uta.cl\/wp-content\/uploads\/2023\/05\/DAF4935-300x200.jpg 300w, https:\/\/www.uta.cl\/wp-content\/uploads\/2023\/05\/DAF4935-768x512.jpg 768w, https:\/\/www.uta.cl\/wp-content\/uploads\/2023\/05\/DAF4935-1536x1025.jpg 1536w, https:\/\/www.uta.cl\/wp-content\/uploads\/2023\/05\/DAF4935.jpg 2000w\" sizes=\"(max-width: 1024px) 100vw, 1024px\" \/><\/a>\n\t\t\t<\/div><\/figure><figure class='gallery-item'>\n\t\t\t<div class='gallery-icon landscape'>\n\t\t\t\t<a href='https:\/\/www.uta.cl\/index.php\/2023\/05\/08\/lanzan-primera-version-del-concurso-de-innovacion-y-emprendimiento-para-estudiantes-de-uta-y-cft-estatal-de-arica-y-parinacota\/_daf4961\/'><img width=\"1024\" height=\"683\" src=\"https:\/\/www.uta.cl\/wp-content\/uploads\/2023\/05\/DAF4961-1024x683.jpg\" class=\"attachment-large size-large\" alt=\"\" loading=\"lazy\" srcset=\"https:\/\/www.uta.cl\/wp-content\/uploads\/2023\/05\/DAF4961-1024x683.jpg 1024w, https:\/\/www.uta.cl\/wp-content\/uploads\/2023\/05\/DAF4961-300x200.jpg 300w, https:\/\/www.uta.cl\/wp-content\/uploads\/2023\/05\/DAF4961-768x512.jpg 768w, https:\/\/www.uta.cl\/wp-content\/uploads\/2023\/05\/DAF4961-1536x1025.jpg 1536w, https:\/\/www.uta.cl\/wp-content\/uploads\/2023\/05\/DAF4961.jpg 2000w\" sizes=\"(max-width: 1024px) 100vw, 1024px\" \/><\/a>\n\t\t\t<\/div><\/figure>\n\t\t<\/div>\n\n","protected":false},"excerpt":{"rendered":"<p>La publicaci\u00f3n del concurso \u201cInnovar para la Regi\u00f3n Despega UTA &#8211; CFT Estatal\u201d se llev\u00f3 a cabo en el Primer Seminario Regional del proyecto FIC: \u201cIncubadora para Educaci\u00f3n Terciaria de Emprendimientos Innovadores para la Regi\u00f3n de Arica y Parinacota\u201d.<\/p>\n","protected":false},"author":11,"featured_media":45461,"comment_status":"open","ping_status":"open","sticky":false,"template":"","format":"standard","meta":[],"categories":[51],"tags":[],"_links":{"self":[{"href":"https:\/\/www.uta.cl\/index.php\/wp-json\/wp\/v2\/posts\/45460"}],"collection":[{"href":"https:\/\/www.uta.cl\/index.php\/wp-json\/wp\/v2\/posts"}],"about":[{"href":"https:\/\/www.uta.cl\/index.php\/wp-json\/wp\/v2\/types\/post"}],"author":[{"embeddable":true,"href":"https:\/\/www.uta.cl\/index.php\/wp-json\/wp\/v2\/users\/11"}],"replies":[{"embeddable":true,"href":"https:\/\/www.uta.cl\/index.php\/wp-json\/wp\/v2\/comments?post=45460"}],"version-history":[{"count":3,"href":"https:\/\/www.uta.cl\/index.php\/wp-json\/wp\/v2\/posts\/45460\/revisions"}],"predecessor-version":[{"id":45465,"href":"https:\/\/www.uta.cl\/index.php\/wp-json\/wp\/v2\/posts\/45460\/revisions\/45465"}],"wp:featuredmedia":[{"embeddable":true,"href":"https:\/\/www.uta.cl\/index.php\/wp-json\/wp\/v2\/media\/45461"}],"wp:attachment":[{"href":"https:\/\/www.uta.cl\/index.php\/wp-json\/wp\/v2\/media?parent=45460"}],"wp:term":[{"taxonomy":"category","embeddable":true,"href":"https:\/\/www.uta.cl\/index.php\/wp-json\/wp\/v2\/categories?post=45460"},{"taxonomy":"post_tag","embeddable":true,"href":"https:\/\/www.uta.cl\/index.php\/wp-json\/wp\/v2\/tags?post=45460"}],"curies":[{"name":"wp","href":"https:\/\/api.w.org\/{rel}","templated":true}]}}