{"id":45385,"date":"2023-04-27T23:18:24","date_gmt":"2023-04-27T23:18:24","guid":{"rendered":"https:\/\/www.uta.cl\/?p=45385"},"modified":"2023-04-28T15:58:40","modified_gmt":"2023-04-28T15:58:40","slug":"universidades-de-la-frontera-chile-peru-se-organizan-para-abordar-temas-de-educacion-intercultural-en-contextos-de-migraciones","status":"publish","type":"post","link":"https:\/\/www.uta.cl\/index.php\/2023\/04\/27\/universidades-de-la-frontera-chile-peru-se-organizan-para-abordar-temas-de-educacion-intercultural-en-contextos-de-migraciones\/","title":{"rendered":"Universidades de la frontera Chile-Per\u00fa se organizan para abordar temas de educaci\u00f3n Intercultural en contextos de migraciones"},"content":{"rendered":"<figure id=\"attachment_45387\" aria-describedby=\"caption-attachment-45387\" style=\"width: 1024px\" class=\"wp-caption aligncenter\"><img loading=\"lazy\" class=\"wp-image-45387 size-large\" src=\"https:\/\/www.uta.cl\/wp-content\/uploads\/2023\/04\/DAF4906-1024x683.jpg\" alt=\"La actividad cont\u00f3 con la Charla Magistral de la acad\u00e9mica Mar\u00eda Emilia Tijoux.\" width=\"1024\" height=\"683\" srcset=\"https:\/\/www.uta.cl\/wp-content\/uploads\/2023\/04\/DAF4906-1024x683.jpg 1024w, https:\/\/www.uta.cl\/wp-content\/uploads\/2023\/04\/DAF4906-300x200.jpg 300w, https:\/\/www.uta.cl\/wp-content\/uploads\/2023\/04\/DAF4906-768x512.jpg 768w, https:\/\/www.uta.cl\/wp-content\/uploads\/2023\/04\/DAF4906-1536x1025.jpg 1536w, https:\/\/www.uta.cl\/wp-content\/uploads\/2023\/04\/DAF4906.jpg 2000w\" sizes=\"(max-width: 1024px) 100vw, 1024px\" \/><figcaption id=\"caption-attachment-45387\" class=\"wp-caption-text\">La actividad cont\u00f3 con la Charla Magistral de la Acad\u00e9mica Mar\u00eda Emilia Tijoux.<\/figcaption><\/figure>\n<p>&nbsp;<\/p>\n<p><span style=\"font-weight: 400;\">El viernes 21 de abril, se di\u00f3 inicio al ciclo de seminarios sobre educaci\u00f3n intercultural, migraciones y fronteras, que busca contribuir a la formaci\u00f3n de estudiantes de postgrado de la Macro Zona Centro Sur Andina y propiciar una agenda colaborativa entre investigadores en etapas tempranas de su carrera. La instancia es organizada por los programas de Doctorado de Educaci\u00f3n, el Doctorado en Ciencias Sociales, ambos de la Universidad de Tarapac\u00e1 (UTA), y el Doctorado en Educaci\u00f3n con menci\u00f3n en Gesti\u00f3n Educativa de\u00a0 la Universidad Privada de Tacna (<\/span><a href=\"https:\/\/doctoradoeducacion.uta.cl\/nucleo-educacion-intercultural\/\"><span style=\"font-weight: 400;\">ver m\u00e1s aqu\u00ed<\/span><\/a><span style=\"font-weight: 400;\">).\u00a0<\/span><\/p>\n<p><span style=\"font-weight: 400;\">La actividad comenz\u00f3 con palabras de bienvenida del Seremi de Educaci\u00f3n de Arica y Parinacota, Francisco Valcarce Llancapich\u00fan, quien enfatiz\u00f3 la importancia de generar di\u00e1logos entre actores de los dos pa\u00edses en un momento de crisis migratoria, cuando hay un grupo de personas estancadas en la frontera, junto a las palabras del<\/span><span style=\"font-weight: 400;\"> director de Internacionalizaci\u00f3n de la UTA, Sergio Medina, quien destac\u00f3 la perspectiva transfronteriza generada al alero de los Programas de Doctorado en Educaci\u00f3n y Ciencias Sociales.\u00a0<\/span><\/p>\n<p><span style=\"font-weight: 400;\">Seguidamente, la actividad continu\u00f3 con la exhibici\u00f3n del documental Caminatas Constituyentes \u201cLos Pasos del Migrante\u201d y un conversatorio de la Dra. Carolina Stefoni y el Dr. Ra\u00fal Bustos. El documental -una coproducci\u00f3n de COES y el Instituto Franc\u00e9s de Chile- muestra un recorrido hist\u00f3rico de los movimientos migratorios de las regiones de Tarapac\u00e1 y Arica y Parinacota, y da cuenta del creciente racismo que se ha instalado en el pa\u00eds en contra de la poblaci\u00f3n migrante\u00a0 (ver documental<\/span><a href=\"https:\/\/www.caminatasconstituyentes.com\/migraci%C3%B3n\"><span style=\"font-weight: 400;\"> aqu\u00ed<\/span><\/a><span style=\"font-weight: 400;\">).\u00a0<\/span><\/p>\n<p><span style=\"font-weight: 400;\">La Dra. Carolina Stefoni, directora del Doctorado de Ciencias Sociales, y el Dr. Ra\u00fal Bustos, director del Doctorado de Educaci\u00f3n, enfatizaron el rol de la educaci\u00f3n intercultural en un contexto pa\u00eds en que el discurso racista permea las instituciones sociales. \u201cTenemos que volver a la educaci\u00f3n profunda, al contenido y pr\u00e1cticas que nos permitan reconocernos y respetarnos en nuestras diferencias\u201d, coment\u00f3 el profesor Bustos.\u00a0<\/span><\/p>\n<p><span style=\"font-weight: 400;\">Posteriormente, la acad\u00e9mica Mar\u00eda Emilia Tijoux de la Universidad de Chile, dict\u00f3 la Charla Magistral: \u201cEl sufrimiento de las familias provenientes de la migraci\u00f3n\u201d. La acad\u00e9mica hizo \u00e9nfasis en los procesos de-subjetivaci\u00f3n y racismo al que est\u00e1n expuestos las personas migrantes. \u201cDejamos de verlos como personas. Por eso cuando hablamos de las condiciones de vida de la poblaci\u00f3n migrante, tenemos que mirar la estructura racista que permea nuestras relaciones sociales\u201d.<\/span><\/p>\n<p><span style=\"font-weight: 400;\">Al finalizar su presentaci\u00f3n,\u00a0 la Dra. Tijoux agradeci\u00f3 especialmente al Doctorado en Educaci\u00f3n de la Universidad de Tarapac\u00e1 por coordinar esta actividad: \u201cAgradezco much\u00edsimo encontrarme con estudiantes, con colegas, tanto chilenos como de la Universidad Privada de Tacna. Creo que con lo que vivimos hoy en d\u00eda la posibilidad de vincularse es un tremendo desaf\u00edo\u201d.<\/span><\/p>\n<p><span style=\"font-weight: 400;\">Por su parte, Roxana Chiappa, una de las organizadoras del evento, manifest\u00f3 su satisfacci\u00f3n por la alta convocatoria y receptividad en la comunidad acad\u00e9mica de la macro zona andina. \u201cEstamos muy contentos de haber tenido la sala casi llena un viernes por la tarde con otras decenas de personas sigui\u00e9ndonos online. Para quienes participamos de este n\u00facleo, hablar de interculturalidad en la frontera de Arica y Tacna nos da la posibilidad de materializar lo que en la academia llamamos la construcci\u00f3n de conocimiento situado. Hoy m\u00e1s que nunca, en un escenario pa\u00eds tan dividido, es fundamental\u00a0 problematizar los significados de la educaci\u00f3n intercultural para contrarrestar el racismo contra la poblaci\u00f3n migrante que crece a ambos lados de la frontera\u201d.\u00a0<\/span><\/p>\n<p><span style=\"font-weight: 400;\">Por otro lado, <\/span><span style=\"font-weight: 400;\">el acad\u00e9mico de la Universidad Privada de Tacna,\u00a0 Ricardo Jim\u00e9nez Palacios, co-organizador del evento, recalc\u00f3 el esp\u00edritu colaborativo del espacio. \u201cLa idea es que puedan haber intercambios acad\u00e9micos, tan pr\u00f3ximos como lo es Tacna y Arica. Ambas ciudades comparten muchas cosas cotidianas, pero lo que al parecer no hay, es una reflexi\u00f3n conjunta de esta cotidianidad de la frontera. Entonces lo que venimos coordinando desde el a\u00f1o pasado es precisamente generar una instancia sostenida de intercambio acad\u00e9mico\u201d. La realizaci\u00f3n de este evento congreg\u00f3 a 19 acad\u00e9micos y estudiantes de la Universidad Privada de Tacna y de la Universidad Nacional J<\/span><span style=\"font-weight: 400;\">orge Basadre Grohmann, quienes participaron del evento y compartieron con las y los estudiantes de la Universidad de Tarapac\u00e1.\u00a0<\/span><\/p>\n<p><span style=\"font-weight: 400;\">El grupo de estudios y ciclo de seminarios recibe el apoyo financiero del proyecto ANID\/86220010. Fortalecimiento de la internacionalizaci\u00f3n del Programa de Doctorado en Educaci\u00f3n de la Universidad de Tarapac\u00e1, en el \u00e1rea Centro Sur Andina. Ambas iniciativas son patrocinadas por el Centros de Estudios del Conflicto y la Cohesi\u00f3n Social, el proyecto Milenio Migra, y el grupo de Investigaci\u00f3n Interdisciplinaria en Gesti\u00f3n de la Educaci\u00f3n de Calidad (GESCAL).\u00a0<\/span><\/p>\n<p><b>Pr\u00f3ximas sesiones\u00a0<\/b><\/p>\n<p><span style=\"font-weight: 400;\">El pr\u00f3ximo 18 de mayo, Gunther Dietz, acad\u00e9mico de la Universidad Veracruzana y una voz autorizada en tem\u00e1ticas de educaci\u00f3n intercultural en Latinoamericana, presentar\u00e1 su trabajo \u201cLa educaci\u00f3n intercultural ante los desaf\u00edos transnacionales y subnacionales\u201d. <\/span><span style=\"font-weight: 400;\">Ver el calendario completo de seminarios <\/span><a href=\"https:\/\/doctoradoeducacion.uta.cl\/ciclo-de-seminarios-educacion-y-fronteras\/\"><span style=\"font-weight: 400;\">aqu\u00ed<\/span><\/a><span style=\"font-weight: 400;\">.<\/span><\/p>\n<div id='gallery-1' class='gallery galleryid-45385 gallery-columns-2 gallery-size-medium'><figure class='gallery-item'>\n\t\t\t<div class='gallery-icon landscape'>\n\t\t\t\t<a href='https:\/\/www.uta.cl\/index.php\/2023\/04\/27\/universidades-de-la-frontera-chile-peru-se-organizan-para-abordar-temas-de-educacion-intercultural-en-contextos-de-migraciones\/_daf4884\/'><img width=\"300\" height=\"200\" src=\"https:\/\/www.uta.cl\/wp-content\/uploads\/2023\/04\/DAF4884-300x200.jpg\" class=\"attachment-medium size-medium\" alt=\"\" loading=\"lazy\" srcset=\"https:\/\/www.uta.cl\/wp-content\/uploads\/2023\/04\/DAF4884-300x200.jpg 300w, https:\/\/www.uta.cl\/wp-content\/uploads\/2023\/04\/DAF4884-1024x683.jpg 1024w, https:\/\/www.uta.cl\/wp-content\/uploads\/2023\/04\/DAF4884-768x512.jpg 768w, https:\/\/www.uta.cl\/wp-content\/uploads\/2023\/04\/DAF4884-1536x1025.jpg 1536w, https:\/\/www.uta.cl\/wp-content\/uploads\/2023\/04\/DAF4884.jpg 2000w\" sizes=\"(max-width: 300px) 100vw, 300px\" \/><\/a>\n\t\t\t<\/div><\/figure><figure class='gallery-item'>\n\t\t\t<div class='gallery-icon landscape'>\n\t\t\t\t<a href='https:\/\/www.uta.cl\/index.php\/2023\/04\/27\/universidades-de-la-frontera-chile-peru-se-organizan-para-abordar-temas-de-educacion-intercultural-en-contextos-de-migraciones\/_daf4864\/'><img width=\"300\" height=\"212\" src=\"https:\/\/www.uta.cl\/wp-content\/uploads\/2023\/04\/DAF4864-300x212.jpg\" class=\"attachment-medium size-medium\" alt=\"\" loading=\"lazy\" srcset=\"https:\/\/www.uta.cl\/wp-content\/uploads\/2023\/04\/DAF4864-300x212.jpg 300w, https:\/\/www.uta.cl\/wp-content\/uploads\/2023\/04\/DAF4864-1024x723.jpg 1024w, https:\/\/www.uta.cl\/wp-content\/uploads\/2023\/04\/DAF4864-768x543.jpg 768w, https:\/\/www.uta.cl\/wp-content\/uploads\/2023\/04\/DAF4864-1536x1085.jpg 1536w, https:\/\/www.uta.cl\/wp-content\/uploads\/2023\/04\/DAF4864.jpg 2000w\" sizes=\"(max-width: 300px) 100vw, 300px\" \/><\/a>\n\t\t\t<\/div><\/figure>\n\t\t<\/div>\n\n","protected":false},"excerpt":{"rendered":"<p>La Universidad de Tarapac\u00e1 y la Universidad Privada de Tacna est\u00e1n organizando un grupo de estudios sobre educaci\u00f3n intercultural, migraciones y fronteras. El pasado viernes 21 de abril se lanz\u00f3 el ciclo de seminarios con el mismo t\u00edtulo, el cual contempla actividades entre abril y octubre de este a\u00f1o.<\/p>\n","protected":false},"author":11,"featured_media":45387,"comment_status":"open","ping_status":"open","sticky":false,"template":"","format":"standard","meta":[],"categories":[51],"tags":[],"_links":{"self":[{"href":"https:\/\/www.uta.cl\/index.php\/wp-json\/wp\/v2\/posts\/45385"}],"collection":[{"href":"https:\/\/www.uta.cl\/index.php\/wp-json\/wp\/v2\/posts"}],"about":[{"href":"https:\/\/www.uta.cl\/index.php\/wp-json\/wp\/v2\/types\/post"}],"author":[{"embeddable":true,"href":"https:\/\/www.uta.cl\/index.php\/wp-json\/wp\/v2\/users\/11"}],"replies":[{"embeddable":true,"href":"https:\/\/www.uta.cl\/index.php\/wp-json\/wp\/v2\/comments?post=45385"}],"version-history":[{"count":4,"href":"https:\/\/www.uta.cl\/index.php\/wp-json\/wp\/v2\/posts\/45385\/revisions"}],"predecessor-version":[{"id":45405,"href":"https:\/\/www.uta.cl\/index.php\/wp-json\/wp\/v2\/posts\/45385\/revisions\/45405"}],"wp:featuredmedia":[{"embeddable":true,"href":"https:\/\/www.uta.cl\/index.php\/wp-json\/wp\/v2\/media\/45387"}],"wp:attachment":[{"href":"https:\/\/www.uta.cl\/index.php\/wp-json\/wp\/v2\/media?parent=45385"}],"wp:term":[{"taxonomy":"category","embeddable":true,"href":"https:\/\/www.uta.cl\/index.php\/wp-json\/wp\/v2\/categories?post=45385"},{"taxonomy":"post_tag","embeddable":true,"href":"https:\/\/www.uta.cl\/index.php\/wp-json\/wp\/v2\/tags?post=45385"}],"curies":[{"name":"wp","href":"https:\/\/api.w.org\/{rel}","templated":true}]}}