{"id":45373,"date":"2023-04-26T21:06:02","date_gmt":"2023-04-26T21:06:02","guid":{"rendered":"https:\/\/www.uta.cl\/?p=45373"},"modified":"2023-04-27T23:20:28","modified_gmt":"2023-04-27T23:20:28","slug":"estudiantes-docentes-e-investigadores-se-reunieron-en-el-vii-congreso-regional-educacion-en-ciencias-en-y-para-la-diversidad","status":"publish","type":"post","link":"https:\/\/www.uta.cl\/index.php\/2023\/04\/26\/estudiantes-docentes-e-investigadores-se-reunieron-en-el-vii-congreso-regional-educacion-en-ciencias-en-y-para-la-diversidad\/","title":{"rendered":"Estudiantes, docentes e investigadores se reunieron en el VII Congreso Regional \u201cEducaci\u00f3n en Ciencias en y para la diversidad\u201d"},"content":{"rendered":"<p><img loading=\"lazy\" class=\"aligncenter wp-image-45374 size-large\" src=\"https:\/\/www.uta.cl\/wp-content\/uploads\/2023\/04\/DAF4838-1024x683.jpg\" alt=\"\" width=\"1024\" height=\"683\" srcset=\"https:\/\/www.uta.cl\/wp-content\/uploads\/2023\/04\/DAF4838-1024x683.jpg 1024w, https:\/\/www.uta.cl\/wp-content\/uploads\/2023\/04\/DAF4838-300x200.jpg 300w, https:\/\/www.uta.cl\/wp-content\/uploads\/2023\/04\/DAF4838-768x512.jpg 768w, https:\/\/www.uta.cl\/wp-content\/uploads\/2023\/04\/DAF4838-1536x1025.jpg 1536w, https:\/\/www.uta.cl\/wp-content\/uploads\/2023\/04\/DAF4838.jpg 2000w\" sizes=\"(max-width: 1024px) 100vw, 1024px\" \/><\/p>\n<p><span style=\"font-weight: 400;\">Durante los d\u00edas 21 y 22 de abril en el campus Vel\u00e1squez de la Universidad de Tarapac\u00e1, se realiz\u00f3 el VII Congreso Regional \u201cEducaci\u00f3n en Ciencias en y para la diversidad\u201d. La convocatoria reuni\u00f3 a docentes y acad\u00e9micos de Colombia, Espa\u00f1a, Francia y Chile con el prop\u00f3sito de reflexionar y compartir experiencias, investigaciones y planes de innovaciones pedag\u00f3gicas, para el fortalecimiento de las comunidades de aprendizaje y redes de colaboraci\u00f3n entre docentes, cient\u00edficos e investigadores de las ciencias.<\/span><\/p>\n<p><span style=\"font-weight: 400;\">La coordinadora biregional del Programa ICEC (Arica y Parinacota y Tarapac\u00e1) y acad\u00e9mica del departamento de Qu\u00edmica de la Facultad de Ciencias de la UTA, Marlene Morales, destac\u00f3 del congreso la posibilidad de abrir la ciencia a los estudiantes y docentes: \u201cNos complace que los expositores sean de alto nivel, expertos en didactica de la ciencia, educaci\u00f3n parvularia, biolog\u00eda, entre otros, porque son personas que publican bastante y qu\u00e9 mejor que nuestros profesores y estudiantes reciban de primera fuente todo este conocimiento generado\u201d.<\/span><\/p>\n<p><span style=\"font-weight: 400;\">La profesora licenciada en Bioqu\u00edmica y Educaci\u00f3n, docente del Liceo Bernardo O\u2019Higgins de Iquique, Camila Tapia, fue una de las expositoras en el congreso ICEC, quien se\u00f1al\u00f3 la importancia de realizar y ser parte de instancias como esta: \u201cCuando empec\u00e9 a participar del programa fue en un congreso que se realiz\u00f3 en Santiago y me permiti\u00f3 conocer tantas realidades diferentes que lamentablemente fuera de estos espacios no se pueden conocer. Es s\u00faper importante, sobretodo para los alumnos que est\u00e1n estudiando pedagog\u00eda, el saber que uno puede salir de la estructura y tratar de entregar el conocimiento de manera diferente\u201d.<\/span><\/p>\n<p><span style=\"font-weight: 400;\">La actividad cont\u00f3 con una amplia convocatoria y fue valorado por el p\u00fablico asistente al congreso, Dafne Caballero, estudiante de tercer a\u00f1o de la carrera de Pedagog\u00eda en Educaci\u00f3n B\u00e1sica, mencion\u00f3 que no se trata \u201csolamente de la exposici\u00f3n de contenido, sino que tambi\u00e9n la incorporaci\u00f3n de talleres que pueden ir vincul\u00e1ndonos mucho m\u00e1s en nuestro rol docente, entonces este tipo de instancias son de un provecho gigante para nosotros como estudiantes de la carrera\u201d.<\/span><\/p>\n<div id='gallery-1' class='gallery galleryid-45373 gallery-columns-3 gallery-size-medium'><figure class='gallery-item'>\n\t\t\t<div class='gallery-icon landscape'>\n\t\t\t\t<a href='https:\/\/www.uta.cl\/index.php\/2023\/04\/26\/estudiantes-docentes-e-investigadores-se-reunieron-en-el-vii-congreso-regional-educacion-en-ciencias-en-y-para-la-diversidad\/_daf4813\/'><img width=\"300\" height=\"200\" src=\"https:\/\/www.uta.cl\/wp-content\/uploads\/2023\/04\/DAF4813-300x200.jpg\" class=\"attachment-medium size-medium\" alt=\"\" loading=\"lazy\" srcset=\"https:\/\/www.uta.cl\/wp-content\/uploads\/2023\/04\/DAF4813-300x200.jpg 300w, https:\/\/www.uta.cl\/wp-content\/uploads\/2023\/04\/DAF4813-1024x683.jpg 1024w, https:\/\/www.uta.cl\/wp-content\/uploads\/2023\/04\/DAF4813-768x512.jpg 768w, https:\/\/www.uta.cl\/wp-content\/uploads\/2023\/04\/DAF4813-1536x1025.jpg 1536w, https:\/\/www.uta.cl\/wp-content\/uploads\/2023\/04\/DAF4813.jpg 2000w\" sizes=\"(max-width: 300px) 100vw, 300px\" \/><\/a>\n\t\t\t<\/div><\/figure><figure class='gallery-item'>\n\t\t\t<div class='gallery-icon landscape'>\n\t\t\t\t<a href='https:\/\/www.uta.cl\/index.php\/2023\/04\/26\/estudiantes-docentes-e-investigadores-se-reunieron-en-el-vii-congreso-regional-educacion-en-ciencias-en-y-para-la-diversidad\/_daf4821\/'><img width=\"300\" height=\"200\" src=\"https:\/\/www.uta.cl\/wp-content\/uploads\/2023\/04\/DAF4821-300x200.jpg\" class=\"attachment-medium size-medium\" alt=\"\" loading=\"lazy\" srcset=\"https:\/\/www.uta.cl\/wp-content\/uploads\/2023\/04\/DAF4821-300x200.jpg 300w, https:\/\/www.uta.cl\/wp-content\/uploads\/2023\/04\/DAF4821-1024x683.jpg 1024w, https:\/\/www.uta.cl\/wp-content\/uploads\/2023\/04\/DAF4821-768x512.jpg 768w, https:\/\/www.uta.cl\/wp-content\/uploads\/2023\/04\/DAF4821-1536x1025.jpg 1536w, https:\/\/www.uta.cl\/wp-content\/uploads\/2023\/04\/DAF4821.jpg 2000w\" sizes=\"(max-width: 300px) 100vw, 300px\" \/><\/a>\n\t\t\t<\/div><\/figure><figure class='gallery-item'>\n\t\t\t<div class='gallery-icon landscape'>\n\t\t\t\t<a href='https:\/\/www.uta.cl\/index.php\/2023\/04\/26\/estudiantes-docentes-e-investigadores-se-reunieron-en-el-vii-congreso-regional-educacion-en-ciencias-en-y-para-la-diversidad\/_daf4830\/'><img width=\"300\" height=\"200\" src=\"https:\/\/www.uta.cl\/wp-content\/uploads\/2023\/04\/DAF4830-300x200.jpg\" class=\"attachment-medium size-medium\" alt=\"\" loading=\"lazy\" srcset=\"https:\/\/www.uta.cl\/wp-content\/uploads\/2023\/04\/DAF4830-300x200.jpg 300w, https:\/\/www.uta.cl\/wp-content\/uploads\/2023\/04\/DAF4830-1024x683.jpg 1024w, https:\/\/www.uta.cl\/wp-content\/uploads\/2023\/04\/DAF4830-768x512.jpg 768w, https:\/\/www.uta.cl\/wp-content\/uploads\/2023\/04\/DAF4830-1536x1025.jpg 1536w, https:\/\/www.uta.cl\/wp-content\/uploads\/2023\/04\/DAF4830.jpg 2000w\" sizes=\"(max-width: 300px) 100vw, 300px\" \/><\/a>\n\t\t\t<\/div><\/figure>\n\t\t<\/div>\n\n","protected":false},"excerpt":{"rendered":"<p>La actividad forma parte del componente de colaboraci\u00f3n e intercambio de experiencias pedag\u00f3gicas del programa Indagaci\u00f3n Cient\u00edfica para la Educaci\u00f3n en Ciencias (ICEC) del Ministerio de Educaci\u00f3n.<\/p>\n","protected":false},"author":11,"featured_media":45374,"comment_status":"open","ping_status":"open","sticky":false,"template":"","format":"standard","meta":[],"categories":[51],"tags":[],"_links":{"self":[{"href":"https:\/\/www.uta.cl\/index.php\/wp-json\/wp\/v2\/posts\/45373"}],"collection":[{"href":"https:\/\/www.uta.cl\/index.php\/wp-json\/wp\/v2\/posts"}],"about":[{"href":"https:\/\/www.uta.cl\/index.php\/wp-json\/wp\/v2\/types\/post"}],"author":[{"embeddable":true,"href":"https:\/\/www.uta.cl\/index.php\/wp-json\/wp\/v2\/users\/11"}],"replies":[{"embeddable":true,"href":"https:\/\/www.uta.cl\/index.php\/wp-json\/wp\/v2\/comments?post=45373"}],"version-history":[{"count":3,"href":"https:\/\/www.uta.cl\/index.php\/wp-json\/wp\/v2\/posts\/45373\/revisions"}],"predecessor-version":[{"id":45381,"href":"https:\/\/www.uta.cl\/index.php\/wp-json\/wp\/v2\/posts\/45373\/revisions\/45381"}],"wp:featuredmedia":[{"embeddable":true,"href":"https:\/\/www.uta.cl\/index.php\/wp-json\/wp\/v2\/media\/45374"}],"wp:attachment":[{"href":"https:\/\/www.uta.cl\/index.php\/wp-json\/wp\/v2\/media?parent=45373"}],"wp:term":[{"taxonomy":"category","embeddable":true,"href":"https:\/\/www.uta.cl\/index.php\/wp-json\/wp\/v2\/categories?post=45373"},{"taxonomy":"post_tag","embeddable":true,"href":"https:\/\/www.uta.cl\/index.php\/wp-json\/wp\/v2\/tags?post=45373"}],"curies":[{"name":"wp","href":"https:\/\/api.w.org\/{rel}","templated":true}]}}