{"id":45366,"date":"2023-04-25T14:38:12","date_gmt":"2023-04-25T14:38:12","guid":{"rendered":"https:\/\/www.uta.cl\/?p=45366"},"modified":"2023-11-27T13:31:16","modified_gmt":"2023-11-27T13:31:16","slug":"estudiantes-de-la-sede-iquique-participan-de-charla-que-promueve-el-intercambio-estudiantil-con-la-embajada-de-francia","status":"publish","type":"post","link":"https:\/\/www.uta.cl\/index.php\/2023\/04\/25\/estudiantes-de-la-sede-iquique-participan-de-charla-que-promueve-el-intercambio-estudiantil-con-la-embajada-de-francia\/","title":{"rendered":"Estudiantes de la Sede Iquique participan de charla que promueve el intercambio estudiantil con la embajada de Francia"},"content":{"rendered":"<p><img loading=\"lazy\" class=\"aligncenter wp-image-45367 size-large\" src=\"https:\/\/www.uta.cl\/wp-content\/uploads\/2023\/04\/20230329_150619-1024x461.jpg\" alt=\"\" width=\"1024\" height=\"461\" srcset=\"https:\/\/www.uta.cl\/wp-content\/uploads\/2023\/04\/20230329_150619-1024x461.jpg 1024w, https:\/\/www.uta.cl\/wp-content\/uploads\/2023\/04\/20230329_150619-300x135.jpg 300w, https:\/\/www.uta.cl\/wp-content\/uploads\/2023\/04\/20230329_150619-768x346.jpg 768w, https:\/\/www.uta.cl\/wp-content\/uploads\/2023\/04\/20230329_150619-1536x691.jpg 1536w, https:\/\/www.uta.cl\/wp-content\/uploads\/2023\/04\/20230329_150619-2048x922.jpg 2048w\" sizes=\"(max-width: 1024px) 100vw, 1024px\" \/><\/p>\n<p><span style=\"font-weight: 400;\">Un centenar de estudiantes de la Sede Iquique de la Universidad de Tarapac\u00e1 (UTA) participaron de la\u00a0 charla del &#8216;Campus France &#8211; Chile&#8217; del Institut Fran\u00e7e, dependiente de la Embajada de Francia, para promover el intercambio estudiantil con el pa\u00eds europeo. Los estudiantes participaron de este primer encuentro organizado desde la Direcci\u00f3n de Internacionalizaci\u00f3n de la casa de estudios superiores, que promueve la participaci\u00f3n de la oferta de pasant\u00edas internacionales para los estudiantes de la UTA, en sus niveles de pregrado y postgrado.<\/span><\/p>\n<p><span style=\"font-weight: 400;\">Sergio Medina, Director de Internacionalizaci\u00f3n UTA, destac\u00f3 la alta asistencia de estudiantes de la Sede Iquique, porque <\/span><i><span style=\"font-weight: 400;\">\u201c<\/span><\/i><span style=\"font-weight: 400;\">esta actividad es parte del proceso de internacionalizaci\u00f3n en casa de la Sede Iquique desde el pre y postgrado. Los oportunos convenios que vayamos avanzando con universidades del mundo y de nuestra macro regi\u00f3n, nos otorgan facilidades para que los sue\u00f1os de nuestros estudiantes y el desarrollo de sus competencias frente a la vida profesional se vean fortalecidas\u201d.<\/span><\/p>\n<p><span style=\"font-weight: 400;\">Lola Dando-Reyreau, encargada de la misi\u00f3n universitaria en el Instituto Franc\u00e9s, relat\u00f3 que estas oportunidades para estudiantes incorpora el intercambio cultural, vivir en otro pa\u00eds, compartir con diferentes nacionalidades. <\/span><i><span style=\"font-weight: 400;\">\u201c<\/span><\/i><span style=\"font-weight: 400;\">Hemos abierto la inquietud de ver una oferta de opciones para estudiar en Francia. Estos v\u00ednculos con universidades chilenas nos interesa abrir oportunidades a todos los estudiantes de Chile\u201d<\/span><span style=\"font-weight: 400;\">, se\u00f1al\u00f3.<\/span><\/p>\n<p><span style=\"font-weight: 400;\">La Directora General de Sede, Dra. Yasna Godoy, dio la bienvenida a las representantes francesas, y cerr\u00f3 la actividad remarcando que se proyecta un programa de actividades de informaci\u00f3n para los estudiantes de la Sede Iquique, fortaleciendo la mirada de mundo que propician estos encuentros de intercambio que incorpora lo estudiantil, pero que a la vez engloba lo cultural y\u00a0 una experiencia de vida.\u00a0<\/span><\/p>\n<div id='gallery-1' class='gallery galleryid-45366 gallery-columns-2 gallery-size-medium'><figure class='gallery-item'>\n\t\t\t<div class='gallery-icon landscape'>\n\t\t\t\t<a href='https:\/\/www.uta.cl\/index.php\/2023\/04\/25\/estudiantes-de-la-sede-iquique-participan-de-charla-que-promueve-el-intercambio-estudiantil-con-la-embajada-de-francia\/20230329_153154\/'><img width=\"300\" height=\"135\" src=\"https:\/\/www.uta.cl\/wp-content\/uploads\/2023\/04\/20230329_153154-300x135.jpg\" class=\"attachment-medium size-medium\" alt=\"\" loading=\"lazy\" srcset=\"https:\/\/www.uta.cl\/wp-content\/uploads\/2023\/04\/20230329_153154-300x135.jpg 300w, https:\/\/www.uta.cl\/wp-content\/uploads\/2023\/04\/20230329_153154-1024x461.jpg 1024w, https:\/\/www.uta.cl\/wp-content\/uploads\/2023\/04\/20230329_153154-768x346.jpg 768w, https:\/\/www.uta.cl\/wp-content\/uploads\/2023\/04\/20230329_153154-1536x691.jpg 1536w, https:\/\/www.uta.cl\/wp-content\/uploads\/2023\/04\/20230329_153154-2048x922.jpg 2048w\" sizes=\"(max-width: 300px) 100vw, 300px\" \/><\/a>\n\t\t\t<\/div><\/figure><figure class='gallery-item'>\n\t\t\t<div class='gallery-icon landscape'>\n\t\t\t\t<a href='https:\/\/www.uta.cl\/index.php\/2023\/04\/25\/estudiantes-de-la-sede-iquique-participan-de-charla-que-promueve-el-intercambio-estudiantil-con-la-embajada-de-francia\/20230329_150459\/'><img width=\"300\" height=\"135\" src=\"https:\/\/www.uta.cl\/wp-content\/uploads\/2023\/04\/20230329_150459-300x135.jpg\" class=\"attachment-medium size-medium\" alt=\"\" loading=\"lazy\" srcset=\"https:\/\/www.uta.cl\/wp-content\/uploads\/2023\/04\/20230329_150459-300x135.jpg 300w, https:\/\/www.uta.cl\/wp-content\/uploads\/2023\/04\/20230329_150459-1024x461.jpg 1024w, https:\/\/www.uta.cl\/wp-content\/uploads\/2023\/04\/20230329_150459-768x346.jpg 768w, https:\/\/www.uta.cl\/wp-content\/uploads\/2023\/04\/20230329_150459-1536x691.jpg 1536w, https:\/\/www.uta.cl\/wp-content\/uploads\/2023\/04\/20230329_150459-2048x922.jpg 2048w\" sizes=\"(max-width: 300px) 100vw, 300px\" \/><\/a>\n\t\t\t<\/div><\/figure>\n\t\t<\/div>\n\n","protected":false},"excerpt":{"rendered":"<p>El modelo de vinculaci\u00f3n con universidades del mundo incorpora una mirada de movilidad estudiantil para los estudiantes de Arica y Parinacota y de Tarapac\u00e1.<\/p>\n","protected":false},"author":11,"featured_media":45367,"comment_status":"open","ping_status":"open","sticky":false,"template":"","format":"standard","meta":[],"categories":[42,316,51],"tags":[],"_links":{"self":[{"href":"https:\/\/www.uta.cl\/index.php\/wp-json\/wp\/v2\/posts\/45366"}],"collection":[{"href":"https:\/\/www.uta.cl\/index.php\/wp-json\/wp\/v2\/posts"}],"about":[{"href":"https:\/\/www.uta.cl\/index.php\/wp-json\/wp\/v2\/types\/post"}],"author":[{"embeddable":true,"href":"https:\/\/www.uta.cl\/index.php\/wp-json\/wp\/v2\/users\/11"}],"replies":[{"embeddable":true,"href":"https:\/\/www.uta.cl\/index.php\/wp-json\/wp\/v2\/comments?post=45366"}],"version-history":[{"count":3,"href":"https:\/\/www.uta.cl\/index.php\/wp-json\/wp\/v2\/posts\/45366\/revisions"}],"predecessor-version":[{"id":45371,"href":"https:\/\/www.uta.cl\/index.php\/wp-json\/wp\/v2\/posts\/45366\/revisions\/45371"}],"wp:featuredmedia":[{"embeddable":true,"href":"https:\/\/www.uta.cl\/index.php\/wp-json\/wp\/v2\/media\/45367"}],"wp:attachment":[{"href":"https:\/\/www.uta.cl\/index.php\/wp-json\/wp\/v2\/media?parent=45366"}],"wp:term":[{"taxonomy":"category","embeddable":true,"href":"https:\/\/www.uta.cl\/index.php\/wp-json\/wp\/v2\/categories?post=45366"},{"taxonomy":"post_tag","embeddable":true,"href":"https:\/\/www.uta.cl\/index.php\/wp-json\/wp\/v2\/tags?post=45366"}],"curies":[{"name":"wp","href":"https:\/\/api.w.org\/{rel}","templated":true}]}}