{"id":45235,"date":"2023-04-20T17:37:29","date_gmt":"2023-04-20T17:37:29","guid":{"rendered":"https:\/\/www.uta.cl\/?p=45235"},"modified":"2023-04-20T17:37:29","modified_gmt":"2023-04-20T17:37:29","slug":"radio-universidad-de-tarapaca-cumple-55-anos-desde-su-primera-transmision","status":"publish","type":"post","link":"https:\/\/www.uta.cl\/index.php\/2023\/04\/20\/radio-universidad-de-tarapaca-cumple-55-anos-desde-su-primera-transmision\/","title":{"rendered":"Radio Universidad de Tarapac\u00e1 cumple 55 a\u00f1os desde su primera transmisi\u00f3n"},"content":{"rendered":"\n<div class=\"wp-block-image\"><figure class=\"aligncenter size-large is-resized\"><img loading=\"lazy\" src=\"https:\/\/www.uta.cl\/wp-content\/uploads\/2023\/04\/Inauguracion-Radio-U-del-Norte-1968-1024x701.jpg\" alt=\"\" class=\"wp-image-45236\" width=\"696\" height=\"476\" srcset=\"https:\/\/www.uta.cl\/wp-content\/uploads\/2023\/04\/Inauguracion-Radio-U-del-Norte-1968-1024x701.jpg 1024w, https:\/\/www.uta.cl\/wp-content\/uploads\/2023\/04\/Inauguracion-Radio-U-del-Norte-1968-300x205.jpg 300w, https:\/\/www.uta.cl\/wp-content\/uploads\/2023\/04\/Inauguracion-Radio-U-del-Norte-1968-768x525.jpg 768w, https:\/\/www.uta.cl\/wp-content\/uploads\/2023\/04\/Inauguracion-Radio-U-del-Norte-1968-1536x1051.jpg 1536w, https:\/\/www.uta.cl\/wp-content\/uploads\/2023\/04\/Inauguracion-Radio-U-del-Norte-1968.jpg 2048w\" sizes=\"(max-width: 696px) 100vw, 696px\" \/><figcaption>Inauguraci\u00f3n de la radio en 1968.<\/figcaption><\/figure><\/div>\n\n\n\n<p>Hace poco m\u00e1s de medio siglo, el 16 de abril del a\u00f1o 1968, un grupo de estudiantes y acad\u00e9micos del departamento de electr\u00f3nica de la ex sede de la Universidad del Norte, iniciaron transmisiones en una radio experimental mediante un transmisor en Frecuencia Modulada, que a partir de 1982 se convertir\u00eda en la que hoy conocemos como radio Universidad de Tarapac\u00e1.<\/p>\n\n\n\n<p>La estaci\u00f3n ha marcado hitos trascendentes en el proceso de la radiodifusi\u00f3n, como ser la primera radioemisora de la regi\u00f3n con transmisiones satelitales en directo con la BBC de Londres, Radio Francia Internacional (RFI) y La Voz de Am\u00e9rica, adem\u00e1s de ser la primera estaci\u00f3n en Frecuencia Modulada de la ciudad, junto las desaparecidas estaciones en AM Radio el Morro y Radio Arica. Sus antenas parab\u00f3licas ubicadas en la azotea del edificio principal en el campus Saucache fueron testigos de esos enlaces en directo.<\/p>\n\n\n\n<p>El director de la radio Universidad de Tarapac\u00e1, Ricardo Castillo, comenz\u00f3 a trabajar en la estaci\u00f3n en el a\u00f1o 1979. \u201cHa sido un privilegio y ha sido un honor haber pasado por todas las etapas formadoras para llegar a ser la persona que ha estado dirigiendo la radio por tantos y tantos a\u00f1os\u201d, expres\u00f3 Castillo.<\/p>\n\n\n\n<p>Actualmente la radio se encuentra funcionando de manera remota, a la espera de las nuevas dependencias. \u201cLo que estamos esperando es la entrega total de las obras para acceder al edificio y tener all\u00ed la oportunidad de asignar los espacios y hacer las instalaciones t\u00e9cnicas. Se estima que el estudio estar\u00e1 listo para el trabajo presencial durante el mes de junio\u201d, coment\u00f3 el director de la radio.<\/p>\n\n\n\n<p>No obstante, d\u00eda a d\u00eda entrega su programaci\u00f3n con dos informativos de Acci\u00f3n Noticiosa, programas de conversaci\u00f3n y espacios musicales para complementar una grata compa\u00f1\u00eda en su frecuencia 95.9 FM, en Facebook y Youtube, como radio UTarapaca.<\/p>\n\n\n\n<div class=\"wp-block-image\"><figure class=\"aligncenter size-large is-resized\"><img loading=\"lazy\" src=\"https:\/\/www.uta.cl\/wp-content\/uploads\/2023\/04\/DAF3962-925x1024.jpg\" alt=\"\" class=\"wp-image-45238\" width=\"437\" height=\"482\"\/><figcaption>Ricardo Castillo es el actual director de la radio y Maestro de Ceremonia de la Universidad de Tarapac\u00e1. <\/figcaption><\/figure><\/div>\n","protected":false},"excerpt":{"rendered":"<p>La emisora, que actualmente funciona de manera remota, se encuentra a la espera de la recepci\u00f3n final de la renovaci\u00f3n del edificio principal del campus Saucache, en la calle 18 de septiembre.<\/p>\n","protected":false},"author":11,"featured_media":45236,"comment_status":"open","ping_status":"open","sticky":false,"template":"","format":"standard","meta":[],"categories":[51],"tags":[],"_links":{"self":[{"href":"https:\/\/www.uta.cl\/index.php\/wp-json\/wp\/v2\/posts\/45235"}],"collection":[{"href":"https:\/\/www.uta.cl\/index.php\/wp-json\/wp\/v2\/posts"}],"about":[{"href":"https:\/\/www.uta.cl\/index.php\/wp-json\/wp\/v2\/types\/post"}],"author":[{"embeddable":true,"href":"https:\/\/www.uta.cl\/index.php\/wp-json\/wp\/v2\/users\/11"}],"replies":[{"embeddable":true,"href":"https:\/\/www.uta.cl\/index.php\/wp-json\/wp\/v2\/comments?post=45235"}],"version-history":[{"count":2,"href":"https:\/\/www.uta.cl\/index.php\/wp-json\/wp\/v2\/posts\/45235\/revisions"}],"predecessor-version":[{"id":45240,"href":"https:\/\/www.uta.cl\/index.php\/wp-json\/wp\/v2\/posts\/45235\/revisions\/45240"}],"wp:featuredmedia":[{"embeddable":true,"href":"https:\/\/www.uta.cl\/index.php\/wp-json\/wp\/v2\/media\/45236"}],"wp:attachment":[{"href":"https:\/\/www.uta.cl\/index.php\/wp-json\/wp\/v2\/media?parent=45235"}],"wp:term":[{"taxonomy":"category","embeddable":true,"href":"https:\/\/www.uta.cl\/index.php\/wp-json\/wp\/v2\/categories?post=45235"},{"taxonomy":"post_tag","embeddable":true,"href":"https:\/\/www.uta.cl\/index.php\/wp-json\/wp\/v2\/tags?post=45235"}],"curies":[{"name":"wp","href":"https:\/\/api.w.org\/{rel}","templated":true}]}}