{"id":45188,"date":"2023-04-14T23:10:11","date_gmt":"2023-04-14T23:10:11","guid":{"rendered":"https:\/\/www.uta.cl\/?p=45188"},"modified":"2023-04-14T23:10:11","modified_gmt":"2023-04-14T23:10:11","slug":"presidenta-del-tc-en-inauguracion-del-ano-academico-de-la-facultad-de-derecho-de-la-uta-esta-universidad-ha-cumplido-a-lo-largo-de-su-historia-un-rol-publico-central-en-lo-que-significa-para-el-des","status":"publish","type":"post","link":"https:\/\/www.uta.cl\/index.php\/2023\/04\/14\/presidenta-del-tc-en-inauguracion-del-ano-academico-de-la-facultad-de-derecho-de-la-uta-esta-universidad-ha-cumplido-a-lo-largo-de-su-historia-un-rol-publico-central-en-lo-que-significa-para-el-des\/","title":{"rendered":"Presidenta del TC en inauguraci\u00f3n del a\u00f1o acad\u00e9mico de la Facultad de Derecho de la UTA: &#8220;Esta universidad ha cumplido a lo largo de su historia un rol p\u00fablico central en lo que significa para el desarrollo integral de la ciudadan\u00eda&#8221;"},"content":{"rendered":"\n<div class=\"wp-block-image\"><figure class=\"aligncenter size-large is-resized\"><img loading=\"lazy\" src=\"https:\/\/www.uta.cl\/wp-content\/uploads\/2023\/04\/WhatsApp-Image-2023-04-14-at-1.05.32-PM-1024x768.jpeg\" alt=\"\" class=\"wp-image-45189\" width=\"672\" height=\"504\" srcset=\"https:\/\/www.uta.cl\/wp-content\/uploads\/2023\/04\/WhatsApp-Image-2023-04-14-at-1.05.32-PM-1024x768.jpeg 1024w, https:\/\/www.uta.cl\/wp-content\/uploads\/2023\/04\/WhatsApp-Image-2023-04-14-at-1.05.32-PM-300x225.jpeg 300w, https:\/\/www.uta.cl\/wp-content\/uploads\/2023\/04\/WhatsApp-Image-2023-04-14-at-1.05.32-PM-768x576.jpeg 768w, https:\/\/www.uta.cl\/wp-content\/uploads\/2023\/04\/WhatsApp-Image-2023-04-14-at-1.05.32-PM-1536x1152.jpeg 1536w, https:\/\/www.uta.cl\/wp-content\/uploads\/2023\/04\/WhatsApp-Image-2023-04-14-at-1.05.32-PM.jpeg 1600w\" sizes=\"(max-width: 672px) 100vw, 672px\" \/><\/figure><\/div>\n\n\n\n<p>Este viernes 14 de abril se realiz\u00f3 la Ceremonia de Inauguraci\u00f3n del A\u00f1o Acad\u00e9mico de la Facultad de Derecho de la Universidad de Tarapac\u00e1, evento que cont\u00f3 con la presencia de la presidenta del Tribunal Constitucional (TC), Nancy Y\u00e1\u00f1ez Fuenzalida, quien realiz\u00f3 la clase magistral \u201cReflexiones Jur\u00eddicas a Partir de la Jurisprudencia del Tribunal Constitucional\u201d.<\/p>\n\n\n\n<p>Tras la ceremonia, Y\u00e1\u00f1ez afirm\u00f3 que la UTA &#8220;ha cumplido a lo largo de su historia un rol p\u00fablico central en lo que significa una universidad para el desarrollo integral de la ciudadan\u00eda&#8221;.<\/p>\n\n\n\n<p>La presidenta del TC tambi\u00e9n quiso \u201cfelicitar el inter\u00e9s que tienen por desarrollar una Facultad de Derecho y tambi\u00e9n por darle un enfoque acorde a las necesidades de la regi\u00f3n y eso me parece muy importante\u201d. Y destac\u00f3 que contar con esta unidad acad\u00e9mica \u201cabre una oportunidad para los j\u00f3venes de la zona de tener esta formaci\u00f3n y dota a la regi\u00f3n de contar con estos profesionales que son relevantes para el desarrollo y al mismo tiempo frena la necesidad de los j\u00f3venes de emigrar a otras zonas del pa\u00eds para formar sus carreras de abogadas y abogados\u201d.<\/p>\n\n\n\n<p>La decana de la Facultad de Derecho, Claudia Moraga Contreras, plante\u00f3 que tener a la presidenta del TC en esta ceremonia es de suma relevancia no s\u00f3lo por la responsabilidad del cargo que tiene, sino tambi\u00e9n por \u201cla impronta que le est\u00e1 entregando\u201d. Adem\u00e1s subray\u00f3 que es la primera inauguraci\u00f3n de a\u00f1o acad\u00e9mico desde que se cre\u00f3 la facultad.<\/p>\n\n\n\n<p>\u201cQue nos ponga al d\u00eda adem\u00e1s con la jurisprudencia del a\u00f1o 2022 es un privilegio que nos permite aprovechar de primera mano el impulso que tiene el TC de descentralizar su trabajo, de dar a conocer sus actividades, de compartir con acad\u00e9micos y acad\u00e9micas de las distintas \u00e1reas. Ella se refiri\u00f3 particularmente al derecho procesal civil, procesal penal, derecho laboral, hay una ventana de oportunidades de poder conocer y actualizarse en esas materias\u201d.<\/p>\n\n\n\n<p>La decana valor\u00f3 tambi\u00e9n la convocatoria que hubo entre autoridades locales \u201cquienes ven en la creaci\u00f3n de la Facultad un hito importante no s\u00f3lo en el fortalecimiento de la formaci\u00f3n de nuevos profesionales, sino que tambi\u00e9n en la b\u00fasqueda precisamente de la excelencia, de profesionales con un sentido de comprender el por qu\u00e9 y para qu\u00e9 existen las normas y su aplicaci\u00f3n concreta y tambi\u00e9n conectada con la realidad local, tanto de la Regi\u00f3n de Arica y Parinacota como de la Regi\u00f3n de Tarapac\u00e1\u201d.<\/p>\n\n\n\n<figure class=\"wp-block-gallery columns-2 is-cropped\"><ul class=\"blocks-gallery-grid\"><li class=\"blocks-gallery-item\"><figure><img loading=\"lazy\" width=\"1024\" height=\"461\" src=\"https:\/\/www.uta.cl\/wp-content\/uploads\/2023\/04\/WhatsApp-Image-2023-04-14-at-12.54.56-PM-1024x461.jpeg\" alt=\"\" data-id=\"45190\" data-full-url=\"https:\/\/www.uta.cl\/wp-content\/uploads\/2023\/04\/WhatsApp-Image-2023-04-14-at-12.54.56-PM.jpeg\" data-link=\"https:\/\/www.uta.cl\/?attachment_id=45190\" class=\"wp-image-45190\" srcset=\"https:\/\/www.uta.cl\/wp-content\/uploads\/2023\/04\/WhatsApp-Image-2023-04-14-at-12.54.56-PM-1024x461.jpeg 1024w, https:\/\/www.uta.cl\/wp-content\/uploads\/2023\/04\/WhatsApp-Image-2023-04-14-at-12.54.56-PM-300x135.jpeg 300w, https:\/\/www.uta.cl\/wp-content\/uploads\/2023\/04\/WhatsApp-Image-2023-04-14-at-12.54.56-PM-768x346.jpeg 768w, https:\/\/www.uta.cl\/wp-content\/uploads\/2023\/04\/WhatsApp-Image-2023-04-14-at-12.54.56-PM.jpeg 1280w\" sizes=\"(max-width: 1024px) 100vw, 1024px\" \/><\/figure><\/li><li class=\"blocks-gallery-item\"><figure><img loading=\"lazy\" width=\"1024\" height=\"768\" src=\"https:\/\/www.uta.cl\/wp-content\/uploads\/2023\/04\/WhatsApp-Image-2023-04-14-at-12.53.18-PM-1024x768.jpeg\" alt=\"\" data-id=\"45191\" data-full-url=\"https:\/\/www.uta.cl\/wp-content\/uploads\/2023\/04\/WhatsApp-Image-2023-04-14-at-12.53.18-PM.jpeg\" data-link=\"https:\/\/www.uta.cl\/?attachment_id=45191\" class=\"wp-image-45191\" srcset=\"https:\/\/www.uta.cl\/wp-content\/uploads\/2023\/04\/WhatsApp-Image-2023-04-14-at-12.53.18-PM-1024x768.jpeg 1024w, https:\/\/www.uta.cl\/wp-content\/uploads\/2023\/04\/WhatsApp-Image-2023-04-14-at-12.53.18-PM-300x225.jpeg 300w, https:\/\/www.uta.cl\/wp-content\/uploads\/2023\/04\/WhatsApp-Image-2023-04-14-at-12.53.18-PM-768x576.jpeg 768w, https:\/\/www.uta.cl\/wp-content\/uploads\/2023\/04\/WhatsApp-Image-2023-04-14-at-12.53.18-PM-1536x1152.jpeg 1536w, https:\/\/www.uta.cl\/wp-content\/uploads\/2023\/04\/WhatsApp-Image-2023-04-14-at-12.53.18-PM.jpeg 1600w\" sizes=\"(max-width: 1024px) 100vw, 1024px\" \/><\/figure><\/li><\/ul><\/figure>\n","protected":false},"excerpt":{"rendered":"<p>Nancy Y\u00e1\u00f1ez Fuenzalida abord\u00f3 tem\u00e1ticas de derecho procesal civil, procesal penal y derecho laboral, entre otros.<\/p>\n","protected":false},"author":11,"featured_media":45189,"comment_status":"open","ping_status":"open","sticky":false,"template":"","format":"standard","meta":[],"categories":[51],"tags":[],"_links":{"self":[{"href":"https:\/\/www.uta.cl\/index.php\/wp-json\/wp\/v2\/posts\/45188"}],"collection":[{"href":"https:\/\/www.uta.cl\/index.php\/wp-json\/wp\/v2\/posts"}],"about":[{"href":"https:\/\/www.uta.cl\/index.php\/wp-json\/wp\/v2\/types\/post"}],"author":[{"embeddable":true,"href":"https:\/\/www.uta.cl\/index.php\/wp-json\/wp\/v2\/users\/11"}],"replies":[{"embeddable":true,"href":"https:\/\/www.uta.cl\/index.php\/wp-json\/wp\/v2\/comments?post=45188"}],"version-history":[{"count":1,"href":"https:\/\/www.uta.cl\/index.php\/wp-json\/wp\/v2\/posts\/45188\/revisions"}],"predecessor-version":[{"id":45192,"href":"https:\/\/www.uta.cl\/index.php\/wp-json\/wp\/v2\/posts\/45188\/revisions\/45192"}],"wp:featuredmedia":[{"embeddable":true,"href":"https:\/\/www.uta.cl\/index.php\/wp-json\/wp\/v2\/media\/45189"}],"wp:attachment":[{"href":"https:\/\/www.uta.cl\/index.php\/wp-json\/wp\/v2\/media?parent=45188"}],"wp:term":[{"taxonomy":"category","embeddable":true,"href":"https:\/\/www.uta.cl\/index.php\/wp-json\/wp\/v2\/categories?post=45188"},{"taxonomy":"post_tag","embeddable":true,"href":"https:\/\/www.uta.cl\/index.php\/wp-json\/wp\/v2\/tags?post=45188"}],"curies":[{"name":"wp","href":"https:\/\/api.w.org\/{rel}","templated":true}]}}