{"id":4507,"date":"2019-01-02T15:25:22","date_gmt":"2019-01-02T15:25:22","guid":{"rendered":"http:\/\/www.uta.cl\/?p=4507"},"modified":"2019-01-03T15:27:08","modified_gmt":"2019-01-03T15:27:08","slug":"puntajes-regionales-de-la-psu-se-premiaron-en-la-uta","status":"publish","type":"post","link":"https:\/\/www.uta.cl\/index.php\/2019\/01\/02\/puntajes-regionales-de-la-psu-se-premiaron-en-la-uta\/","title":{"rendered":"Puntajes regionales de la PSU se premiaron en la UTA"},"content":{"rendered":"\n<p>Cinco estudiantes de la regi\u00f3n de Arica y Parinacota, obtuvieron los mejores puntajes a nivel regional en la PSU, siendo uno de ellas, dos rendimientos destacados de las cuatro pruebas evaluadas.<\/p>\n\n\n\n<p>La ceremonia se llev\u00f3 a cabo en la Sala de Eventos de la Facultad de Ciencias Sociales y Jur\u00eddicas de la Universidad de Tarapac\u00e1 y cont\u00f3 con la presencia de la Intendenta de Asica y Parinacota, Mar\u00eda Loreto Letelier, el Rector (S) de la UTA, Dr. Alfonso D\u00edaz Aguad, la seremi de Educaci\u00f3n, Lorena Ventura V\u00e1squez y representantes de los diferentes establecimientos educacionales que formaron a los alumnos homenajeados.<\/p>\n\n\n\n<p>La m\u00e1xima autoridad regional junto con felicitar a los alumnos destac\u00f3 el trabajo realizado por los alumnos durante varios a\u00f1os. &#8220;Hablar de PSU es hablar del t\u00e9rmino de una etapa, de un proceso largo donde los actores son muchos, donde la tarea se involucran los estudiantes, las familias y sus unidades educativas&#8221;. La Intendenta tambi\u00e9n fue enf\u00e1tica al se\u00f1alar que es justamente en este proceso donde se debe reflexionar si las cosas se est\u00e1n haciendo bien o nos falta por hacer cambios para poder tener un proceso pedag\u00f3gico exitoso, partiendo desde la pre b\u00e1sica hasta la ense\u00f1anza media.<\/p>\n\n\n\n<p>Por su parte, el rector (S) de la UTA, Dr. Alfonso D\u00edaz Aguad tambi\u00e9n felicit\u00f3 a los alumnos comentando que &#8220;sin duda este trabajo que hoy se reconoce es el fruto de a\u00f1os de estudios que se refleja en esta ceremonia&#8221;. De igual forma, evalu\u00f3 esta actividad como un reconocimiento justo al esfuerzo puesto y destac\u00f3 que el debate medi\u00e1tico puesto en la prensa por no haber obtenido como regi\u00f3n un puntaje nacional, &#8220;el hecho de no tenerlo no es relevante, lo importante es que hayan muchos buenos puntajes, para que m\u00e1s alumnos puedan tener la opci\u00f3n de elegir que carrera estudiar&#8221;.<\/p>\n\n\n\n<p>PUNTAJES REGIONALES<br>Con 831 puntos en la prueba de Matem\u00e1ticas y 819 en la prueba de Ciencias, el egresado del Colegio San Jorge, Yaacov Cossley Carrasco sac\u00f3 dos de los mejores puntajes de las cuatro pruebas evaluadas a nivel regional. En la prueba de Historia, Geograf\u00eda y Ciencias Sociales, la ex alumna del Colegio San Marcos de Arica, B\u00e1rbara C\u00e1ceres Silva, obtuvo 816 puntos.<\/p>\n\n\n\n<p>En la prueba de Lenguaje y ambos provenientes del Arica College, Sebasti\u00e1n Jara Riffo y Sebasti\u00e1n Mu\u00f1oz Vega, obtuvieron 787 puntos, mientras que el puntaje regional promedio Lenguaje Matem\u00e1tica, lo obtuvo Ignacio Flores Oviedo, tambi\u00e9n del Arica College con 755 puntos.<\/p>\n\n\n\n<p>PUNTAJES RANKING<br>Tambi\u00e9n fueron reconocidos seis alumnos que obtuvieron mejor puntaje de rendimiento acad\u00e9mico durante su ense\u00f1anza media, siendo en el \u00e1rea Cient\u00edfico-Humanista en esta oportunidad todos con 850 puntos de ranking, nuevamente Yaacov Crossley Carrasco (Colegio San Jorge), Varinia Figueroa \u00d3rzola (Colegio San Marcos de Arica), Karina Quisbert Paz (Liceo Octavio Palma P\u00e9rez), Vicente Canepa Villegas (Liceo Jovina Naranjo Fern\u00e1ndez), Samira Kharrat Villasante (Colegio Andino) e Ignacio Flores Oviedo (Arica College).<\/p>\n\n\n\n<p>El puntaje ranking regional del \u00e1rea de unidades educativas T\u00e9cnico-Profesional, lo obtuvo el alumno del Colegio Leonardo da Vinci, Bryan Godoy Ar\u00e1n con 850 puntos.<\/p>\n","protected":false},"excerpt":{"rendered":"<p>Adem\u00e1s se entregaron reconocimientos a los alumnos que tuvieron mejor rendimiento acad\u00e9mico en su ense\u00f1anza media.<\/p>\n","protected":false},"author":1,"featured_media":4509,"comment_status":"open","ping_status":"open","sticky":false,"template":"","format":"standard","meta":[],"categories":[],"tags":[],"_links":{"self":[{"href":"https:\/\/www.uta.cl\/index.php\/wp-json\/wp\/v2\/posts\/4507"}],"collection":[{"href":"https:\/\/www.uta.cl\/index.php\/wp-json\/wp\/v2\/posts"}],"about":[{"href":"https:\/\/www.uta.cl\/index.php\/wp-json\/wp\/v2\/types\/post"}],"author":[{"embeddable":true,"href":"https:\/\/www.uta.cl\/index.php\/wp-json\/wp\/v2\/users\/1"}],"replies":[{"embeddable":true,"href":"https:\/\/www.uta.cl\/index.php\/wp-json\/wp\/v2\/comments?post=4507"}],"version-history":[{"count":1,"href":"https:\/\/www.uta.cl\/index.php\/wp-json\/wp\/v2\/posts\/4507\/revisions"}],"predecessor-version":[{"id":4508,"href":"https:\/\/www.uta.cl\/index.php\/wp-json\/wp\/v2\/posts\/4507\/revisions\/4508"}],"wp:featuredmedia":[{"embeddable":true,"href":"https:\/\/www.uta.cl\/index.php\/wp-json\/wp\/v2\/media\/4509"}],"wp:attachment":[{"href":"https:\/\/www.uta.cl\/index.php\/wp-json\/wp\/v2\/media?parent=4507"}],"wp:term":[{"taxonomy":"category","embeddable":true,"href":"https:\/\/www.uta.cl\/index.php\/wp-json\/wp\/v2\/categories?post=4507"},{"taxonomy":"post_tag","embeddable":true,"href":"https:\/\/www.uta.cl\/index.php\/wp-json\/wp\/v2\/tags?post=4507"}],"curies":[{"name":"wp","href":"https:\/\/api.w.org\/{rel}","templated":true}]}}