{"id":45020,"date":"2023-04-12T17:55:13","date_gmt":"2023-04-12T17:55:13","guid":{"rendered":"https:\/\/www.uta.cl\/?p=45020"},"modified":"2023-04-12T17:55:13","modified_gmt":"2023-04-12T17:55:13","slug":"investigadores-de-universidad-de-tarapaca-y-la-universidad-privada-de-tacna-lanzan-nucleo-de-investigacion-sobre-educacion-intercultural-en-contextos-de-migraciones-y-fronteras","status":"publish","type":"post","link":"https:\/\/www.uta.cl\/index.php\/2023\/04\/12\/investigadores-de-universidad-de-tarapaca-y-la-universidad-privada-de-tacna-lanzan-nucleo-de-investigacion-sobre-educacion-intercultural-en-contextos-de-migraciones-y-fronteras\/","title":{"rendered":"Investigadores de Universidad de Tarapac\u00e1 y la Universidad Privada de Tacna lanzan N\u00facleo de Investigaci\u00f3n sobre Educaci\u00f3n Intercultural en contextos de migraciones y fronteras"},"content":{"rendered":"\n<div class=\"wp-block-image\"><figure class=\"aligncenter size-large is-resized\"><img loading=\"lazy\" src=\"https:\/\/www.uta.cl\/wp-content\/uploads\/2023\/04\/FLYER-PRINCIPAL-NUCLEO-DE-SEMINARIOS-2023-1024x1024.jpg\" alt=\"\" class=\"wp-image-45021\" width=\"584\" height=\"584\" srcset=\"https:\/\/www.uta.cl\/wp-content\/uploads\/2023\/04\/FLYER-PRINCIPAL-NUCLEO-DE-SEMINARIOS-2023-1024x1024.jpg 1024w, https:\/\/www.uta.cl\/wp-content\/uploads\/2023\/04\/FLYER-PRINCIPAL-NUCLEO-DE-SEMINARIOS-2023-300x300.jpg 300w, https:\/\/www.uta.cl\/wp-content\/uploads\/2023\/04\/FLYER-PRINCIPAL-NUCLEO-DE-SEMINARIOS-2023-150x150.jpg 150w, https:\/\/www.uta.cl\/wp-content\/uploads\/2023\/04\/FLYER-PRINCIPAL-NUCLEO-DE-SEMINARIOS-2023-768x768.jpg 768w, https:\/\/www.uta.cl\/wp-content\/uploads\/2023\/04\/FLYER-PRINCIPAL-NUCLEO-DE-SEMINARIOS-2023-1536x1536.jpg 1536w, https:\/\/www.uta.cl\/wp-content\/uploads\/2023\/04\/FLYER-PRINCIPAL-NUCLEO-DE-SEMINARIOS-2023-2048x2048.jpg 2048w\" sizes=\"(max-width: 584px) 100vw, 584px\" \/><\/figure><\/div>\n\n\n\n<p>M\u00e1s de 60 personas respondieron al llamado realizado por el grupo de acad\u00e9micos que coordina el N\u00facleo de Investigaci\u00f3n sobre Educaci\u00f3n Intercultural, Migraciones y Fronteras; instancia organizada por los programas de Doctorado de Educaci\u00f3n, el Doctorado en Ciencias Sociales, ambos de la Universidad de Tarapac\u00e1, y el Doctorado en Educaci\u00f3n con menci\u00f3n en Gesti\u00f3n Educativa de\u00a0 la Universidad Privada de Tacna.<\/p>\n\n\n\n<p>La acad\u00e9mica del doctorado de educaci\u00f3n Roxana Chiappa, una de las coordinadoras del grupo, explica que se trata de un espacio muy parecido a un seminario doctoral. Investigadores y estudiantes se juntan a discutir y debatir un texto acad\u00e9mico y lo someten a interrogaci\u00f3n,&nbsp; pero la particularidad de este n\u00facleo es su car\u00e1cter h\u00edbrido. \u201cSe trata de un espacio inter-institucional, inter-nacional, intra-disciplinario\u201d.&nbsp;<\/p>\n\n\n\n<p>Ricardo Jim\u00e9nez,\u00a0 acad\u00e9mico de la Universidad Privada de Tacna y otro de los coordinadores de este N\u00facleo, agrega que est\u00e1n muy contentos con la recepci\u00f3n que ha tenido este espacio. \u201cNos juntamos el jueves 23 de marzo pasado online, y quedamos muy felices con el resultado. Sab\u00edamos que la idea de generar un espacio inter-institucional en un contexto de frontera para debatir sobre la educaci\u00f3n intercultural era buena, pero no imaginamos que podr\u00edamos congregar en tan poco tiempo un grupo de estudiantes de postgrado e investigadores tan diversos\u201d, se\u00f1ala el profesor Jim\u00e9nez.\u00a0<\/p>\n\n\n\n<p>Entre los participantes hay personas asociadas a 37 instituciones que provienen de siete pa\u00edses distintos, principalmente Per\u00fa y Chile, y vinculados a distintos campos de las ciencias sociales.&nbsp;<\/p>\n\n\n\n<p>Otro espacio importante organizado por este n\u00facleo es el ciclo de seminarios que lleva el mismo nombre, el cual est\u00e1 dirigido a todo p\u00fablico. Entre abril y octubre, se realizar\u00e1n seis seminarios donde expondr\u00e1n acad\u00e9micos expertos en temas de educaci\u00f3n intercultural, estudios migratorios y transfronterizos de distintas partes de Latinoam\u00e9rica. Ver detalles de los <a href=\"https:\/\/doctoradoeducacion.uta.cl\/ciclo-de-seminarios-educacion-y-fronteras\/\">seminarios aqu\u00ed<\/a>.<\/p>\n\n\n\n<p>El N\u00facleo es patrocinado por el Centro de Estudios del Conflicto y la Cohesi\u00f3n Social, el proyecto milenio Migra y el Grupo de Investigaci\u00f3n Interdisciplinaria en Gesti\u00f3n de la Educaci\u00f3n de Calidad. Adem\u00e1s, esta iniciativa es apoyada con los recursos del fondo de fortalecimiento de la internacionalizaci\u00f3n del Doctorado de Educaci\u00f3n de la UTA financiado por la ANID.<\/p>\n\n\n\n<p><strong>Lanzamiento del ciclo de seminarios: Documental Caminatas Constituyentes y charla de Mar\u00eda Emilia Tijoux<\/strong><\/p>\n\n\n\n<p>El pr\u00f3ximo viernes 21 de abril se realizar\u00e1 el lanzamiento del ciclo de seminarios, y contar\u00e1 con la visita de una delegaci\u00f3n de estudiantes y profesores de la Universidad de Tacna, quienes compartir\u00e1n una jornada reflexiva con estudiantes del doctorado de Educaci\u00f3n de la UTA.&nbsp;<\/p>\n\n\n\n<p>Por la tarde, se realizar\u00e1 el lanzamiento del doctorado, el que contempla dos momentos. En la primera parte, se realizar\u00e1 la exhibici\u00f3n del&nbsp; documental \u201cLos Pasos del Migrante\u201d, el cual ser\u00e1 comentado por los acad\u00e9micos Dra. Carolina Stefoni, directora del Doctorado de Ciencias Sociales, y el Dr.&nbsp; Ra\u00fal Bustos, director del doctorado en Educaci\u00f3n. Este documental es parte de la serie de documentales Caminatas Constituyentes; una co-producci\u00f3n realizada entre el Centro de Estudios del Conflicto y Cohesi\u00f3n Social (COES) y el Instituto Franc\u00e9s de Chile. Posteriormente, la acad\u00e9mica Mar\u00eda Emilia Tijoux realizar\u00e1 la charla inaugural del ciclo de seminarios sobre los procesos de-subjetivaci\u00f3n que experimentan los ni\u00f1os migrantes en Chile. La actividad, programada el 21\/04 las 16:00 horas&nbsp; de Chile continental, se realizar\u00e1 en el auditorio de la Facultad de Ciencias Sociales, ubicado en el campus Saucache, y ser\u00e1 transmitida online. Inscripciones al evento <a href=\"https:\/\/zoom.us\/meeting\/register\/tJYkf-2orDstHtXnkewluTsWY08pUmc4gVL1?_x_zm_rtaid=BZ8HuuhCQNqUOOL2q2LpKg.1680654112466.164c1c030ae1d9d8ff577b5d7f56c886&amp;_x_zm_rhtaid=453\">aqu\u00ed<\/a>.<\/p>\n\n\n\n<p><strong>Sobre la Acad\u00e9mica Mar\u00eda Emilia Tijoux<\/strong><\/p>\n\n\n\n<p>Maria Emilia Tijoux es profesora Titular de la escuela de Sociolog\u00eda en la facultad de Ciencias Sociales de la U. de Chile. Soci\u00f3loga, Mag\u00edster en Ciencias de la Educaci\u00f3n, Universidad Paris 12 y Doctora en Sociolog\u00eda en la Universidad Par\u00eds 8. Coordina el N\u00facleo de estudios sobre Sociolog\u00eda del cuerpo y las emociones. Ha sido directora e investigadora responsable en proyectos ANID: Anillos, Fonis, Fondecyt, Ecos Conicyt y en proyectos de la U. de Chile. Investiga sobre las migraciones contempor\u00e1neas y el racismo en Chile y ha publicado libros, cap\u00edtulos de libros y art\u00edculos sobre esas tem\u00e1ticas. Destacan el &#8220;Racismo en Chile. La piel como marca de la inmigraci\u00f3n en Ed. Universitaria, 2016, y &#8220;La deshumanizaci\u00f3n de las personas migrantes. Los l\u00edmites del estado y la urgencia de reconocimiento&#8221;, en Ed. Quimant\u00fa, a\u00f1o 2022. Forma parte de la Red de Migrantes y pro migrantes y es Directora de la revista Actuel Marx Intervenciones.<\/p>\n","protected":false},"excerpt":{"rendered":"<p>Buscan contribuir a la formaci\u00f3n de estudiantes de postgrado de la macro zona centro sur andina y propiciar una agenda colaborativa sobre tem\u00e1ticas de educaci\u00f3n intercultural entre investigadores de carrera temprana.<\/p>\n","protected":false},"author":11,"featured_media":45021,"comment_status":"open","ping_status":"open","sticky":false,"template":"","format":"standard","meta":[],"categories":[51],"tags":[],"_links":{"self":[{"href":"https:\/\/www.uta.cl\/index.php\/wp-json\/wp\/v2\/posts\/45020"}],"collection":[{"href":"https:\/\/www.uta.cl\/index.php\/wp-json\/wp\/v2\/posts"}],"about":[{"href":"https:\/\/www.uta.cl\/index.php\/wp-json\/wp\/v2\/types\/post"}],"author":[{"embeddable":true,"href":"https:\/\/www.uta.cl\/index.php\/wp-json\/wp\/v2\/users\/11"}],"replies":[{"embeddable":true,"href":"https:\/\/www.uta.cl\/index.php\/wp-json\/wp\/v2\/comments?post=45020"}],"version-history":[{"count":1,"href":"https:\/\/www.uta.cl\/index.php\/wp-json\/wp\/v2\/posts\/45020\/revisions"}],"predecessor-version":[{"id":45022,"href":"https:\/\/www.uta.cl\/index.php\/wp-json\/wp\/v2\/posts\/45020\/revisions\/45022"}],"wp:featuredmedia":[{"embeddable":true,"href":"https:\/\/www.uta.cl\/index.php\/wp-json\/wp\/v2\/media\/45021"}],"wp:attachment":[{"href":"https:\/\/www.uta.cl\/index.php\/wp-json\/wp\/v2\/media?parent=45020"}],"wp:term":[{"taxonomy":"category","embeddable":true,"href":"https:\/\/www.uta.cl\/index.php\/wp-json\/wp\/v2\/categories?post=45020"},{"taxonomy":"post_tag","embeddable":true,"href":"https:\/\/www.uta.cl\/index.php\/wp-json\/wp\/v2\/tags?post=45020"}],"curies":[{"name":"wp","href":"https:\/\/api.w.org\/{rel}","templated":true}]}}