{"id":4452,"date":"2019-01-02T20:54:33","date_gmt":"2019-01-02T20:54:33","guid":{"rendered":"http:\/\/www.uta.cl\/?p=4452"},"modified":"2019-01-02T21:53:23","modified_gmt":"2019-01-02T21:53:23","slug":"en-colegio-arica-college-proyecto-explora-de-la-uta-entrega-reconocimientos-a-profesores-de-la-red","status":"publish","type":"post","link":"https:\/\/www.uta.cl\/index.php\/2019\/01\/02\/en-colegio-arica-college-proyecto-explora-de-la-uta-entrega-reconocimientos-a-profesores-de-la-red\/","title":{"rendered":"En Colegio Arica College Proyecto Explora de la UTA entrega reconocimientos a profesores de la red"},"content":{"rendered":"\n<p>Alrededor de 50 profesores se reunieron en una jornada de encuentro, convocada por el Proyecto Asociativo Regional Explora, ejecutado por la Universidad de Tarapac\u00e1.<\/p>\n\n\n\n<p>\n\nEn la jornada, los profesores, activos participantes en actividades de valoraci\u00f3n y divulgaci\u00f3n del proyecto Explora, conocieron la evaluaci\u00f3n de las actividades del a\u00f1o 2018 y la propuesta del a\u00f1o 2019, entregando sus observaciones, experiencias y opiniones en este conversatorio.\n\n<\/p>\n\n\n\n<p>En la ocasi\u00f3n a quienes forman parte de la red de socios estrat\u00e9gicos de esta iniciativa, se les entreg\u00f3 un reconocimiento por su trabajo constante y participaci\u00f3n en el quehacer de Explora en la regi\u00f3n.<\/p>\n\n\n\n<p>\n\nEn la bienvenida, la directora del PAR Explora, M\u00f3nica Navarrete se\u00f1al\u00f3 que es importante efectuar el proceso de retroalimentaci\u00f3n al t\u00e9rmino del a\u00f1o con quienes son piezas claves en el \u00e9xito de las actividades. &#8220;Sin ustedes, no podr\u00edamos realizar las actividades de Explora, por eso nuestra mirada es de un proyecto que intenta colaborar en el proceso formativo, pero son ustedes quienes lo llevan al aula. Si no les escuch\u00e1ramos, no tenemos la oportunidad de saber c\u00f3mo lo estamos haciendo y no vamos a poder mejorar&#8221;, indic\u00f3 la directora, manifestando su agrado por la exitosa convocatoria para evaluar y ver lo que viene para el pr\u00f3ximo a\u00f1o.\n\n<\/p>\n\n\n\n<p>Los profesores participaron activamente en la jornada con propuestas de actividades y manifestaron sus opiniones.Karol Sep\u00falveda, del Colegio Azapa Valley School indic\u00f3 que &#8220;Me pareci\u00f3 s\u00faper enriquecedora, porque no es tan com\u00fan que se realice una evaluaci\u00f3n final de lo que se hace durante el a\u00f1o y me encanta porque de esta manera se puede mejorar&#8221;.<\/p>\n\n\n\n<p>Nicole \u00c1lvarez, del Colegio TISA se\u00f1al\u00f3 &#8220;Me siento muy a gusto y agradecida de la experiencia y con toda la motivaci\u00f3n para el pr\u00f3ximo a\u00f1o seguir participando&#8221;.<\/p>\n\n\n\n<p>Nelson Mart\u00ednez, del Colegio Chile Norte destac\u00f3 que &#8220;Se ve bastante bueno, cada vez se est\u00e1n peleando m\u00e1s las ofertas que tiene Explora, no s\u00f3lo los profesores de ciencia sino que los de las otras \u00e1reas del conocimiento que tenemos en los colegios&#8221;.<\/p>\n\n\n\n<p>De igua forma, Eduardo Elgueda, del Colegio Arica College manifest\u00f3 que &#8220;Fue novedoso el tema de juntarnos a los profesores que participamos en los proyectos en la ciudad, las actividades se ven bastante buenas sobre todo los Mil Cient\u00edficos Mil Aulas, porque abre puertas y puede dar el puntapi\u00e9 inicial para que los ni\u00f1os se motiven con la investigaci\u00f3n y la ciencia&#8221;.<\/p>\n\n\n\n<p>Marcos Retamal, del Colegio Adolfo Beyzaga enfatiz\u00f3 que &#8220;Lo interesante fue el recuento de todo el a\u00f1o de Explora en los colegios y lo mejor son las actividades que se vienen para el pr\u00f3ximo a\u00f1o&#8221;. Leydi D\u00edaz, de la Escuela Rep\u00fablica de Israel dijo &#8220;Me pareci\u00f3 espectacular, son muchas actividades de las cuales queremos participar, as\u00ed que este a\u00f1o nos vamos a dedicar a planificarnos para dar lo mejor como siempre en Explora&#8221;.<\/p>\n\n\n\n<p>Finalmente Leonardo M\u00e1rquez, de la Escuela Rep\u00fablica de Israel dijo que &#8220;Las propuestas me parecen excelentes porque est\u00e1 todo bien planificado y a nosotros nos interesa participar y ya empezamos a vislumbrar en lo que podemos aportar: Me gust\u00f3 harto el cierre porque la retroalimentaci\u00f3n es importante&#8221;.<\/p>\n\n\n\n<ul class=\"wp-block-gallery columns-2 is-cropped\"><li class=\"blocks-gallery-item\"><figure><a href=\"http:\/\/www.uta.cl\/wp-content\/uploads\/2019\/01\/n31_02012019.jpg\"><img loading=\"lazy\" width=\"900\" height=\"300\" src=\"http:\/\/www.uta.cl\/wp-content\/uploads\/2019\/01\/n31_02012019.jpg\" alt=\"\" data-id=\"4464\" data-link=\"http:\/\/www.uta.cl\/index.php\/2019\/01\/02\/en-colegio-arica-college-proyecto-explora-de-la-uta-entrega-reconocimientos-a-profesores-de-la-red\/n31_02012019\/\" class=\"wp-image-4464\" srcset=\"https:\/\/www.uta.cl\/wp-content\/uploads\/2019\/01\/n31_02012019.jpg 900w, https:\/\/www.uta.cl\/wp-content\/uploads\/2019\/01\/n31_02012019-300x100.jpg 300w, https:\/\/www.uta.cl\/wp-content\/uploads\/2019\/01\/n31_02012019-768x256.jpg 768w\" sizes=\"(max-width: 900px) 100vw, 900px\" \/><\/a><\/figure><\/li><li class=\"blocks-gallery-item\"><figure><a href=\"http:\/\/www.uta.cl\/wp-content\/uploads\/2019\/01\/n3_02012019.jpg\"><img loading=\"lazy\" width=\"404\" height=\"221\" src=\"http:\/\/www.uta.cl\/wp-content\/uploads\/2019\/01\/n3_02012019.jpg\" alt=\"\" data-id=\"4453\" data-link=\"http:\/\/www.uta.cl\/index.php\/2019\/01\/02\/en-colegio-arica-college-proyecto-explora-de-la-uta-entrega-reconocimientos-a-profesores-de-la-red\/n3_02012019\/\" class=\"wp-image-4453\" srcset=\"https:\/\/www.uta.cl\/wp-content\/uploads\/2019\/01\/n3_02012019.jpg 404w, https:\/\/www.uta.cl\/wp-content\/uploads\/2019\/01\/n3_02012019-300x164.jpg 300w\" sizes=\"(max-width: 404px) 100vw, 404px\" \/><\/a><\/figure><\/li><\/ul>\n","protected":false},"excerpt":{"rendered":"<p>Docentes de la regi\u00f3n participaron activamente, entregando sus observaciones, experiencias y opiniones en este conversatorio.<\/p>\n","protected":false},"author":1,"featured_media":4464,"comment_status":"open","ping_status":"open","sticky":false,"template":"","format":"standard","meta":[],"categories":[],"tags":[],"_links":{"self":[{"href":"https:\/\/www.uta.cl\/index.php\/wp-json\/wp\/v2\/posts\/4452"}],"collection":[{"href":"https:\/\/www.uta.cl\/index.php\/wp-json\/wp\/v2\/posts"}],"about":[{"href":"https:\/\/www.uta.cl\/index.php\/wp-json\/wp\/v2\/types\/post"}],"author":[{"embeddable":true,"href":"https:\/\/www.uta.cl\/index.php\/wp-json\/wp\/v2\/users\/1"}],"replies":[{"embeddable":true,"href":"https:\/\/www.uta.cl\/index.php\/wp-json\/wp\/v2\/comments?post=4452"}],"version-history":[{"count":14,"href":"https:\/\/www.uta.cl\/index.php\/wp-json\/wp\/v2\/posts\/4452\/revisions"}],"predecessor-version":[{"id":4491,"href":"https:\/\/www.uta.cl\/index.php\/wp-json\/wp\/v2\/posts\/4452\/revisions\/4491"}],"wp:featuredmedia":[{"embeddable":true,"href":"https:\/\/www.uta.cl\/index.php\/wp-json\/wp\/v2\/media\/4464"}],"wp:attachment":[{"href":"https:\/\/www.uta.cl\/index.php\/wp-json\/wp\/v2\/media?parent=4452"}],"wp:term":[{"taxonomy":"category","embeddable":true,"href":"https:\/\/www.uta.cl\/index.php\/wp-json\/wp\/v2\/categories?post=4452"},{"taxonomy":"post_tag","embeddable":true,"href":"https:\/\/www.uta.cl\/index.php\/wp-json\/wp\/v2\/tags?post=4452"}],"curies":[{"name":"wp","href":"https:\/\/api.w.org\/{rel}","templated":true}]}}