{"id":40256,"date":"2022-12-20T21:42:18","date_gmt":"2022-12-20T21:42:18","guid":{"rendered":"https:\/\/www.uta.cl\/?p=40256"},"modified":"2024-10-29T17:49:12","modified_gmt":"2024-10-29T17:49:12","slug":"egresa-la-primera-generacion-de-la-facultad-de-medicina-de-la-universidad-de-tarapaca","status":"publish","type":"post","link":"https:\/\/www.uta.cl\/index.php\/2022\/12\/20\/egresa-la-primera-generacion-de-la-facultad-de-medicina-de-la-universidad-de-tarapaca\/","title":{"rendered":"Egresa la primera generaci\u00f3n de la Facultad de Medicina de la Universidad de Tarapac\u00e1"},"content":{"rendered":"\n<div class=\"wp-block-image\"><figure class=\"aligncenter size-large\"><a href=\"https:\/\/www.uta.cl\/wp-content\/uploads\/2022\/12\/DAF9507.jpg\"><img loading=\"lazy\" width=\"1000\" height=\"667\" src=\"https:\/\/www.uta.cl\/wp-content\/uploads\/2022\/12\/DAF9507.jpg\" alt=\"\" class=\"wp-image-40259\" srcset=\"https:\/\/www.uta.cl\/wp-content\/uploads\/2022\/12\/DAF9507.jpg 1000w, https:\/\/www.uta.cl\/wp-content\/uploads\/2022\/12\/DAF9507-300x200.jpg 300w, https:\/\/www.uta.cl\/wp-content\/uploads\/2022\/12\/DAF9507-768x512.jpg 768w\" sizes=\"(max-width: 1000px) 100vw, 1000px\" \/><\/a><\/figure><\/div>\n\n\n\n<p>Durante la tarde del viernes 16 de diciembre se llev\u00f3 a cabo la titulaci\u00f3n de los primeros m\u00e9dicos y m\u00e9dicas profesionales de la Facultad de Medicina. Los 17 alumnos y alumnas fueron celebrados en una emotiva ceremonia donde tambi\u00e9n hicieron toma del juramento hipocr\u00e1tico frente a la presencia de autoridades nacionales, regionales, universitarias, acad\u00e9micos y familiares.<\/p>\n\n\n\n<p>En la ocasi\u00f3n el Rector de la UTA, Dr. Emilio Rodr\u00edguez Ponce expres\u00f3 &#8220;estamos orgullosos y creemos que hemos dado un paso decisivo en la consolidaci\u00f3n de un \u00e1rea que es fundamental. En los pr\u00f3ximos a\u00f1os esperamos desde luego poder trabajar en el \u00e1mbito de las especialidades m\u00e9dicas, que es donde tenemos que seguir avanzando. La Universidad de Tarapac\u00e1 progresa, se desarrolla y el \u00e1rea de medicina es una de sus \u00e1reas estrat\u00e9gicas, un eje de desarrollo, hoy d\u00eda en el pregrado, en investigaci\u00f3n y ma\u00f1ana con fuerza en la especialidad m\u00e9dica&#8221;.<\/p>\n\n\n\n<p>En la misma l\u00ednea de lo se\u00f1alado por el Rector, la Decana de la Facultad de Medicina Dra. Andrea Larrazabal Miranda, comparti\u00f3 que &#8220;la Universidad de Tarapac\u00e1 cumpli\u00f3 con toda la expectativa, cumpli\u00f3 con lo que se les hab\u00eda prometido y finalmente se lograron recibir nuestros 17 primeros egresados. Estamos muy contentos y esperamos poder crecer y tener aqu\u00ed a un plazo mediano pr\u00f3ximo, especialidades m\u00e9dicas, ese es el nuevo desaf\u00edo&#8221;.<\/p>\n\n\n\n<div class=\"wp-block-image\"><figure class=\"aligncenter size-large\"><a href=\"https:\/\/www.uta.cl\/wp-content\/uploads\/2022\/12\/DAF9585-scaled.jpg\"><img loading=\"lazy\" width=\"1024\" height=\"683\" src=\"https:\/\/www.uta.cl\/wp-content\/uploads\/2022\/12\/DAF9585-1024x683.jpg\" alt=\"\" class=\"wp-image-40260\" srcset=\"https:\/\/www.uta.cl\/wp-content\/uploads\/2022\/12\/DAF9585-1024x683.jpg 1024w, https:\/\/www.uta.cl\/wp-content\/uploads\/2022\/12\/DAF9585-300x200.jpg 300w, https:\/\/www.uta.cl\/wp-content\/uploads\/2022\/12\/DAF9585-768x512.jpg 768w, https:\/\/www.uta.cl\/wp-content\/uploads\/2022\/12\/DAF9585-1536x1024.jpg 1536w, https:\/\/www.uta.cl\/wp-content\/uploads\/2022\/12\/DAF9585-2048x1365.jpg 2048w\" sizes=\"(max-width: 1024px) 100vw, 1024px\" \/><\/a><\/figure><\/div>\n\n\n\n<p>Respecto al rol que cumple la UTA en el desarrollo regional y la formaci\u00f3n de futuros profesionales, el senador Jos\u00e9 Durana coment\u00f3 que \u201cla Universidad de Tarapac\u00e1 juega un rol trascendental en torno a generar las condiciones para dar seguridad y oportunidades justamente a este grupo de profesionales que hoy van a poder satisfacer una demanda de una regi\u00f3n extrema y dar seguridad para quienes vivimos aqu\u00ed en Arica y Parinacota que con mucha m\u00e1s fuerza que nunca, ya no vamos a necesitar de las l\u00edneas a\u00e9reas o cruzar las l\u00edneas de nuestra frontera, sino que vamos a tener aqu\u00ed a nuestros m\u00e9dicos que el d\u00eda de ma\u00f1ana tambi\u00e9n ser\u00e1n especialistas\u201d.<\/p>\n\n\n\n<p>Durante la ceremonia se distinguieron a aquellos egresados que se destacaron en su promoci\u00f3n, como en el caso de la Dra. Andrea Bustamante Adasme quien fue reconocida como la mejor egresada de la promoci\u00f3n 2022. \u201cEs un gran compromiso todo lo que significa el reci\u00e9n egresar, no tanto hacia lo que es lo nuestro, sino hacia la comunidad y todo lo que nos entregaron, todo el apoyo de la gente, todos los pacientes que atendimos y todo lo que vamos a poder ense\u00f1ar a nuestros contempor\u00e1neos que vienen un poquito m\u00e1s abajo, por lo tanto es un gran compromiso\u201d, expres\u00f3 la joven egresada.<\/p>\n\n\n\n<figure class=\"wp-block-gallery columns-2 is-cropped\"><ul class=\"blocks-gallery-grid\"><li class=\"blocks-gallery-item\"><figure><a href=\"https:\/\/www.uta.cl\/wp-content\/uploads\/2022\/12\/DAF9501.jpg\"><img loading=\"lazy\" width=\"1000\" height=\"667\" src=\"https:\/\/www.uta.cl\/wp-content\/uploads\/2022\/12\/DAF9501.jpg\" alt=\"\" data-id=\"40258\" data-full-url=\"https:\/\/www.uta.cl\/wp-content\/uploads\/2022\/12\/DAF9501.jpg\" data-link=\"https:\/\/www.uta.cl\/?attachment_id=40258\" class=\"wp-image-40258\" srcset=\"https:\/\/www.uta.cl\/wp-content\/uploads\/2022\/12\/DAF9501.jpg 1000w, https:\/\/www.uta.cl\/wp-content\/uploads\/2022\/12\/DAF9501-300x200.jpg 300w, https:\/\/www.uta.cl\/wp-content\/uploads\/2022\/12\/DAF9501-768x512.jpg 768w\" sizes=\"(max-width: 1000px) 100vw, 1000px\" \/><\/a><\/figure><\/li><li class=\"blocks-gallery-item\"><figure><a href=\"https:\/\/www.uta.cl\/wp-content\/uploads\/2022\/12\/DAF9593.jpg\"><img loading=\"lazy\" width=\"1000\" height=\"667\" src=\"https:\/\/www.uta.cl\/wp-content\/uploads\/2022\/12\/DAF9593.jpg\" alt=\"\" data-id=\"40257\" data-full-url=\"https:\/\/www.uta.cl\/wp-content\/uploads\/2022\/12\/DAF9593.jpg\" data-link=\"https:\/\/www.uta.cl\/?attachment_id=40257\" class=\"wp-image-40257\" srcset=\"https:\/\/www.uta.cl\/wp-content\/uploads\/2022\/12\/DAF9593.jpg 1000w, https:\/\/www.uta.cl\/wp-content\/uploads\/2022\/12\/DAF9593-300x200.jpg 300w, https:\/\/www.uta.cl\/wp-content\/uploads\/2022\/12\/DAF9593-768x512.jpg 768w\" sizes=\"(max-width: 1000px) 100vw, 1000px\" \/><\/a><\/figure><\/li><\/ul><\/figure>\n","protected":false},"excerpt":{"rendered":"<p>Durante la tarde del viernes 16 de diciembre se llev\u00f3 a cabo la titulaci\u00f3n de los primeros m\u00e9dicos y m\u00e9dicas profesionales de la Facultad de Medicina. Los 17 alumnos y alumnas fueron celebrados en una emotiva ceremonia donde tambi\u00e9n hicieron toma del juramento hipocr\u00e1tico frente a la presencia de autoridades nacionales, regionales, universitarias, acad\u00e9micos y [&hellip;]<\/p>\n","protected":false},"author":11,"featured_media":40260,"comment_status":"open","ping_status":"open","sticky":false,"template":"","format":"standard","meta":[],"categories":[338,91],"tags":[],"_links":{"self":[{"href":"https:\/\/www.uta.cl\/index.php\/wp-json\/wp\/v2\/posts\/40256"}],"collection":[{"href":"https:\/\/www.uta.cl\/index.php\/wp-json\/wp\/v2\/posts"}],"about":[{"href":"https:\/\/www.uta.cl\/index.php\/wp-json\/wp\/v2\/types\/post"}],"author":[{"embeddable":true,"href":"https:\/\/www.uta.cl\/index.php\/wp-json\/wp\/v2\/users\/11"}],"replies":[{"embeddable":true,"href":"https:\/\/www.uta.cl\/index.php\/wp-json\/wp\/v2\/comments?post=40256"}],"version-history":[{"count":1,"href":"https:\/\/www.uta.cl\/index.php\/wp-json\/wp\/v2\/posts\/40256\/revisions"}],"predecessor-version":[{"id":40261,"href":"https:\/\/www.uta.cl\/index.php\/wp-json\/wp\/v2\/posts\/40256\/revisions\/40261"}],"wp:featuredmedia":[{"embeddable":true,"href":"https:\/\/www.uta.cl\/index.php\/wp-json\/wp\/v2\/media\/40260"}],"wp:attachment":[{"href":"https:\/\/www.uta.cl\/index.php\/wp-json\/wp\/v2\/media?parent=40256"}],"wp:term":[{"taxonomy":"category","embeddable":true,"href":"https:\/\/www.uta.cl\/index.php\/wp-json\/wp\/v2\/categories?post=40256"},{"taxonomy":"post_tag","embeddable":true,"href":"https:\/\/www.uta.cl\/index.php\/wp-json\/wp\/v2\/tags?post=40256"}],"curies":[{"name":"wp","href":"https:\/\/api.w.org\/{rel}","templated":true}]}}