{"id":39961,"date":"2022-12-05T20:37:37","date_gmt":"2022-12-05T20:37:37","guid":{"rendered":"https:\/\/www.uta.cl\/?p=39961"},"modified":"2023-05-02T15:10:26","modified_gmt":"2023-05-02T15:10:26","slug":"nueva-mision-como-experto-internacional-de-academico-de-la-facsal","status":"publish","type":"post","link":"https:\/\/www.uta.cl\/index.php\/2022\/12\/05\/nueva-mision-como-experto-internacional-de-academico-de-la-facsal\/","title":{"rendered":"Nueva misi\u00f3n como experto internacional de acad\u00e9mico de la FACSAL"},"content":{"rendered":"\n<div class=\"wp-block-image\"><figure class=\"alignleft size-large is-resized\"><a href=\"https:\/\/www.uta.cl\/wp-content\/uploads\/2022\/12\/Imagen3-1.jpg\"><img loading=\"lazy\" src=\"https:\/\/www.uta.cl\/wp-content\/uploads\/2022\/12\/Imagen3-1.jpg\" alt=\"\" class=\"wp-image-39962\" width=\"351\" height=\"263\" srcset=\"https:\/\/www.uta.cl\/wp-content\/uploads\/2022\/12\/Imagen3-1.jpg 589w, https:\/\/www.uta.cl\/wp-content\/uploads\/2022\/12\/Imagen3-1-300x225.jpg 300w\" sizes=\"(max-width: 351px) 100vw, 351px\" \/><\/a><\/figure><\/div>\n\n\n\n<p>En el marco del apoyo permanente que realiza el Organismo Internacional de Energ\u00eda At\u00f3mica (OIEA) a sus pa\u00edses miembros, a trav\u00e9s, de la oficina de Cooperaci\u00f3n T\u00e9cnica, se llev\u00f3 a cabo en San Jos\u00e9 de Costa Rica entre el 14 al 18 del presente mes el <strong><em>&#8220;Regional Training Course on Quality Assurance and Dosimetry in general radiography (conventional and digital), fluoroscopy and interventional radiology&#8221;, <\/em><\/strong>dirigido a F\u00edsicos M\u00e9dicos de todos los pa\u00edses de Am\u00e9rica Latina y el Caribe. &nbsp;<\/p>\n\n\n\n<p>En esta ocasi\u00f3n el Dr. Carlos Ubeda de la Cerda, profesor Titular de la Facultad de Ciencias de la Salud (FACSAL), fue nominado por el OIEA una vez m\u00e1s para ser parte del equipo de expertos internacionales que dicto este curso. Cabe la pena se\u00f1alar que el Dr. Ubeda ha participado de manera ininterrumpida desde el a\u00f1o 2016 en estas nominaciones, lo cual demuestra su vigencia como referente internacional de estas materias fundamentado en una importante productividad cient\u00edfica.<\/p>\n\n\n\n<p>En relaci\u00f3n a la trascendencia de esta nominaci\u00f3n, el Dr. Ubeda coment\u00f3: \u201cEn primer lugar, me pone muy contento y orgulloso haber sido nominado para este curso junto a otros 2 importantes exponentes de la F\u00edsica M\u00e9dica en Diagn\u00f3stico por Imagen en nuestra regi\u00f3n y me refiero a la Dra. Regina Vitelli y el Dr. Manuel Arreola, la primera profesora de la Universidad de Sao Pablo y el segundo de la Universidad de la Florida. En segundo lugar, visibiliza a la Universidad de Tarapac\u00e1 como un referente internacional en temas de investigaci\u00f3n sobre la F\u00edsica M\u00e9dica en Diagn\u00f3stico por Imagen. En tercer lugar, nuestro programa de Magister en F\u00edsica M\u00e9dica que comienza el pr\u00f3ximo a\u00f1o trasciende nuestras fronteras y estoy esperanzado en que tengamos alumnos de otros pa\u00edses. En cuarto lugar, se avanzar\u00e1 en la firma de convenios de colaboraci\u00f3n con importantes universidad a nivel mundial para fortalecer esencialmente el nuevo postgrado y por \u00faltimo indicar la pertinencia y actualidad de nuestro Mag\u00edster en F\u00edsica M\u00e9dica en Diagn\u00f3stico por Imagen, el cual es \u00fanico en nuestro pa\u00eds\u201d.<\/p>\n\n\n\n<p>Finalmente, indicar que el Dr. Ubeda es desde el a\u00f1o 2020 Consultor para las Organizaciones Mundial y Panamericana de la Salud, a cargo del proyecto OPRIPALC (<a href=\"https:\/\/opripalc.org\/\">https:\/\/opripalc.org\/<\/a>). Adem\u00e1s, est\u00e1 trabajando como uno de los 5 expertos internacionales nominado por el propio OIEA en la creaci\u00f3n y redacci\u00f3n de documento titulado \u201c<strong><em>Guidance document on QC\/QA and optimizafion of equipment and procedures used in fluoroscopically-guided interventional radiology\u201d<\/em><\/strong>, que se transformar\u00e1 en la principal gu\u00eda mundial sobre estas pr\u00e1cticas m\u00e9dicas.<\/p>\n\n\n\n<figure class=\"wp-block-gallery columns-2 is-cropped\"><ul class=\"blocks-gallery-grid\"><li class=\"blocks-gallery-item\"><figure><a href=\"https:\/\/www.uta.cl\/wp-content\/uploads\/2022\/12\/Imagen2-1.jpg\"><img loading=\"lazy\" width=\"589\" height=\"442\" src=\"https:\/\/www.uta.cl\/wp-content\/uploads\/2022\/12\/Imagen2-1.jpg\" alt=\"\" data-id=\"39964\" data-full-url=\"https:\/\/www.uta.cl\/wp-content\/uploads\/2022\/12\/Imagen2-1.jpg\" data-link=\"https:\/\/www.uta.cl\/?attachment_id=39964\" class=\"wp-image-39964\" srcset=\"https:\/\/www.uta.cl\/wp-content\/uploads\/2022\/12\/Imagen2-1.jpg 589w, https:\/\/www.uta.cl\/wp-content\/uploads\/2022\/12\/Imagen2-1-300x225.jpg 300w\" sizes=\"(max-width: 589px) 100vw, 589px\" \/><\/a><\/figure><\/li><li class=\"blocks-gallery-item\"><figure><a href=\"https:\/\/www.uta.cl\/wp-content\/uploads\/2022\/12\/Imagen1-1.jpg\"><img loading=\"lazy\" width=\"589\" height=\"442\" src=\"https:\/\/www.uta.cl\/wp-content\/uploads\/2022\/12\/Imagen1-1.jpg\" alt=\"\" data-id=\"39963\" data-full-url=\"https:\/\/www.uta.cl\/wp-content\/uploads\/2022\/12\/Imagen1-1.jpg\" data-link=\"https:\/\/www.uta.cl\/?attachment_id=39963\" class=\"wp-image-39963\" srcset=\"https:\/\/www.uta.cl\/wp-content\/uploads\/2022\/12\/Imagen1-1.jpg 589w, https:\/\/www.uta.cl\/wp-content\/uploads\/2022\/12\/Imagen1-1-300x225.jpg 300w\" sizes=\"(max-width: 589px) 100vw, 589px\" \/><\/a><\/figure><\/li><\/ul><\/figure>\n","protected":false},"excerpt":{"rendered":"<p>\u201cMe pone muy contento y orgulloso haber sido nominado para este curso junto a otros 2 importantes exponentes de la F\u00edsica M\u00e9dica en Diagn\u00f3stico por Imagen en nuestra regi\u00f3n y me refiero a la Dra. Regina Vitelli y el Dr. Manuel Arreola\u201d.<\/p>\n","protected":false},"author":11,"featured_media":39962,"comment_status":"open","ping_status":"open","sticky":false,"template":"","format":"standard","meta":[],"categories":[35,51],"tags":[],"_links":{"self":[{"href":"https:\/\/www.uta.cl\/index.php\/wp-json\/wp\/v2\/posts\/39961"}],"collection":[{"href":"https:\/\/www.uta.cl\/index.php\/wp-json\/wp\/v2\/posts"}],"about":[{"href":"https:\/\/www.uta.cl\/index.php\/wp-json\/wp\/v2\/types\/post"}],"author":[{"embeddable":true,"href":"https:\/\/www.uta.cl\/index.php\/wp-json\/wp\/v2\/users\/11"}],"replies":[{"embeddable":true,"href":"https:\/\/www.uta.cl\/index.php\/wp-json\/wp\/v2\/comments?post=39961"}],"version-history":[{"count":1,"href":"https:\/\/www.uta.cl\/index.php\/wp-json\/wp\/v2\/posts\/39961\/revisions"}],"predecessor-version":[{"id":39965,"href":"https:\/\/www.uta.cl\/index.php\/wp-json\/wp\/v2\/posts\/39961\/revisions\/39965"}],"wp:featuredmedia":[{"embeddable":true,"href":"https:\/\/www.uta.cl\/index.php\/wp-json\/wp\/v2\/media\/39962"}],"wp:attachment":[{"href":"https:\/\/www.uta.cl\/index.php\/wp-json\/wp\/v2\/media?parent=39961"}],"wp:term":[{"taxonomy":"category","embeddable":true,"href":"https:\/\/www.uta.cl\/index.php\/wp-json\/wp\/v2\/categories?post=39961"},{"taxonomy":"post_tag","embeddable":true,"href":"https:\/\/www.uta.cl\/index.php\/wp-json\/wp\/v2\/tags?post=39961"}],"curies":[{"name":"wp","href":"https:\/\/api.w.org\/{rel}","templated":true}]}}