{"id":39440,"date":"2022-11-08T14:47:06","date_gmt":"2022-11-08T14:47:06","guid":{"rendered":"https:\/\/www.uta.cl\/?p=39440"},"modified":"2022-11-08T14:47:06","modified_gmt":"2022-11-08T14:47:06","slug":"direccion-de-asuntos-estudiantiles-de-la-uta-realiza-exitosa-feria-social-de-emprendimiento-estudiantil","status":"publish","type":"post","link":"https:\/\/www.uta.cl\/index.php\/2022\/11\/08\/direccion-de-asuntos-estudiantiles-de-la-uta-realiza-exitosa-feria-social-de-emprendimiento-estudiantil\/","title":{"rendered":"Direcci\u00f3n de Asuntos Estudiantiles de la UTA realiza exitosa Feria Social de Emprendimiento Estudiantil"},"content":{"rendered":"\n<figure class=\"wp-block-image size-large\"><a href=\"https:\/\/www.uta.cl\/wp-content\/uploads\/2022\/11\/FOTO-PORTADA-NOTA-1.jpg\"><img loading=\"lazy\" width=\"1000\" height=\"667\" src=\"https:\/\/www.uta.cl\/wp-content\/uploads\/2022\/11\/FOTO-PORTADA-NOTA-1.jpg\" alt=\"\" class=\"wp-image-39426\" srcset=\"https:\/\/www.uta.cl\/wp-content\/uploads\/2022\/11\/FOTO-PORTADA-NOTA-1.jpg 1000w, https:\/\/www.uta.cl\/wp-content\/uploads\/2022\/11\/FOTO-PORTADA-NOTA-1-300x200.jpg 300w, https:\/\/www.uta.cl\/wp-content\/uploads\/2022\/11\/FOTO-PORTADA-NOTA-1-768x512.jpg 768w\" sizes=\"(max-width: 1000px) 100vw, 1000px\" \/><\/a><\/figure>\n\n\n\n<p>Exitosa y masiva result\u00f3 la Feria Social de Emprendimiento Estudiantil realizada el 27 de octubre en las canchas del Complejo Deportivo de la UTA. La actividad, organizada por la Oficina de Asistencia Social de la Direcci\u00f3n de Asuntos Estudiantiles (DAE), cont\u00f3 con m\u00e1s de 38 stands, presentaci\u00f3n de artistas, m\u00fasica y sorteos en vivo, danza, magia y mucha entretenci\u00f3n para los visitantes.<\/p>\n\n\n\n<div class=\"wp-block-image\"><figure class=\"alignleft size-large is-resized\"><a href=\"https:\/\/www.uta.cl\/wp-content\/uploads\/2022\/11\/DSC_1072.jpg\"><img loading=\"lazy\" src=\"https:\/\/www.uta.cl\/wp-content\/uploads\/2022\/11\/DSC_1072.jpg\" alt=\"\" class=\"wp-image-39448\" width=\"351\" height=\"234\" srcset=\"https:\/\/www.uta.cl\/wp-content\/uploads\/2022\/11\/DSC_1072.jpg 1000w, https:\/\/www.uta.cl\/wp-content\/uploads\/2022\/11\/DSC_1072-300x200.jpg 300w, https:\/\/www.uta.cl\/wp-content\/uploads\/2022\/11\/DSC_1072-768x512.jpg 768w\" sizes=\"(max-width: 351px) 100vw, 351px\" \/><\/a><\/figure><\/div>\n\n\n\n<p>El objetivo de esta Feria Social fue generar un espacio para que las y los estudiantes puedan dar a conocer a la comunidad sus productos, servicios y talentos, con la finalidad de establecer instancias de ventas, colaboraci\u00f3n y conexi\u00f3n con nuevos clientes.<\/p>\n\n\n\n<p>En esta oportunidad, se presentaron stands de vestuario, maquillaje, productos de belleza, bisuter\u00eda y joyer\u00eda, accesorios y artesan\u00eda, papeler\u00eda y librer\u00eda, productos de importaci\u00f3n, entre otros emprendimientos.<\/p>\n\n\n\n<div class=\"wp-block-image\"><figure class=\"alignright size-large is-resized\"><a href=\"https:\/\/www.uta.cl\/wp-content\/uploads\/2022\/11\/DSC_1012.jpg\"><img loading=\"lazy\" src=\"https:\/\/www.uta.cl\/wp-content\/uploads\/2022\/11\/DSC_1012.jpg\" alt=\"\" class=\"wp-image-39427\" width=\"350\" height=\"233\" srcset=\"https:\/\/www.uta.cl\/wp-content\/uploads\/2022\/11\/DSC_1012.jpg 1000w, https:\/\/www.uta.cl\/wp-content\/uploads\/2022\/11\/DSC_1012-300x200.jpg 300w, https:\/\/www.uta.cl\/wp-content\/uploads\/2022\/11\/DSC_1012-768x512.jpg 768w\" sizes=\"(max-width: 350px) 100vw, 350px\" \/><\/a><\/figure><\/div>\n\n\n\n<p>Carla Correa, Asistente Social de la DAE y organizadora del evento, expres\u00f3 que \u201cesta actividad busca promover los emprendimientos de los estudiantes de la UTA, donde muchos de ellos tienen familias atr\u00e1s. Esta es una instancia muy linda para que las y los estudiantes emprendedores puedan hacer redes. En esta ocasi\u00f3n, tambi\u00e9n contamos con el apoyo de instituciones como el Fosis, SII, Injuv, Sercotec, Mutual de Seguridad, entre otras\u201d.<\/p>\n\n\n\n<p>En tanto, la Directora de Asuntos Estudiantiles, Dra. Ingrid Fern\u00e1ndez Carvajal, se refiri\u00f3 a la importancia de generar este tipo de iniciativas: \u201cEsta es la primera vez que se realiza una feria de estas caracter\u00edsticas. La importancia es que dimos un espacio a nuestros estudiantes con esp\u00edritu emprendedor, iniciativa en la cual participaron alrededor de 38 estudiantes que, sin duda, es una experiencia diferente de poder llegar a la propia comunidad universitaria con sus emprendimientos\u201d.<\/p>\n\n\n\n<div class=\"wp-block-image\"><figure class=\"alignright size-large is-resized\"><a href=\"https:\/\/www.uta.cl\/wp-content\/uploads\/2022\/11\/DSC_1045.jpg\"><img loading=\"lazy\" src=\"https:\/\/www.uta.cl\/wp-content\/uploads\/2022\/11\/DSC_1045.jpg\" alt=\"\" class=\"wp-image-39435\" width=\"349\" height=\"233\" srcset=\"https:\/\/www.uta.cl\/wp-content\/uploads\/2022\/11\/DSC_1045.jpg 1000w, https:\/\/www.uta.cl\/wp-content\/uploads\/2022\/11\/DSC_1045-300x200.jpg 300w, https:\/\/www.uta.cl\/wp-content\/uploads\/2022\/11\/DSC_1045-768x512.jpg 768w\" sizes=\"(max-width: 349px) 100vw, 349px\" \/><\/a><\/figure><\/div>\n\n\n\n<p>Destac\u00f3 adem\u00e1s que \u201cya hicimos una encuesta de satisfacci\u00f3n d\u00f3nde nos solicitaron que esta Feria Social de Emprendimiento Estudiantil tuviera una mayor duraci\u00f3n, por lo cual pensamos hacer una pr\u00f3xima versi\u00f3n de esta feria, que integre adem\u00e1s a la comunidad y poder insertarnos dentro de la misma Universidad para apoyar esta tremenda iniciativa\u201d.<\/p>\n\n\n\n<p>Para los estudiantes emprendedores que participaron en esta oportunidad, la Feria Social ha sido una gran oportunidad para darse a conocer y generar redes con la comunidad.<\/p>\n\n\n\n<div class=\"wp-block-image\"><figure class=\"aligncenter size-large\"><a href=\"https:\/\/www.uta.cl\/wp-content\/uploads\/2022\/11\/DSC_1049.jpg\"><img loading=\"lazy\" width=\"1000\" height=\"667\" src=\"https:\/\/www.uta.cl\/wp-content\/uploads\/2022\/11\/DSC_1049.jpg\" alt=\"\" class=\"wp-image-39436\" srcset=\"https:\/\/www.uta.cl\/wp-content\/uploads\/2022\/11\/DSC_1049.jpg 1000w, https:\/\/www.uta.cl\/wp-content\/uploads\/2022\/11\/DSC_1049-300x200.jpg 300w, https:\/\/www.uta.cl\/wp-content\/uploads\/2022\/11\/DSC_1049-768x512.jpg 768w\" sizes=\"(max-width: 1000px) 100vw, 1000px\" \/><\/a><\/figure><\/div>\n","protected":false},"excerpt":{"rendered":"<p>M\u00e1s de 38 estudiantes participaron promocionando sus emprendimientos.<\/p>\n","protected":false},"author":1,"featured_media":39426,"comment_status":"open","ping_status":"open","sticky":false,"template":"","format":"standard","meta":[],"categories":[51],"tags":[],"_links":{"self":[{"href":"https:\/\/www.uta.cl\/index.php\/wp-json\/wp\/v2\/posts\/39440"}],"collection":[{"href":"https:\/\/www.uta.cl\/index.php\/wp-json\/wp\/v2\/posts"}],"about":[{"href":"https:\/\/www.uta.cl\/index.php\/wp-json\/wp\/v2\/types\/post"}],"author":[{"embeddable":true,"href":"https:\/\/www.uta.cl\/index.php\/wp-json\/wp\/v2\/users\/1"}],"replies":[{"embeddable":true,"href":"https:\/\/www.uta.cl\/index.php\/wp-json\/wp\/v2\/comments?post=39440"}],"version-history":[{"count":1,"href":"https:\/\/www.uta.cl\/index.php\/wp-json\/wp\/v2\/posts\/39440\/revisions"}],"predecessor-version":[{"id":39450,"href":"https:\/\/www.uta.cl\/index.php\/wp-json\/wp\/v2\/posts\/39440\/revisions\/39450"}],"wp:featuredmedia":[{"embeddable":true,"href":"https:\/\/www.uta.cl\/index.php\/wp-json\/wp\/v2\/media\/39426"}],"wp:attachment":[{"href":"https:\/\/www.uta.cl\/index.php\/wp-json\/wp\/v2\/media?parent=39440"}],"wp:term":[{"taxonomy":"category","embeddable":true,"href":"https:\/\/www.uta.cl\/index.php\/wp-json\/wp\/v2\/categories?post=39440"},{"taxonomy":"post_tag","embeddable":true,"href":"https:\/\/www.uta.cl\/index.php\/wp-json\/wp\/v2\/tags?post=39440"}],"curies":[{"name":"wp","href":"https:\/\/api.w.org\/{rel}","templated":true}]}}