{"id":39398,"date":"2022-11-04T19:14:08","date_gmt":"2022-11-04T19:14:08","guid":{"rendered":"https:\/\/www.uta.cl\/?p=39398"},"modified":"2022-11-04T19:14:08","modified_gmt":"2022-11-04T19:14:08","slug":"uta-realiza-seminario-universidad-frontera-e-interculturalidad","status":"publish","type":"post","link":"https:\/\/www.uta.cl\/index.php\/2022\/11\/04\/uta-realiza-seminario-universidad-frontera-e-interculturalidad\/","title":{"rendered":"UTA realiza seminario \u201cUniversidad, Frontera e Interculturalidad\u201d"},"content":{"rendered":"\n<div class=\"wp-block-image\"><figure class=\"aligncenter size-large\"><a href=\"https:\/\/www.uta.cl\/wp-content\/uploads\/2022\/11\/DSC_0681.jpg\"><img loading=\"lazy\" width=\"1000\" height=\"667\" src=\"https:\/\/www.uta.cl\/wp-content\/uploads\/2022\/11\/DSC_0681.jpg\" alt=\"\" class=\"wp-image-39401\" srcset=\"https:\/\/www.uta.cl\/wp-content\/uploads\/2022\/11\/DSC_0681.jpg 1000w, https:\/\/www.uta.cl\/wp-content\/uploads\/2022\/11\/DSC_0681-300x200.jpg 300w, https:\/\/www.uta.cl\/wp-content\/uploads\/2022\/11\/DSC_0681-768x512.jpg 768w\" sizes=\"(max-width: 1000px) 100vw, 1000px\" \/><\/a><\/figure><\/div>\n\n\n\n<p>El \u201cPrograma de Pueblos Ind\u00edgenas e Interculturalidad\u201d nace de la necesidad de la Universidad de Tarapac\u00e1 de crear v\u00ednculos estrechos, directos y horizontales con las comunidades ind\u00edgenas, tribales y de migrantes en las regiones de Arica y Parinacota, y Tarapac\u00e1. El que se ha consolidado con la aprobaci\u00f3n respectiva por parte del Ministerio de Educaci\u00f3n, el cual est\u00e1 incluido, en el Convenio de Desempe\u00f1o ESR 1995 llamado &#8221; Fortalecer y Articular el Quehacer Social y Cultural&#8221;<\/p>\n\n\n\n<div class=\"wp-block-image\"><figure class=\"alignleft size-large is-resized\"><a href=\"https:\/\/www.uta.cl\/wp-content\/uploads\/2022\/11\/DSC_0688.jpg\"><img loading=\"lazy\" src=\"https:\/\/www.uta.cl\/wp-content\/uploads\/2022\/11\/DSC_0688.jpg\" alt=\"\" class=\"wp-image-39403\" width=\"352\" height=\"235\" srcset=\"https:\/\/www.uta.cl\/wp-content\/uploads\/2022\/11\/DSC_0688.jpg 1000w, https:\/\/www.uta.cl\/wp-content\/uploads\/2022\/11\/DSC_0688-300x200.jpg 300w, https:\/\/www.uta.cl\/wp-content\/uploads\/2022\/11\/DSC_0688-768x512.jpg 768w\" sizes=\"(max-width: 352px) 100vw, 352px\" \/><\/a><\/figure><\/div>\n\n\n\n<p>En este marco, el lunes 17 de octubre, en el Auditorio de la Escuela de Medicina de la Universidad de Tarapac\u00e1, se realiz\u00f3 el Seminario do \u201cUniversidad, Frontera e Interculturalidad\u201d, cuya finalidad fue abordar las diversas l\u00edneas de investigaci\u00f3n planteadas en la ficha de pertinencia del programa, a partir del destacado trabajo de acad\u00e9micos y acad\u00e9micas, tanto a nivel local, nacional como internacional, junto con poner en valor la experiencia y la realidad propia de cada l\u00edder de las comunidades participantes.<\/p>\n\n\n\n<p>El Seminario se inici\u00f3 con una \u201cPawa\u201d, ceremonia de bienvenida propia de las culturas andinas, y una \u201cOfrenda\u201d que entreg\u00f3 el Pueblo Tribal Afrodescendiente, para luego dar paso a las palabras de bienvenida de la Directora General de Vinculaci\u00f3n con el Medio, Bernardina Cisternas Arapio, quien destac\u00f3 el potencial del Programa y su contribuci\u00f3n a la comunidad regional: \u201cEste programa de Pueblos Ind\u00edgenas e Interculturalidad, dependiente de la Direcci\u00f3n General de Vinculaci\u00f3n con el Medio de la UTA ha sido validado por el Ministerio de Educaci\u00f3n y se est\u00e1 llevando a cabo durante este segundo semestre\u201d.<\/p>\n\n\n\n<div class=\"wp-block-image\"><figure class=\"alignright size-large is-resized\"><a href=\"https:\/\/www.uta.cl\/wp-content\/uploads\/2022\/11\/DSC_0694.jpg\"><img loading=\"lazy\" src=\"https:\/\/www.uta.cl\/wp-content\/uploads\/2022\/11\/DSC_0694.jpg\" alt=\"\" class=\"wp-image-39404\" width=\"350\" height=\"233\" srcset=\"https:\/\/www.uta.cl\/wp-content\/uploads\/2022\/11\/DSC_0694.jpg 1000w, https:\/\/www.uta.cl\/wp-content\/uploads\/2022\/11\/DSC_0694-300x200.jpg 300w, https:\/\/www.uta.cl\/wp-content\/uploads\/2022\/11\/DSC_0694-768x512.jpg 768w\" sizes=\"(max-width: 350px) 100vw, 350px\" \/><\/a><\/figure><\/div>\n\n\n\n<p>Agreg\u00f3 que \u201cdurante este tiempo, el Programa se ha instalado para lograr el objetivo de establecer y reforzar los espacios de di\u00e1logos horizontales y bidireccionales entre colectividades y organizaciones ind\u00edgenas, afrodescendientes y migrantes junto con la comunidad universitaria, colocando \u00e9nfasis en las l\u00edneas de investigaci\u00f3n que desarrolla el cuerpo acad\u00e9mico en Casa Central y Sede Iquique, y desde luego, hacer hincapi\u00e9 en las necesidades y realidades propias de las comunidades pertenecientes a pueblos originarios aymaras, quechuas, como tambi\u00e9n al pueblo tribal afrodescendiente y migrantes\u201d, destac\u00f3 la Directora General de Vinculaci\u00f3n con el Medio. &nbsp;<\/p>\n\n\n\n<p>La primera charla magistral estuvo a cargo del expositor Marco Llerena Rodr\u00edguez, &nbsp;Licenciado en Teor\u00eda e Historia del Arte, especialista en Dise\u00f1o y Evaluaci\u00f3n de Pol\u00edticas y Programas Culturales, docente universitario en temas de gesti\u00f3n, producci\u00f3n, marketing cultural y pol\u00edticas culturales p\u00fablicas, quien se refiri\u00f3 a los avances y desaf\u00edos del Pueblo Tribal Afrodescendiente.<\/p>\n\n\n\n<p>MESAS DE TRABAJO<\/p>\n\n\n\n<div class=\"wp-block-image\"><figure class=\"aligncenter size-large\"><a href=\"https:\/\/www.uta.cl\/wp-content\/uploads\/2022\/11\/DSC_0702.jpg\"><img loading=\"lazy\" width=\"1000\" height=\"667\" src=\"https:\/\/www.uta.cl\/wp-content\/uploads\/2022\/11\/DSC_0702.jpg\" alt=\"\" class=\"wp-image-39406\" srcset=\"https:\/\/www.uta.cl\/wp-content\/uploads\/2022\/11\/DSC_0702.jpg 1000w, https:\/\/www.uta.cl\/wp-content\/uploads\/2022\/11\/DSC_0702-300x200.jpg 300w, https:\/\/www.uta.cl\/wp-content\/uploads\/2022\/11\/DSC_0702-768x512.jpg 768w\" sizes=\"(max-width: 1000px) 100vw, 1000px\" \/><\/a><\/figure><\/div>\n\n\n\n<p>En la ocasi\u00f3n, se realizaron mesas de trabajo, siendo la primera de ellas \u201cLenguas Originarias\u201d y cont\u00f3 con las exposiciones de Roxana Quispe, Doctora en Literatura Peruana y Latinoamericana de la Universidad Nacional Mayor de San Marcos y hablante quechua; Ronald Anagua Cutipa y H\u00e9ctor Callasaya, integrante y l\u00edder del pueblo aymara, certificado por la Corporaci\u00f3n Nacional de Desarrollo Ind\u00edgena.<\/p>\n\n\n\n<p>La segunda mesa de trabajo abord\u00f3 dos l\u00edneas de investigaci\u00f3n: \u201cReligiosidad, ritualidad y patrimonio\u201d, con las exposiciones del&nbsp; Dr. Alberto D\u00edaz Araya, Profesor Titular de la Universidad de Tarapac\u00e1, Postdoctorado en Historia de la Universita Degli Studi di Roma la Sapienza (Italia), de Carlos Choque Mari\u00f1o, Profesor Titular de la Universidad de Tarapac\u00e1, Doctor en Antropolog\u00eda de la Pontificia Universidad Cat\u00f3lica del Per\u00fa y de Shmeling Salas, m\u00fasico, director y compositor andino con una alta trayectoria y participaci\u00f3n en la creaci\u00f3n de diversos grupos musicales.<\/p>\n\n\n\n<p>La jornada continu\u00f3 con la mesa titulada \u201cAfrodescendencia\u201d, a cargo de los expositores: Milene Molina, Ignacio Carrasco, Antrop\u00f3logo Social, Candidato a Mag\u00edster en Antropolog\u00eda de la Universidad de Tarapac\u00e1 y Director de M\u00fasicos de la Comparsa Afrodescendiente Tumba Carnaval; Isabel Araya, Mag\u00edster en Antropolog\u00eda de la Universidad de Tarapac\u00e1, investigadora de la Red de Estudios Afrodescendientes en Chile, y Carolina Cort\u00e9s, Mag\u00edster en Historia, candidata a Doctoranda en Historia de la Universidad de Tarapac\u00e1, Coordinadora del \u00c1rea de Educaci\u00f3n y Formaci\u00f3n de la Colectiva de Mujeres Afrodescendientes Luanda.<\/p>\n\n\n\n<p>Durante la jornada de la tarde, la actividad contempl\u00f3 la mesa de trabajo denominada \u201cNaturaleza, Sociedad y Patrimonio\u201d, contando con la participaci\u00f3n de los expositores: Nibaldo Ceballos y Gustavo Rodr\u00edguez, para continuar con la mesa de trabajo, que abord\u00f3 la l\u00ednea de investigaci\u00f3n de \u201cEducaci\u00f3n y Calidad de vida\u201d, espacio que cont\u00f3 con las presentaciones de las acad\u00e9micas e investigadoras de la UTA, Dra. Pamela Zapata y Dra. Alejandra Caqueo, y el integrante del pueblo tribal afrodescendiente, Samuel Pozo.<\/p>\n\n\n\n<p>La jornada finaliz\u00f3 con la clase magistral dictada por la Dra. Mar\u00eda Emilia Tijoux, quien junto con agradecer la invitaci\u00f3n, destac\u00f3 que este seminario se enfoca en \u201cdar, recibir pero devolver, siempre hay una deuda que uno tiene que entregar en aquello que se le da\u201d.<\/p>\n\n\n\n<div class=\"wp-block-image\"><figure class=\"aligncenter size-large\"><a href=\"https:\/\/www.uta.cl\/wp-content\/uploads\/2022\/11\/1-1.jpg\"><img loading=\"lazy\" width=\"1000\" height=\"561\" src=\"https:\/\/www.uta.cl\/wp-content\/uploads\/2022\/11\/1-1.jpg\" alt=\"\" class=\"wp-image-39400\" srcset=\"https:\/\/www.uta.cl\/wp-content\/uploads\/2022\/11\/1-1.jpg 1000w, https:\/\/www.uta.cl\/wp-content\/uploads\/2022\/11\/1-1-300x168.jpg 300w, https:\/\/www.uta.cl\/wp-content\/uploads\/2022\/11\/1-1-768x431.jpg 768w\" sizes=\"(max-width: 1000px) 100vw, 1000px\" \/><\/a><\/figure><\/div>\n\n\n\n<figure class=\"wp-block-embed is-type-video is-provider-youtube wp-block-embed-youtube wp-embed-aspect-16-9 wp-has-aspect-ratio\"><div class=\"wp-block-embed__wrapper\">\n<div class=\"oceanwp-oembed-wrap clr\"><iframe loading=\"lazy\" title=\"Seminario: Universidad, Frontera e Interculturalidad\" width=\"1200\" height=\"675\" src=\"https:\/\/www.youtube.com\/embed\/3E5m0KTnHBg?feature=oembed\" frameborder=\"0\" allow=\"accelerometer; autoplay; clipboard-write; encrypted-media; gyroscope; picture-in-picture\" allowfullscreen><\/iframe><\/div>\n<\/div><\/figure>\n\n\n\n<figure class=\"wp-block-embed is-type-video is-provider-youtube wp-block-embed-youtube wp-embed-aspect-16-9 wp-has-aspect-ratio\"><div class=\"wp-block-embed__wrapper\">\n<div class=\"oceanwp-oembed-wrap clr\"><iframe loading=\"lazy\" title=\"Seminario: Universidad, Frontera e Interculturalidad\" width=\"1200\" height=\"675\" src=\"https:\/\/www.youtube.com\/embed\/ioQ-j7yVb_Y?feature=oembed\" frameborder=\"0\" allow=\"accelerometer; autoplay; clipboard-write; encrypted-media; gyroscope; picture-in-picture\" allowfullscreen><\/iframe><\/div>\n<\/div><\/figure>\n","protected":false},"excerpt":{"rendered":"<p>Clases magistrales y mesas de trabajo con destacados investigadores contempl\u00f3 este importante seminario.<\/p>\n","protected":false},"author":1,"featured_media":39403,"comment_status":"open","ping_status":"open","sticky":false,"template":"","format":"standard","meta":[],"categories":[51],"tags":[],"_links":{"self":[{"href":"https:\/\/www.uta.cl\/index.php\/wp-json\/wp\/v2\/posts\/39398"}],"collection":[{"href":"https:\/\/www.uta.cl\/index.php\/wp-json\/wp\/v2\/posts"}],"about":[{"href":"https:\/\/www.uta.cl\/index.php\/wp-json\/wp\/v2\/types\/post"}],"author":[{"embeddable":true,"href":"https:\/\/www.uta.cl\/index.php\/wp-json\/wp\/v2\/users\/1"}],"replies":[{"embeddable":true,"href":"https:\/\/www.uta.cl\/index.php\/wp-json\/wp\/v2\/comments?post=39398"}],"version-history":[{"count":1,"href":"https:\/\/www.uta.cl\/index.php\/wp-json\/wp\/v2\/posts\/39398\/revisions"}],"predecessor-version":[{"id":39408,"href":"https:\/\/www.uta.cl\/index.php\/wp-json\/wp\/v2\/posts\/39398\/revisions\/39408"}],"wp:featuredmedia":[{"embeddable":true,"href":"https:\/\/www.uta.cl\/index.php\/wp-json\/wp\/v2\/media\/39403"}],"wp:attachment":[{"href":"https:\/\/www.uta.cl\/index.php\/wp-json\/wp\/v2\/media?parent=39398"}],"wp:term":[{"taxonomy":"category","embeddable":true,"href":"https:\/\/www.uta.cl\/index.php\/wp-json\/wp\/v2\/categories?post=39398"},{"taxonomy":"post_tag","embeddable":true,"href":"https:\/\/www.uta.cl\/index.php\/wp-json\/wp\/v2\/tags?post=39398"}],"curies":[{"name":"wp","href":"https:\/\/api.w.org\/{rel}","templated":true}]}}