{"id":39392,"date":"2022-11-04T19:07:25","date_gmt":"2022-11-04T19:07:25","guid":{"rendered":"https:\/\/www.uta.cl\/?p=39392"},"modified":"2022-11-08T14:27:04","modified_gmt":"2022-11-08T14:27:04","slug":"exitoso-curso-e-ceremonial-y-protocolo-fue-dictado-en-la-universidad-de-tarapaca","status":"publish","type":"post","link":"https:\/\/www.uta.cl\/index.php\/2022\/11\/04\/exitoso-curso-e-ceremonial-y-protocolo-fue-dictado-en-la-universidad-de-tarapaca\/","title":{"rendered":"Exitoso curso de ceremonial y protocolo fue dictado en la Universidad de Tarapac\u00e1"},"content":{"rendered":"\n<div class=\"wp-block-image\"><figure class=\"aligncenter size-large\"><a href=\"https:\/\/www.uta.cl\/wp-content\/uploads\/2022\/11\/Imagen1-2.jpg\"><img loading=\"lazy\" width=\"1024\" height=\"683\" src=\"https:\/\/www.uta.cl\/wp-content\/uploads\/2022\/11\/Imagen1-2-1024x683.jpg\" alt=\"\" class=\"wp-image-39394\" srcset=\"https:\/\/www.uta.cl\/wp-content\/uploads\/2022\/11\/Imagen1-2-1024x683.jpg 1024w, https:\/\/www.uta.cl\/wp-content\/uploads\/2022\/11\/Imagen1-2-300x200.jpg 300w, https:\/\/www.uta.cl\/wp-content\/uploads\/2022\/11\/Imagen1-2-768x512.jpg 768w, https:\/\/www.uta.cl\/wp-content\/uploads\/2022\/11\/Imagen1-2.jpg 1299w\" sizes=\"(max-width: 1024px) 100vw, 1024px\" \/><\/a><\/figure><\/div>\n\n\n\n<p>Tan solemne como el taller que desarroll\u00f3, Patricio Olivares Herrera, jefe de Ceremonial y Protocolo de la C\u00e1mara de Diputados, dio curso a la teor\u00eda y pr\u00e1ctica de este ritualismo formal en las actividades p\u00fablicas, que involucren autoridades y otros invitados con cierto rango social, pol\u00edtico o acad\u00e9mico.<\/p>\n\n\n\n<p>La actividad, organizada por la Universidad de Tarapac\u00e1, en conjunto con la Agrupaci\u00f3n de Universidades Regionales y la Academia Parlamentaria de la C\u00e1mara de Diputadas y Diputados de Chile, congreg\u00f3 a m\u00e1s de 70 invitados, entre ellos, periodistas, relacionadores p\u00fablicos y encargados de poner orden en las actividades relevantes de sus instituciones.<\/p>\n\n\n\n<p>La primera parte incluy\u00f3 un breve repaso de antecedentes hist\u00f3ricos, ceremoniales p\u00fablicos y privados y otros datos relevantes para entender&nbsp; por qu\u00e9 es necesario considerar los lugares donde se debe ubicar cada invitado, de acuerdo al rango que posee en su momento.<\/p>\n\n\n\n<p>En la parte II el orador, de perfecto traje formal, corbata amarilla y pa\u00f1uelo \u00eddem en el bolsillo del terno, explic\u00f3 las reglas operativas ceremoniales a considerar a la hora de sentar a los asistentes. Tambi\u00e9n indic\u00f3 la representaci\u00f3n de la autoridad oficial en regiones y provincias y la precedencia universitaria. Manifest\u00f3 que \u2013como todo en la vida- no existe la rigidez en la aplicaci\u00f3n de las precedencias y a veces hay que solucionar a \u00faltima hora situaciones con cierta flexibilidad.<\/p>\n\n\n\n<p>La importancia de los vocativos tambi\u00e9n fue tratada en este curso que se inici\u00f3 a las nueve de la ma\u00f1ana hasta las 17 horas, en que el experto transit\u00f3 en diversas materias, que fueron aplicadas en un taller pr\u00e1ctico desarrollado en grupos.<\/p>\n\n\n\n<p>\u00c9ste fue el curso n\u00famero 31 donde Patricio Olivares ha comentado su experiencia como jefe de ceremonial y protocolo de la C\u00e1mara de Diputados de Chile donde desarrolla esta tarea desde hace 32 a\u00f1os.<\/p>\n\n\n\n<div class=\"wp-block-image\"><figure class=\"aligncenter size-large\"><a href=\"https:\/\/www.uta.cl\/wp-content\/uploads\/2022\/11\/Imagen2-1.jpg\"><img loading=\"lazy\" width=\"1024\" height=\"683\" src=\"https:\/\/www.uta.cl\/wp-content\/uploads\/2022\/11\/Imagen2-1-1024x683.jpg\" alt=\"\" class=\"wp-image-39395\" srcset=\"https:\/\/www.uta.cl\/wp-content\/uploads\/2022\/11\/Imagen2-1-1024x683.jpg 1024w, https:\/\/www.uta.cl\/wp-content\/uploads\/2022\/11\/Imagen2-1-300x200.jpg 300w, https:\/\/www.uta.cl\/wp-content\/uploads\/2022\/11\/Imagen2-1-768x512.jpg 768w, https:\/\/www.uta.cl\/wp-content\/uploads\/2022\/11\/Imagen2-1.jpg 1299w\" sizes=\"(max-width: 1024px) 100vw, 1024px\" \/><\/a><\/figure><\/div>\n\n\n\n<p><strong>EXPERIENCIA<\/strong><\/p>\n\n\n\n<p>En tantos a\u00f1os de experiencia en protocolo, tambi\u00e9n ha vivido situaciones inc\u00f3modas. \u201cEn mis primeros a\u00f1os tuve que mover a una autoridad de su lugar, lo saqu\u00e9 con una sonrisa amable, \u00e9l lo entendi\u00f3 y se movi\u00f3; despu\u00e9s lleg\u00f3 otra autoridad (se entiende que m\u00e1s importante) y tuve que cambiarlo de nuevo. Lo mov\u00ed tres veces, a la cuarta ocasi\u00f3n en que quise hacerlo me mir\u00f3 de un modo no tan amable y me dijo: \u201chasta cu\u00e1ndo!\u201d<\/p>\n\n\n\n<p>Y \u00bfcu\u00e1nto pesa el ego en estas ceremonias? \u201cMucho. Es por esa raz\u00f3n que de alguna manera se fue desarrollando esta disciplina a lo largo de los a\u00f1os como una forma de convivencia pac\u00edfica y armoniosa en primer lugar, tomando en consideraci\u00f3n los egos y las vanidades, al fin esta parte tan humana en que nosotros somos autoridades y queremos serlo siempre, por eso vino la necesidad de regularlo, por ello me refer\u00ed a la historia del protocolo porque ah\u00ed se da cuenta de todo aquello\u201d, aclaro el relator.<\/p>\n\n\n\n<p>Desde el a\u00f1o 1961 en el mundo comienzan a ordenarse estos reglamentos para decir de manera objetiva que las autoridades tienen un lugar u otro lugar determinado independiente de su persona.<\/p>\n\n\n\n<div class=\"wp-block-image\"><figure class=\"aligncenter size-large is-resized\"><a href=\"https:\/\/www.uta.cl\/wp-content\/uploads\/2022\/11\/Imagen3-1.jpg\"><img loading=\"lazy\" src=\"https:\/\/www.uta.cl\/wp-content\/uploads\/2022\/11\/Imagen3-1.jpg\" alt=\"\" class=\"wp-image-39396\" width=\"760\" height=\"569\" srcset=\"https:\/\/www.uta.cl\/wp-content\/uploads\/2022\/11\/Imagen3-1.jpg 567w, https:\/\/www.uta.cl\/wp-content\/uploads\/2022\/11\/Imagen3-1-300x225.jpg 300w\" sizes=\"(max-width: 760px) 100vw, 760px\" \/><\/a><\/figure><\/div>\n\n\n\n<p>En la infinitud de ceremonias realizadas, \u00bfqu\u00e9 es lo m\u00e1s singular que le ha ocurrido? \u201cHubo una instancia que me cambi\u00f3 la rigidez del protocolo y que tuvo que ver con la presencia del Presidente de China de ese momento, el se\u00f1or Hu Jintao, quien a trav\u00e9s de sus equipos de protocolo exigi\u00f3 ubicarse al centro, cosa que nosotros no consider\u00e1bamos porque era un visitante, lo mismo que los otros gobernantes, ah\u00ed aprend\u00ed que el protocolo puede ser flexible en virtud de intereses que a veces son superiores y hasta desconocidos. Eso fue sorprendente porque en primer lugar hubo una reacci\u00f3n de resistencia, pero finalmente uno entiende que hay motivos y motivos\u201d.<\/p>\n\n\n\n<div class=\"wp-block-image\"><figure class=\"alignleft size-large is-resized\"><a href=\"https:\/\/www.uta.cl\/wp-content\/uploads\/2022\/11\/Imagen4-1.jpg\"><img loading=\"lazy\" src=\"https:\/\/www.uta.cl\/wp-content\/uploads\/2022\/11\/Imagen4-1.jpg\" alt=\"\" class=\"wp-image-39393\" width=\"349\" height=\"262\" srcset=\"https:\/\/www.uta.cl\/wp-content\/uploads\/2022\/11\/Imagen4-1.jpg 742w, https:\/\/www.uta.cl\/wp-content\/uploads\/2022\/11\/Imagen4-1-300x225.jpg 300w\" sizes=\"(max-width: 349px) 100vw, 349px\" \/><\/a><\/figure><\/div>\n\n\n\n<p>Nadie se perdi\u00f3 la actividad de principio a fin. Los grandes objetivos que se propusieron en este curso tuvieron que ver en primer lugar con entregar a los alumnos la experiencia de un experto y dotarlos de cierto conocimiento que sea com\u00fan. \u201cPorque una de las cosas que hemos detectado a lo largo de estos cursos es precisamente que no hay mala voluntad, ni nada por el estilo, de las autoridades, ni de los representantes de las autoridades, hay desconocimiento de procedimiento. Nos pareci\u00f3 oportuno dotar a los alumnos, que trabajan en el \u00e1mbito del protocolo, de similares conocimientos, y con eso pensamos que vamos a contribuir a bajar las tensiones, a armonizar las relaciones, en definitiva el protocolo tiene que ver con vivir en paz y en armon\u00eda\u201d. Finaliz\u00f3 el invitado.<\/p>\n","protected":false},"excerpt":{"rendered":"<p>Encargados de actividades p\u00fablicas regionales quedaron alineados en temas de precedencia, uso de vocativos y reglamento de  ceremonial p\u00fablico y protocolo de Estado.<\/p>\n","protected":false},"author":1,"featured_media":39394,"comment_status":"open","ping_status":"open","sticky":false,"template":"","format":"standard","meta":[],"categories":[51],"tags":[],"_links":{"self":[{"href":"https:\/\/www.uta.cl\/index.php\/wp-json\/wp\/v2\/posts\/39392"}],"collection":[{"href":"https:\/\/www.uta.cl\/index.php\/wp-json\/wp\/v2\/posts"}],"about":[{"href":"https:\/\/www.uta.cl\/index.php\/wp-json\/wp\/v2\/types\/post"}],"author":[{"embeddable":true,"href":"https:\/\/www.uta.cl\/index.php\/wp-json\/wp\/v2\/users\/1"}],"replies":[{"embeddable":true,"href":"https:\/\/www.uta.cl\/index.php\/wp-json\/wp\/v2\/comments?post=39392"}],"version-history":[{"count":4,"href":"https:\/\/www.uta.cl\/index.php\/wp-json\/wp\/v2\/posts\/39392\/revisions"}],"predecessor-version":[{"id":39424,"href":"https:\/\/www.uta.cl\/index.php\/wp-json\/wp\/v2\/posts\/39392\/revisions\/39424"}],"wp:featuredmedia":[{"embeddable":true,"href":"https:\/\/www.uta.cl\/index.php\/wp-json\/wp\/v2\/media\/39394"}],"wp:attachment":[{"href":"https:\/\/www.uta.cl\/index.php\/wp-json\/wp\/v2\/media?parent=39392"}],"wp:term":[{"taxonomy":"category","embeddable":true,"href":"https:\/\/www.uta.cl\/index.php\/wp-json\/wp\/v2\/categories?post=39392"},{"taxonomy":"post_tag","embeddable":true,"href":"https:\/\/www.uta.cl\/index.php\/wp-json\/wp\/v2\/tags?post=39392"}],"curies":[{"name":"wp","href":"https:\/\/api.w.org\/{rel}","templated":true}]}}