{"id":39377,"date":"2022-11-04T18:52:03","date_gmt":"2022-11-04T18:52:03","guid":{"rendered":"https:\/\/www.uta.cl\/?p=39377"},"modified":"2022-11-04T18:52:03","modified_gmt":"2022-11-04T18:52:03","slug":"carrera-de-auditoria-de-la-uta-y-sii-realizan-talleres-de-orientacion-tributaria-para-profesionales-no-egresados-de-areas-no-afines-a-los-negocios","status":"publish","type":"post","link":"https:\/\/www.uta.cl\/index.php\/2022\/11\/04\/carrera-de-auditoria-de-la-uta-y-sii-realizan-talleres-de-orientacion-tributaria-para-profesionales-no-egresados-de-areas-no-afines-a-los-negocios\/","title":{"rendered":"Carrera de Auditor\u00eda de la UTA y SII realizan talleres de \u201cOrientaci\u00f3n Tributaria para profesionales no egresados de \u00e1reas no afines a los negocios\u201d"},"content":{"rendered":"\n<div class=\"wp-block-image\"><figure class=\"alignleft size-large\"><a href=\"https:\/\/www.uta.cl\/wp-content\/uploads\/2022\/11\/Imagen1-1.jpg\"><img loading=\"lazy\" width=\"316\" height=\"422\" src=\"https:\/\/www.uta.cl\/wp-content\/uploads\/2022\/11\/Imagen1-1.jpg\" alt=\"\" class=\"wp-image-39380\" srcset=\"https:\/\/www.uta.cl\/wp-content\/uploads\/2022\/11\/Imagen1-1.jpg 316w, https:\/\/www.uta.cl\/wp-content\/uploads\/2022\/11\/Imagen1-1-225x300.jpg 225w\" sizes=\"(max-width: 316px) 100vw, 316px\" \/><\/a><\/figure><\/div>\n\n\n\n<p>La carrera de Contador Auditor-Contador P\u00fablico de la Universidad de Tarapac\u00e1 junto al Servicio de Impuestos Internos (SII), organiz\u00f3 durante el mes de octubre los talleres de \u201c<strong><em>O<\/em><\/strong><strong><em>rientaci\u00f3n tributaria para profesionales no egresados de \u00e1reas no afines a los negocios<\/em><\/strong>\u201d, realizados en dependencias de la Facultad de Administraci\u00f3n y Econom\u00eda.<\/p>\n\n\n\n<p>La actividad tuvo como objetivo aportar a la cultura tributaria en los profesionales egresados de la Universidad de Tarapac\u00e1 de modo de orientar cada proceso y etapa a seguir para formalizar sus actividades en primera o segunda categor\u00eda, es decir, explicando las obligaciones tributarias y los diferentes caminos que pueden seguir al momento de iniciar sus actividades comerciales o profesionales.<\/p>\n\n\n\n<p>La actividad, cont\u00f3 con la participaci\u00f3n de profesionales de diversas \u00e1reas, como educaci\u00f3n, salud, ingenieras, entre otras, &nbsp;se inici\u00f3 el viernes 7 de octubre, con las palabras de bienvenida del Decano de la Facultad de Administraci\u00f3n y Econom\u00eda, Luis Mella Salinas, para luego dar paso a la participaci\u00f3n de la jefa del Departamento Jur\u00eddico del SII, Karla Brito. En la ocasi\u00f3n, el taller contempl\u00f3 la exposici\u00f3n del jefe de la Unidad de Atenci\u00f3n al Contribuyente del SII, Marcelo Viveros Cortes.<\/p>\n\n\n\n<p><strong>TALLERES: <\/strong><strong><\/strong><\/p>\n\n\n\n<div class=\"wp-block-image\"><figure class=\"alignleft size-large\"><a href=\"https:\/\/www.uta.cl\/wp-content\/uploads\/2022\/11\/Imagen2.jpg\"><img loading=\"lazy\" width=\"317\" height=\"237\" src=\"https:\/\/www.uta.cl\/wp-content\/uploads\/2022\/11\/Imagen2.jpg\" alt=\"\" class=\"wp-image-39381\" srcset=\"https:\/\/www.uta.cl\/wp-content\/uploads\/2022\/11\/Imagen2.jpg 317w, https:\/\/www.uta.cl\/wp-content\/uploads\/2022\/11\/Imagen2-300x224.jpg 300w\" sizes=\"(max-width: 317px) 100vw, 317px\" \/><\/a><\/figure><\/div>\n\n\n\n<p>Viernes 7 de octubre: <strong>Formalizaci\u00f3n e inicio de actividades comerciales de segunda categor\u00eda.<\/strong><\/p>\n\n\n\n<p>El objetivo de este m\u00f3dulo fue comprender los principales procedimientos asociados a la formalizaci\u00f3n de los contribuyentes, comenzando con contenidos generales sobre los impuestos, para luego en el inicio de actividades, identificar cuando nos encontramos en presencia de actividades de primera y segunda categor\u00eda y sus principales obligaciones tributarias.<\/p>\n\n\n\n<div class=\"wp-block-image\"><figure class=\"alignleft size-large\"><a href=\"https:\/\/www.uta.cl\/wp-content\/uploads\/2022\/11\/Imagen3.jpg\"><img loading=\"lazy\" width=\"303\" height=\"404\" src=\"https:\/\/www.uta.cl\/wp-content\/uploads\/2022\/11\/Imagen3.jpg\" alt=\"\" class=\"wp-image-39382\" srcset=\"https:\/\/www.uta.cl\/wp-content\/uploads\/2022\/11\/Imagen3.jpg 303w, https:\/\/www.uta.cl\/wp-content\/uploads\/2022\/11\/Imagen3-225x300.jpg 225w\" sizes=\"(max-width: 303px) 100vw, 303px\" \/><\/a><\/figure><\/div>\n\n\n\n<p>Viernes 14 de octubre: <strong>Emisi\u00f3n de documentos tributarios de segunda categor\u00eda.<\/strong><\/p>\n\n\n\n<p>El m\u00f3dulo tuvo como eje central explicar en qu\u00e9 consiste el tr\u00e1mite, quienes y donde deben realizar la emisi\u00f3n de documentos tributarios (DTE) autorizados por el SII. Cuando se pueden constituir las Sociedades de profesionales y como se emiten las boletas de honorarios y posteriormente de declara la renta y solicita su devoluci\u00f3n parcial. En dicha oportunidad se invit\u00f3 a Director (s) del ISL Sergio Tello para explicar el destino de la retenci\u00f3n de honorarios por concepto de accidentes del trabajo y enfermedades profesionales.<\/p>\n\n\n\n<div class=\"wp-block-image\"><figure class=\"alignright size-large\"><a href=\"https:\/\/www.uta.cl\/wp-content\/uploads\/2022\/11\/Imagen4.jpg\"><img loading=\"lazy\" width=\"272\" height=\"363\" src=\"https:\/\/www.uta.cl\/wp-content\/uploads\/2022\/11\/Imagen4.jpg\" alt=\"\" class=\"wp-image-39383\" srcset=\"https:\/\/www.uta.cl\/wp-content\/uploads\/2022\/11\/Imagen4.jpg 272w, https:\/\/www.uta.cl\/wp-content\/uploads\/2022\/11\/Imagen4-225x300.jpg 225w\" sizes=\"(max-width: 272px) 100vw, 272px\" \/><\/a><\/figure><\/div>\n\n\n\n<p>Viernes 21 de octubre: <strong>Inicio de actividades primera categor\u00eda y sus modificaciones.<\/strong><\/p>\n\n\n\n<p>El objetivo de este m\u00f3dulo fue comprender los principales procedimientos asociados a la formalizaci\u00f3n de los contribuyentes en primera categor\u00eda y sus principales obligaciones tributarias. Pasando por los diversos sistemas tributarios y modificaciones actuales. En este taller se invit\u00f3 tambi\u00e9n al Liceo Comercial especialidad de Contabilidad para poder familiarizarse con los temas.<\/p>\n\n\n\n<figure class=\"wp-block-gallery columns-2 is-cropped\"><ul class=\"blocks-gallery-grid\"><li class=\"blocks-gallery-item\"><figure><a href=\"https:\/\/www.uta.cl\/wp-content\/uploads\/2022\/11\/Imagen5.jpg\"><img loading=\"lazy\" width=\"288\" height=\"216\" src=\"https:\/\/www.uta.cl\/wp-content\/uploads\/2022\/11\/Imagen5.jpg\" alt=\"\" data-id=\"39384\" data-full-url=\"https:\/\/www.uta.cl\/wp-content\/uploads\/2022\/11\/Imagen5.jpg\" data-link=\"https:\/\/www.uta.cl\/imagen5-24\/\" class=\"wp-image-39384\"\/><\/a><\/figure><\/li><li class=\"blocks-gallery-item\"><figure><a href=\"https:\/\/www.uta.cl\/wp-content\/uploads\/2022\/11\/Imagen6.jpg\"><img loading=\"lazy\" width=\"286\" height=\"214\" src=\"https:\/\/www.uta.cl\/wp-content\/uploads\/2022\/11\/Imagen6.jpg\" alt=\"\" data-id=\"39385\" data-full-url=\"https:\/\/www.uta.cl\/wp-content\/uploads\/2022\/11\/Imagen6.jpg\" data-link=\"https:\/\/www.uta.cl\/imagen6-14\/\" class=\"wp-image-39385\"\/><\/a><\/figure><\/li><li class=\"blocks-gallery-item\"><figure><a href=\"https:\/\/www.uta.cl\/wp-content\/uploads\/2022\/11\/Imagen7.jpg\"><img loading=\"lazy\" width=\"288\" height=\"216\" src=\"https:\/\/www.uta.cl\/wp-content\/uploads\/2022\/11\/Imagen7.jpg\" alt=\"\" data-id=\"39386\" data-full-url=\"https:\/\/www.uta.cl\/wp-content\/uploads\/2022\/11\/Imagen7.jpg\" data-link=\"https:\/\/www.uta.cl\/imagen7-10\/\" class=\"wp-image-39386\"\/><\/a><\/figure><\/li><li class=\"blocks-gallery-item\"><figure><a href=\"https:\/\/www.uta.cl\/wp-content\/uploads\/2022\/11\/Imagen8.jpg\"><img loading=\"lazy\" width=\"323\" height=\"243\" src=\"https:\/\/www.uta.cl\/wp-content\/uploads\/2022\/11\/Imagen8.jpg\" alt=\"\" data-id=\"39387\" data-full-url=\"https:\/\/www.uta.cl\/wp-content\/uploads\/2022\/11\/Imagen8.jpg\" data-link=\"https:\/\/www.uta.cl\/imagen8-6\/\" class=\"wp-image-39387\" srcset=\"https:\/\/www.uta.cl\/wp-content\/uploads\/2022\/11\/Imagen8.jpg 323w, https:\/\/www.uta.cl\/wp-content\/uploads\/2022\/11\/Imagen8-300x226.jpg 300w\" sizes=\"(max-width: 323px) 100vw, 323px\" \/><\/a><\/figure><\/li><\/ul><\/figure>\n\n\n\n<div class=\"wp-block-image\"><figure class=\"alignleft size-large\"><a href=\"https:\/\/www.uta.cl\/wp-content\/uploads\/2022\/11\/Imagen9.jpg\"><img loading=\"lazy\" width=\"322\" height=\"241\" src=\"https:\/\/www.uta.cl\/wp-content\/uploads\/2022\/11\/Imagen9.jpg\" alt=\"\" class=\"wp-image-39378\" srcset=\"https:\/\/www.uta.cl\/wp-content\/uploads\/2022\/11\/Imagen9.jpg 322w, https:\/\/www.uta.cl\/wp-content\/uploads\/2022\/11\/Imagen9-300x225.jpg 300w\" sizes=\"(max-width: 322px) 100vw, 322px\" \/><\/a><\/figure><\/div>\n\n\n\n<p>Viernes 28 de octubre: <strong>Emisi\u00f3n de documentos y obligaciones tributarias de primera categor\u00eda.<\/strong><\/p>\n\n\n\n<p>El objetivo de este \u00faltimo m\u00f3dulo fue explicar la emisi\u00f3n de los diversos documentos tributarios (DTE) y sus obligaciones tributarias. As\u00ed como la declaraci\u00f3n IVA, emisi\u00f3n factura y boleta electr\u00f3nica, sistema de boleta electr\u00f3nica del SII y todas sus modificaciones. En esta instancia se entreg\u00f3 un reconocimiento al expositor por su compromiso y dedicaci\u00f3n en los diversos talleres.<\/p>\n\n\n\n<p>Durante las exposiciones, se generaron preguntas y respuestas que hicieron de la misma, una actividad din\u00e1mica y en la que participaron activamente varios asistentes de la jornada.<\/p>\n\n\n\n<p>Al t\u00e9rmino de la jornada la jefa de carrera Sof\u00eda Chura, se\u00f1al\u00f3 que \u201cen el rol social de la carrera de auditoria y el rol institucional del servicio de impuesto internos de la importancia de fomentar la cultura tributaria responsable y voluntaria, as\u00ed como de crear conciencia en que la tributaci\u00f3n no s\u00f3lo es una obligaci\u00f3n fiscal, sino un deber de cada ciudadano ante la sociedad para lograr el desarrollo del pa\u00eds\u201d.<\/p>\n","protected":false},"excerpt":{"rendered":"<p>Actividad enmarcada dentro de la responsabilidad social de la carrera y como apoyo de la unidad de Atenci\u00f3n al contribuyente del SII.<\/p>\n","protected":false},"author":1,"featured_media":39380,"comment_status":"open","ping_status":"open","sticky":false,"template":"","format":"standard","meta":[],"categories":[51],"tags":[],"_links":{"self":[{"href":"https:\/\/www.uta.cl\/index.php\/wp-json\/wp\/v2\/posts\/39377"}],"collection":[{"href":"https:\/\/www.uta.cl\/index.php\/wp-json\/wp\/v2\/posts"}],"about":[{"href":"https:\/\/www.uta.cl\/index.php\/wp-json\/wp\/v2\/types\/post"}],"author":[{"embeddable":true,"href":"https:\/\/www.uta.cl\/index.php\/wp-json\/wp\/v2\/users\/1"}],"replies":[{"embeddable":true,"href":"https:\/\/www.uta.cl\/index.php\/wp-json\/wp\/v2\/comments?post=39377"}],"version-history":[{"count":1,"href":"https:\/\/www.uta.cl\/index.php\/wp-json\/wp\/v2\/posts\/39377\/revisions"}],"predecessor-version":[{"id":39388,"href":"https:\/\/www.uta.cl\/index.php\/wp-json\/wp\/v2\/posts\/39377\/revisions\/39388"}],"wp:featuredmedia":[{"embeddable":true,"href":"https:\/\/www.uta.cl\/index.php\/wp-json\/wp\/v2\/media\/39380"}],"wp:attachment":[{"href":"https:\/\/www.uta.cl\/index.php\/wp-json\/wp\/v2\/media?parent=39377"}],"wp:term":[{"taxonomy":"category","embeddable":true,"href":"https:\/\/www.uta.cl\/index.php\/wp-json\/wp\/v2\/categories?post=39377"},{"taxonomy":"post_tag","embeddable":true,"href":"https:\/\/www.uta.cl\/index.php\/wp-json\/wp\/v2\/tags?post=39377"}],"curies":[{"name":"wp","href":"https:\/\/api.w.org\/{rel}","templated":true}]}}