{"id":39083,"date":"2022-10-24T16:09:17","date_gmt":"2022-10-24T16:09:17","guid":{"rendered":"https:\/\/www.uta.cl\/?p=39083"},"modified":"2022-10-24T16:09:17","modified_gmt":"2022-10-24T16:09:17","slug":"historia-reconocimientos-y-suenos-destacaron-en-el-59-aniversario-de-la-facultad-de-ciencias-agronomicas-de-la-uta","status":"publish","type":"post","link":"https:\/\/www.uta.cl\/index.php\/2022\/10\/24\/historia-reconocimientos-y-suenos-destacaron-en-el-59-aniversario-de-la-facultad-de-ciencias-agronomicas-de-la-uta\/","title":{"rendered":"Historia, reconocimientos y sue\u00f1os destacaron en el 59\u00b0 Aniversario de la Facultad de Ciencias Agron\u00f3micas de la UTA"},"content":{"rendered":"\n<div class=\"wp-block-image\"><figure class=\"aligncenter size-large\"><a href=\"https:\/\/www.uta.cl\/wp-content\/uploads\/2022\/10\/FOTO-CENTRAL-DE-NOTA.jpg\"><img loading=\"lazy\" width=\"1000\" height=\"667\" src=\"https:\/\/www.uta.cl\/wp-content\/uploads\/2022\/10\/FOTO-CENTRAL-DE-NOTA.jpg\" alt=\"\" class=\"wp-image-39084\" srcset=\"https:\/\/www.uta.cl\/wp-content\/uploads\/2022\/10\/FOTO-CENTRAL-DE-NOTA.jpg 1000w, https:\/\/www.uta.cl\/wp-content\/uploads\/2022\/10\/FOTO-CENTRAL-DE-NOTA-300x200.jpg 300w, https:\/\/www.uta.cl\/wp-content\/uploads\/2022\/10\/FOTO-CENTRAL-DE-NOTA-768x512.jpg 768w\" sizes=\"(max-width: 1000px) 100vw, 1000px\" \/><\/a><\/figure><\/div>\n\n\n\n<p>Fue una ceremonia plena de historia, reconocimientos y sue\u00f1os. Hitos que marcaron los inicios, el desarrollo y el momento actual de la Facultad de Ciencias Agron\u00f3micas de la Universidad de Tarapac\u00e1, que este mes de octubre cumpli\u00f3 59 bien llevados a\u00f1os. La tierra de este f\u00e9rtil valle de Azapa, regado por el agua dulce que le da vida, ha generado frutos que en este acto fueron destacados por varios interlocutores que participaron de esta ceremonia.<\/p>\n\n\n\n<div class=\"wp-block-image\"><figure class=\"alignleft size-large is-resized\"><a href=\"https:\/\/www.uta.cl\/wp-content\/uploads\/2022\/10\/DSC_0741.jpg\"><img loading=\"lazy\" src=\"https:\/\/www.uta.cl\/wp-content\/uploads\/2022\/10\/DSC_0741.jpg\" alt=\"\" class=\"wp-image-39086\" width=\"351\" height=\"234\" srcset=\"https:\/\/www.uta.cl\/wp-content\/uploads\/2022\/10\/DSC_0741.jpg 1000w, https:\/\/www.uta.cl\/wp-content\/uploads\/2022\/10\/DSC_0741-300x200.jpg 300w, https:\/\/www.uta.cl\/wp-content\/uploads\/2022\/10\/DSC_0741-768x512.jpg 768w\" sizes=\"(max-width: 351px) 100vw, 351px\" \/><\/a><\/figure><\/div>\n\n\n\n<p>La Decana de la Facultad, Dra. Pilar Mazuela \u00c1guila, destac\u00f3 el rol de esta unidad en el desarrollo productivo regional, recordando su origen establecido en \u201cel maravilloso resultado de la visi\u00f3n de largo plazo que tuvo la honorable Junta de Adelanto de Arica\u201d, destacando el plan de desarrollo agropecuario durante los a\u00f1os 61 al 65, con \u00e9nfasis en los valles de Azapa y Lluta. Otro hito fue la instalaci\u00f3n del laboratorio para la investigaci\u00f3n del control de plagas de la agricultura de la Universidad del Norte en 1963.<\/p>\n\n\n\n<p>Luego se refiri\u00f3 al trabajo del Servicio Agr\u00edcola y Ganadero para controlar la mosca de la fruta, con lo cual se pudo diversificar la producci\u00f3n hort\u00edcola de la zona. Finalmente mencion\u00f3 la creaci\u00f3n de la Regi\u00f3n de Arica y Parinacota el a\u00f1o 2007, que defini\u00f3 que la agricultura de altas tecnolog\u00edas ser\u00eda un eje de desarrollo para la regi\u00f3n.<\/p>\n\n\n\n<p>Respecto a los desaf\u00edos del presente, la decana Mazuela, indic\u00f3 que se est\u00e1n enfrentando nuevos retos por lo que este a\u00f1o se incorporaron acad\u00e9micos de diversas disciplinas, junto a quienes esperan presentar un mag\u00edster acad\u00e9mico acreditable en agricultura sostenible en zonas \u00e1ridas; tambi\u00e9n se espera proponer un doctorado que incentive la investigaci\u00f3n en torno a problemas que enfrenta la humanidad como el cambio clim\u00e1tico, la escasez h\u00eddrica o la calidad de las aguas que afectan la sustentabilidad de producci\u00f3n de alimentos, tanto para las personas como para los animales.<\/p>\n\n\n\n<p>El sue\u00f1o de quien dirige esta Facultad es que en los pr\u00f3ximos 50 a\u00f1os se pueda pensar en la creaci\u00f3n de un gran edificio, que permita conservar la biodiversidad de zonas \u00e1ridas y des\u00e9rticas para las pr\u00f3ximas generaciones.<\/p>\n\n\n\n<p><strong>RECONOCIMIENTOS<\/strong><\/p>\n\n\n\n<p>En la ceremonia se entreg\u00f3 un reconocimiento destacando a los dirigentes agr\u00edcolas, en agradecimiento por su permanente vinculaci\u00f3n con la Facultad: la presidenta de la Junta de Vigilancia del R\u00edo Lluta, Soraya Pavle\u00f3n y el presidente de la Cooperativa Juan No\u00e9 Crevani, Pedro Gallo.<\/p>\n\n\n\n<p>Luego se brind\u00f3 un reconocimiento a los ex acad\u00e9micos que se acogieron a retiro: Pedro Gallo, Luis Tapia, Eugenio Sotomayor y Amador Torres; y a los ex funcionarios de gesti\u00f3n: Juan Astudillo, V\u00edctor Castro, Ismael Cort\u00e9s, Ra\u00fal Mancilla y Patricia Pacheco. En la oportunidad tambi\u00e9n se distingui\u00f3 al acad\u00e9mico Luis Tapia por su destacado aporte a la Facultad y se premi\u00f3 a la mejor alumna egresada del a\u00f1o 2021, Fernanda Relos.<\/p>\n\n\n\n<p>Por 5 a\u00f1os de servicio fueron premiados: Guido Leiva y Roger Mollo; por 10 a\u00f1os: Cristian C\u00e1rcamo; por 20 a\u00f1os: Patricia Romero; por 25 a\u00f1os: Sergio Vel\u00e1zquez; por 30 a\u00f1os: Pilar Mazuela; por 35 a\u00f1os: Juan G\u00f3mez y por 40 a\u00f1os: Eugenio Doussolin.<\/p>\n\n\n\n<p>Por su parte, el Rector, Dr. Emilio Rodr\u00edguez, otorg\u00f3 en esta ceremonia de aniversario, la distinci\u00f3n Profesor Em\u00e9rito al ex acad\u00e9mico de la Facultad, H\u00e9ctor Vargas Carre\u00f1o.<\/p>\n\n\n\n<p><strong>AGRADECIMIENTO Y PREOCUPACION<\/strong><\/p>\n\n\n\n<p>El Profesor Em\u00e9rito, H\u00e9ctor Vargas, manifest\u00f3 que desarroll\u00f3 un trabajo realmente hermoso, que junto a su familia lo mantuvo en Arica donde termin\u00f3 su carrera profesional, realiz\u00e1ndose como agr\u00f3nomo entom\u00f3logo. \u201cEstoy agradecido de esta instituci\u00f3n, realmente de coraz\u00f3n, a Arica y a mi familia que form\u00e9 ac\u00e1\u201d.<\/p>\n\n\n\n<p>Quien tambi\u00e9n fuera Seremi de Agricultura entre los a\u00f1os 90 a 94, propuso la formaci\u00f3n de una mesa de trabajo para ver c\u00f3mo se proyecta esta cuenca de Azapa, Lluta y V\u00edtor, con la idea de formar una comisi\u00f3n amplia para estudiar a fondo el tema del boro y ars\u00e9nico, junto con los ganaderos del altiplano, y otra comisi\u00f3n de los agricultores con la Facultad para estudiar las alternativas para mejorar el riego, debido a su preocupaci\u00f3n por la salinizaci\u00f3n progresiva<\/p>\n\n\n\n<p><strong>VINCULO DE LA UTA<\/strong><\/p>\n\n\n\n<div class=\"wp-block-image\"><figure class=\"alignleft size-large is-resized\"><a href=\"https:\/\/www.uta.cl\/wp-content\/uploads\/2022\/10\/DSC_0846.jpg\"><img loading=\"lazy\" src=\"https:\/\/www.uta.cl\/wp-content\/uploads\/2022\/10\/DSC_0846.jpg\" alt=\"\" class=\"wp-image-39104\" width=\"349\" height=\"233\" srcset=\"https:\/\/www.uta.cl\/wp-content\/uploads\/2022\/10\/DSC_0846.jpg 1000w, https:\/\/www.uta.cl\/wp-content\/uploads\/2022\/10\/DSC_0846-300x200.jpg 300w, https:\/\/www.uta.cl\/wp-content\/uploads\/2022\/10\/DSC_0846-768x512.jpg 768w\" sizes=\"(max-width: 349px) 100vw, 349px\" \/><\/a><\/figure><\/div>\n\n\n\n<p>&nbsp;\u201cEstamos celebrando los 59 a\u00f1os de la realizaci\u00f3n de actividades acad\u00e9micas universitarias justamente en esta Facultad y me parece muy destacable que en este encuentro se releve el rol de los estudiantes, los funcionarios de gesti\u00f3n, los acad\u00e9micos y es muy grato que se premie a los agricultores, que forman parte esencial del desarrollo de nuestra Universidad, de nuestra regi\u00f3n, porque muestra el v\u00ednculo que la Universidad genera con su entorno\u201d, expres\u00f3 el rector de la UTA, Dr. Emilio Rodr\u00edguez.<\/p>\n\n\n\n<p>La m\u00e1xima autoridad universitaria agradeci\u00f3 el trabajo que se realiza en forma ardua y permanente en favor de esta Casa de Estudios Superiores, destacando el rol que cumpli\u00f3 el ex rector Luis Tapia en el a\u00f1o 1994, en la gesti\u00f3n en torno al patrimonio existente. \u201cTenemos una Universidad que ha progresado much\u00edsimo y eso es gracias a facultades como \u00e9sta que han hecho un tremendo esfuerzo por d\u00e9cadas y eso hay que valorarlo. Es el resultado de un trabajo de comunidades que tienen sus liderazgos, que son importantes, porque son los estudiantes, los funcionarios, los acad\u00e9micos los que van construyendo esta realidad de la que hoy d\u00eda podemos gozar. La Universidad son personas que construyen realidades para la sociedad\u201d, coment\u00f3.<\/p>\n\n\n\n<p>Finalmente se\u00f1al\u00f3 que \u201ccomparto que el futuro del pa\u00eds y la humanidad de alguna manera est\u00e1 experimentado en esta regi\u00f3n, en verdad el cambio global es una realidad hoy d\u00eda evidente, el aumento de la temperatura y las condiciones adversas son evidentes, todo eso lo hemos vivido ac\u00e1, lo hemos enfrentado, superado y hemos logrado que nuestra regi\u00f3n siga funcionando\u201d.<\/p>\n\n\n\n<p><strong>APORTES A LA INVESTIGACION<\/strong><\/p>\n\n\n\n<div class=\"wp-block-image\"><figure class=\"aligncenter size-large\"><a href=\"https:\/\/www.uta.cl\/wp-content\/uploads\/2022\/10\/DSC_0769.jpg\"><img loading=\"lazy\" width=\"1000\" height=\"667\" src=\"https:\/\/www.uta.cl\/wp-content\/uploads\/2022\/10\/DSC_0769.jpg\" alt=\"\" class=\"wp-image-39091\" srcset=\"https:\/\/www.uta.cl\/wp-content\/uploads\/2022\/10\/DSC_0769.jpg 1000w, https:\/\/www.uta.cl\/wp-content\/uploads\/2022\/10\/DSC_0769-300x200.jpg 300w, https:\/\/www.uta.cl\/wp-content\/uploads\/2022\/10\/DSC_0769-768x512.jpg 768w\" sizes=\"(max-width: 1000px) 100vw, 1000px\" \/><\/a><\/figure><\/div>\n\n\n\n<p>El ex rector de la UTA y acad\u00e9mico de la Facultad de Ciencias Agron\u00f3micas, Luis Tapia Iturrieta, reconoci\u00f3 que el trabajo de \u00e9sta representa la evoluci\u00f3n de la investigaci\u00f3n agr\u00edcola en la regi\u00f3n. \u201cQuisiera reconocer la labor que se desarrolla hacia el interior de la Facultad, donde ha habido importantes avances y aportes a la investigaci\u00f3n que se ha realizado en el valle y sobre todo a intensificar esta estrategia de producir fuera de estaci\u00f3n, hoy hay una gran posibilidad de seguir impulsando eso, pero hay contradicciones propias de las pol\u00edticas que hoy d\u00eda el pa\u00eds tiene, abierto al mercado internacional, hay varios acuerdos que de repente son cuestionados porque los agricultores de este valle se ven afectados\u201d.<\/p>\n\n\n\n<p>Finalmente plante\u00f3 que \u201cen esta forma de enfrentar el desarrollo de una zona des\u00e9rtica, aqu\u00ed est\u00e1 la soluci\u00f3n para muchos de los problemas que tiene el pa\u00eds, el desierto y el cambio clim\u00e1tico siguen avanzando, ya se habla del desierto pr\u00e1cticamente hasta m\u00e1s all\u00e1 de Santiago y nosotros hemos investigado, hemos recolectado parte de ese material gen\u00e9tico que est\u00e1 ac\u00e1 para ponerlo a disposici\u00f3n del resto del pa\u00eds\u201d.<\/p>\n\n\n\n<p>La ceremonia concluy\u00f3 con esta serie de hitos, fundamentales en el trayecto vital de esta facultad, que ha entregado su ciencia a quienes trabajan la tierra d\u00eda a d\u00eda en la regi\u00f3n, y tambi\u00e9n los sue\u00f1os anhelados, tal como la recordada Junta de Adelanto lo hizo alguna vez, dejando huellas profundas en este territorio.<\/p>\n","protected":false},"excerpt":{"rendered":"<p>Fue una ceremonia plena de historia, reconocimientos y sue\u00f1os. Hitos que marcaron los inicios, el desarrollo y el momento actual de la Facultad de Ciencias Agron\u00f3micas de la Universidad de Tarapac\u00e1, que este mes de octubre cumpli\u00f3 59 bien llevados a\u00f1os. La tierra de este f\u00e9rtil valle de Azapa, regado por el agua dulce que [&hellip;]<\/p>\n","protected":false},"author":1,"featured_media":39084,"comment_status":"open","ping_status":"open","sticky":false,"template":"","format":"standard","meta":[],"categories":[83,39],"tags":[],"_links":{"self":[{"href":"https:\/\/www.uta.cl\/index.php\/wp-json\/wp\/v2\/posts\/39083"}],"collection":[{"href":"https:\/\/www.uta.cl\/index.php\/wp-json\/wp\/v2\/posts"}],"about":[{"href":"https:\/\/www.uta.cl\/index.php\/wp-json\/wp\/v2\/types\/post"}],"author":[{"embeddable":true,"href":"https:\/\/www.uta.cl\/index.php\/wp-json\/wp\/v2\/users\/1"}],"replies":[{"embeddable":true,"href":"https:\/\/www.uta.cl\/index.php\/wp-json\/wp\/v2\/comments?post=39083"}],"version-history":[{"count":1,"href":"https:\/\/www.uta.cl\/index.php\/wp-json\/wp\/v2\/posts\/39083\/revisions"}],"predecessor-version":[{"id":39105,"href":"https:\/\/www.uta.cl\/index.php\/wp-json\/wp\/v2\/posts\/39083\/revisions\/39105"}],"wp:featuredmedia":[{"embeddable":true,"href":"https:\/\/www.uta.cl\/index.php\/wp-json\/wp\/v2\/media\/39084"}],"wp:attachment":[{"href":"https:\/\/www.uta.cl\/index.php\/wp-json\/wp\/v2\/media?parent=39083"}],"wp:term":[{"taxonomy":"category","embeddable":true,"href":"https:\/\/www.uta.cl\/index.php\/wp-json\/wp\/v2\/categories?post=39083"},{"taxonomy":"post_tag","embeddable":true,"href":"https:\/\/www.uta.cl\/index.php\/wp-json\/wp\/v2\/tags?post=39083"}],"curies":[{"name":"wp","href":"https:\/\/api.w.org\/{rel}","templated":true}]}}