{"id":38587,"date":"2022-10-07T15:42:46","date_gmt":"2022-10-07T15:42:46","guid":{"rendered":"https:\/\/www.uta.cl\/?p=38587"},"modified":"2023-04-10T21:02:49","modified_gmt":"2023-04-10T21:02:49","slug":"comitiva-de-la-universidad-de-aysen-realiza-pasantia-para-conocer-el-modelo-del-sistema-de-direccion-estrategica-y-gestion-de-proyectos-de-la-uta","status":"publish","type":"post","link":"https:\/\/www.uta.cl\/index.php\/2022\/10\/07\/comitiva-de-la-universidad-de-aysen-realiza-pasantia-para-conocer-el-modelo-del-sistema-de-direccion-estrategica-y-gestion-de-proyectos-de-la-uta\/","title":{"rendered":"Comitiva de la Universidad de Ays\u00e9n realiza pasant\u00eda para conocer el modelo del Sistema de Direcci\u00f3n Estrat\u00e9gica y gesti\u00f3n de proyectos de la UTA"},"content":{"rendered":"\n<div class=\"wp-block-image\"><figure class=\"aligncenter size-large\"><a href=\"https:\/\/www.uta.cl\/wp-content\/uploads\/2022\/10\/foto-portada-nota-5.jpg\"><img loading=\"lazy\" width=\"1000\" height=\"667\" src=\"https:\/\/www.uta.cl\/wp-content\/uploads\/2022\/10\/foto-portada-nota-5.jpg\" alt=\"\" class=\"wp-image-38588\" srcset=\"https:\/\/www.uta.cl\/wp-content\/uploads\/2022\/10\/foto-portada-nota-5.jpg 1000w, https:\/\/www.uta.cl\/wp-content\/uploads\/2022\/10\/foto-portada-nota-5-300x200.jpg 300w, https:\/\/www.uta.cl\/wp-content\/uploads\/2022\/10\/foto-portada-nota-5-768x512.jpg 768w\" sizes=\"(max-width: 1000px) 100vw, 1000px\" \/><\/a><\/figure><\/div>\n\n\n\n<p>Con la finalidad de sostener reuniones con la Direcci\u00f3n de Planificaci\u00f3n y Proyectos de la Universidad de Tarapac\u00e1, una comitiva de la Universidad de Ays\u00e9n sostuvo importantes reuniones para conocer el modelo del Sistema de Direcci\u00f3n Estrat\u00e9gica (SDE) y gesti\u00f3n de proyectos de la Universidad de Tarapac\u00e1.<\/p>\n\n\n\n<p>La comitiva de la Universidad de Ays\u00e9n estuvo integrada por los acad\u00e9micos e integrantes del Senado Universitario, su vicepresidente Sebasti\u00e1n Ibarra y Alejandro Rold\u00e1n, el jefe de la Unidad de Planificaci\u00f3n y Coordinaci\u00f3n Institucional, Claudio Montecinos y los profesionales de la Unidad de Planificaci\u00f3n, Naxia Alfaro y de la Unidad de Tecnolog\u00eda de Gesti\u00f3n de la Informaci\u00f3n, Roberto Rivera.<\/p>\n\n\n\n<p>En la primera jornada del lunes 3 de octubre, la delegaci\u00f3n fue recibida por la Rectora (s) de la UTA, Dra. Jenniffer Peralta Montecinos, el Vicerrector de Administraci\u00f3n y Finanzas, Mg. \u00c1lvaro Palma Quiroz y el Vicerrector de Desarrollo Estrat\u00e9gico, Dr. Gonzalo Vald\u00e9s Gonz\u00e1lez y el Director de Planificaci\u00f3n y Proyectos, Hernando Bustos Andreu, quienes le dieron la bienvenida y todo el apoyo en cuanto al trabajo conjunto entre ambas instituciones.<\/p>\n\n\n\n<div class=\"wp-block-image\"><figure class=\"alignleft size-large is-resized\"><a href=\"https:\/\/www.uta.cl\/wp-content\/uploads\/2022\/10\/DSC_0468.jpg\"><img loading=\"lazy\" src=\"https:\/\/www.uta.cl\/wp-content\/uploads\/2022\/10\/DSC_0468.jpg\" alt=\"\" class=\"wp-image-38592\" width=\"348\" height=\"232\" srcset=\"https:\/\/www.uta.cl\/wp-content\/uploads\/2022\/10\/DSC_0468.jpg 1000w, https:\/\/www.uta.cl\/wp-content\/uploads\/2022\/10\/DSC_0468-300x200.jpg 300w, https:\/\/www.uta.cl\/wp-content\/uploads\/2022\/10\/DSC_0468-768x512.jpg 768w\" sizes=\"(max-width: 348px) 100vw, 348px\" \/><\/a><\/figure><\/div>\n\n\n\n<p>\u201cNos honra recibir a esta comitiva de la U. de Ays\u00e9n. Es una interacci\u00f3n de la cual siempre vamos a aprender porque esta U. de Ays\u00e9n, tambi\u00e9n de zona extrema como la UTA, ha tenido la particularidad de generar un dise\u00f1o desde la creaci\u00f3n y que a la vez, nos sirve para nutrirnos de la experiencia de este encuentro\u201d, expres\u00f3 la Rectora (s) de la UTA, Dra. Jenniffer Peralta Montecinos.<\/p>\n\n\n\n<div class=\"wp-block-image\"><figure class=\"alignright size-large is-resized\"><a href=\"https:\/\/www.uta.cl\/wp-content\/uploads\/2022\/10\/DSC_0473.jpg\"><img loading=\"lazy\" src=\"https:\/\/www.uta.cl\/wp-content\/uploads\/2022\/10\/DSC_0473.jpg\" alt=\"\" class=\"wp-image-38594\" width=\"350\" height=\"233\" srcset=\"https:\/\/www.uta.cl\/wp-content\/uploads\/2022\/10\/DSC_0473.jpg 1000w, https:\/\/www.uta.cl\/wp-content\/uploads\/2022\/10\/DSC_0473-300x200.jpg 300w, https:\/\/www.uta.cl\/wp-content\/uploads\/2022\/10\/DSC_0473-768x512.jpg 768w\" sizes=\"(max-width: 350px) 100vw, 350px\" \/><\/a><\/figure><\/div>\n\n\n\n<p>En este marco, Sebasti\u00e1n Ibarra, acad\u00e9mico y vicepresidente del Senado Universitario de la UAys\u00e9n agradeci\u00f3 la recepci\u00f3n y explic\u00f3 que \u201cel estatuto de nuestra instituci\u00f3n mandata al Senado Universitario la elaboraci\u00f3n de este plan de desarrollo junto con la rector\u00eda, el cual se presenta al Consejo Superior quien es el que aprueba esta instancia. Este vendr\u00eda a ser el segundo Plan de Desarrollo Estrat\u00e9gico y estamos en este proceso de pensar cu\u00e1l es la mejor metodolog\u00eda y esta visita coincide con el puntapi\u00e9 inicial del proceso de elaboraci\u00f3n del Plan de Desarrollo de la U. de Ays\u00e9n\u201d.<\/p>\n\n\n\n<div class=\"wp-block-image\"><figure class=\"alignleft size-large is-resized\"><a href=\"https:\/\/www.uta.cl\/wp-content\/uploads\/2022\/10\/DSC_0464.jpg\"><img loading=\"lazy\" src=\"https:\/\/www.uta.cl\/wp-content\/uploads\/2022\/10\/DSC_0464.jpg\" alt=\"\" class=\"wp-image-38591\" width=\"351\" height=\"234\" srcset=\"https:\/\/www.uta.cl\/wp-content\/uploads\/2022\/10\/DSC_0464.jpg 1000w, https:\/\/www.uta.cl\/wp-content\/uploads\/2022\/10\/DSC_0464-300x200.jpg 300w, https:\/\/www.uta.cl\/wp-content\/uploads\/2022\/10\/DSC_0464-768x512.jpg 768w\" sizes=\"(max-width: 351px) 100vw, 351px\" \/><\/a><\/figure><\/div>\n\n\n\n<p>Por su parte, Claudio Montecinos, jefe de la Unidad de Planificaci\u00f3n y Coordinaci\u00f3n Institucional, se refiri\u00f3 a la visita la cual tiene como objetivo \u201cno solamente conocer el modelo del Sistema de Direcci\u00f3n Estrat\u00e9gica de la UTA, tambi\u00e9n la experiencia de construcci\u00f3n y elaboraci\u00f3n de la propia estrategia universitaria, del plan de desarrollo institucional, adem\u00e1s del sistema de gesti\u00f3n integrado del proyecto universitario. Todo ello se debe a la presentaci\u00f3n de la UTA ante el CUECH donde nuestra rectora nos inform\u00f3 y nos pidi\u00f3 que tom\u00e1ramos contacto con la Universidad de Tarapac\u00e1\u201d.<\/p>\n\n\n\n<p>Las reuniones de trabajo se concentraron en el Campus Vel\u00e1squez de la UTA, partiendo el lunes 3 de octubre con el modelo del Sistema de Direcci\u00f3n Estrat\u00e9gica de la UTA, sus Planes de desarrollo, Facultades, Planes Operativos Bienales, indicadores del SDE y visualizaci\u00f3n de datos, para continuar el martes 4, con el Modelo del Sistema Integral de Proyectos y finalizar con el taller de Presentaci\u00f3n del Sistema de Gesti\u00f3n de Proyectos de la Universidad de Tarapac\u00e1.<\/p>\n\n\n\n<div class=\"wp-block-image\"><figure class=\"aligncenter size-large\"><a href=\"https:\/\/www.uta.cl\/wp-content\/uploads\/2022\/10\/Imagen1.jpg\"><img loading=\"lazy\" width=\"1024\" height=\"768\" src=\"https:\/\/www.uta.cl\/wp-content\/uploads\/2022\/10\/Imagen1-1024x768.jpg\" alt=\"\" class=\"wp-image-38597\" srcset=\"https:\/\/www.uta.cl\/wp-content\/uploads\/2022\/10\/Imagen1-1024x768.jpg 1024w, https:\/\/www.uta.cl\/wp-content\/uploads\/2022\/10\/Imagen1-300x225.jpg 300w, https:\/\/www.uta.cl\/wp-content\/uploads\/2022\/10\/Imagen1-768x576.jpg 768w, https:\/\/www.uta.cl\/wp-content\/uploads\/2022\/10\/Imagen1.jpg 1035w\" sizes=\"(max-width: 1024px) 100vw, 1024px\" \/><\/a><\/figure><\/div>\n","protected":false},"excerpt":{"rendered":"<p>Comitiva visit\u00f3 la UTA el 3 y 4 de octubre, quienes sostuvieron un encuentro con las autoridades universitarias y distintas reuniones con la Direcci\u00f3n de Planificaci\u00f3n y Proyectos.<\/p>\n","protected":false},"author":1,"featured_media":38588,"comment_status":"open","ping_status":"open","sticky":false,"template":"","format":"standard","meta":[],"categories":[217,51],"tags":[],"_links":{"self":[{"href":"https:\/\/www.uta.cl\/index.php\/wp-json\/wp\/v2\/posts\/38587"}],"collection":[{"href":"https:\/\/www.uta.cl\/index.php\/wp-json\/wp\/v2\/posts"}],"about":[{"href":"https:\/\/www.uta.cl\/index.php\/wp-json\/wp\/v2\/types\/post"}],"author":[{"embeddable":true,"href":"https:\/\/www.uta.cl\/index.php\/wp-json\/wp\/v2\/users\/1"}],"replies":[{"embeddable":true,"href":"https:\/\/www.uta.cl\/index.php\/wp-json\/wp\/v2\/comments?post=38587"}],"version-history":[{"count":1,"href":"https:\/\/www.uta.cl\/index.php\/wp-json\/wp\/v2\/posts\/38587\/revisions"}],"predecessor-version":[{"id":38598,"href":"https:\/\/www.uta.cl\/index.php\/wp-json\/wp\/v2\/posts\/38587\/revisions\/38598"}],"wp:featuredmedia":[{"embeddable":true,"href":"https:\/\/www.uta.cl\/index.php\/wp-json\/wp\/v2\/media\/38588"}],"wp:attachment":[{"href":"https:\/\/www.uta.cl\/index.php\/wp-json\/wp\/v2\/media?parent=38587"}],"wp:term":[{"taxonomy":"category","embeddable":true,"href":"https:\/\/www.uta.cl\/index.php\/wp-json\/wp\/v2\/categories?post=38587"},{"taxonomy":"post_tag","embeddable":true,"href":"https:\/\/www.uta.cl\/index.php\/wp-json\/wp\/v2\/tags?post=38587"}],"curies":[{"name":"wp","href":"https:\/\/api.w.org\/{rel}","templated":true}]}}