{"id":36165,"date":"2022-05-27T20:26:16","date_gmt":"2022-05-27T20:26:16","guid":{"rendered":"https:\/\/www.uta.cl\/?p=36165"},"modified":"2022-06-10T15:17:22","modified_gmt":"2022-06-10T15:17:22","slug":"reunion-publico-privada-liderada-por-la-uta-discutio-desafios-y-avances-de-la-politica-de-innovacion-y-transferencia-tecnologica-en-la-region","status":"publish","type":"post","link":"https:\/\/www.uta.cl\/index.php\/2022\/05\/27\/reunion-publico-privada-liderada-por-la-uta-discutio-desafios-y-avances-de-la-politica-de-innovacion-y-transferencia-tecnologica-en-la-region\/","title":{"rendered":"Reuni\u00f3n p\u00fablico-privada liderada por la UTA discuti\u00f3 desaf\u00edos y avances de la pol\u00edtica de innovaci\u00f3n y transferencia tecnol\u00f3gica en la regi\u00f3n"},"content":{"rendered":"\n<p>La Oficina de Transferencia y Licenciamiento de la Universidad de Tarapac\u00e1 (OTL UTA) y en conjunto con la corporaci\u00f3n Andes Pacific Technology Access (Hub APTA), realizaron un encuentro para dar a conocer los avances de la pol\u00edtica de innovaci\u00f3n que posee la Universidad con el objetivo de fortalecer la relaci\u00f3n de colaboraci\u00f3n con los distintos actores del sector p\u00fablico y privado de la regi\u00f3n.<\/p>\n\n\n\n<figure class=\"wp-block-gallery columns-3 is-cropped\"><ul class=\"blocks-gallery-grid\"><li class=\"blocks-gallery-item\"><figure><a href=\"https:\/\/www.uta.cl\/wp-content\/uploads\/2022\/05\/Hub-APTA-OTL-1.jpg\"><img loading=\"lazy\" width=\"1000\" height=\"563\" src=\"https:\/\/www.uta.cl\/wp-content\/uploads\/2022\/05\/Hub-APTA-OTL-1.jpg\" alt=\"\" data-id=\"36166\" data-full-url=\"https:\/\/www.uta.cl\/wp-content\/uploads\/2022\/05\/Hub-APTA-OTL-1.jpg\" data-link=\"https:\/\/www.uta.cl\/?attachment_id=36166\" class=\"wp-image-36166\" srcset=\"https:\/\/www.uta.cl\/wp-content\/uploads\/2022\/05\/Hub-APTA-OTL-1.jpg 1000w, https:\/\/www.uta.cl\/wp-content\/uploads\/2022\/05\/Hub-APTA-OTL-1-300x169.jpg 300w, https:\/\/www.uta.cl\/wp-content\/uploads\/2022\/05\/Hub-APTA-OTL-1-768x432.jpg 768w\" sizes=\"(max-width: 1000px) 100vw, 1000px\" \/><\/a><\/figure><\/li><li class=\"blocks-gallery-item\"><figure><a href=\"https:\/\/www.uta.cl\/wp-content\/uploads\/2022\/05\/Hub-APTA-OTL-3.jpg\"><img loading=\"lazy\" width=\"1000\" height=\"563\" src=\"https:\/\/www.uta.cl\/wp-content\/uploads\/2022\/05\/Hub-APTA-OTL-3.jpg\" alt=\"\" data-id=\"36167\" data-full-url=\"https:\/\/www.uta.cl\/wp-content\/uploads\/2022\/05\/Hub-APTA-OTL-3.jpg\" data-link=\"https:\/\/www.uta.cl\/?attachment_id=36167\" class=\"wp-image-36167\" srcset=\"https:\/\/www.uta.cl\/wp-content\/uploads\/2022\/05\/Hub-APTA-OTL-3.jpg 1000w, https:\/\/www.uta.cl\/wp-content\/uploads\/2022\/05\/Hub-APTA-OTL-3-300x169.jpg 300w, https:\/\/www.uta.cl\/wp-content\/uploads\/2022\/05\/Hub-APTA-OTL-3-768x432.jpg 768w\" sizes=\"(max-width: 1000px) 100vw, 1000px\" \/><\/a><\/figure><\/li><li class=\"blocks-gallery-item\"><figure><a href=\"https:\/\/www.uta.cl\/wp-content\/uploads\/2022\/05\/Hub-APTA-OTL-4.jpg\"><img loading=\"lazy\" width=\"1000\" height=\"563\" src=\"https:\/\/www.uta.cl\/wp-content\/uploads\/2022\/05\/Hub-APTA-OTL-4.jpg\" alt=\"\" data-id=\"36168\" data-full-url=\"https:\/\/www.uta.cl\/wp-content\/uploads\/2022\/05\/Hub-APTA-OTL-4.jpg\" data-link=\"https:\/\/www.uta.cl\/?attachment_id=36168\" class=\"wp-image-36168\" srcset=\"https:\/\/www.uta.cl\/wp-content\/uploads\/2022\/05\/Hub-APTA-OTL-4.jpg 1000w, https:\/\/www.uta.cl\/wp-content\/uploads\/2022\/05\/Hub-APTA-OTL-4-300x169.jpg 300w, https:\/\/www.uta.cl\/wp-content\/uploads\/2022\/05\/Hub-APTA-OTL-4-768x432.jpg 768w\" sizes=\"(max-width: 1000px) 100vw, 1000px\" \/><\/a><\/figure><\/li><li class=\"blocks-gallery-item\"><figure><a href=\"https:\/\/www.uta.cl\/wp-content\/uploads\/2022\/05\/Hub-APTA-OTL-6.jpg\"><img loading=\"lazy\" width=\"1000\" height=\"563\" src=\"https:\/\/www.uta.cl\/wp-content\/uploads\/2022\/05\/Hub-APTA-OTL-6.jpg\" alt=\"\" data-id=\"36169\" data-full-url=\"https:\/\/www.uta.cl\/wp-content\/uploads\/2022\/05\/Hub-APTA-OTL-6.jpg\" data-link=\"https:\/\/www.uta.cl\/?attachment_id=36169\" class=\"wp-image-36169\" srcset=\"https:\/\/www.uta.cl\/wp-content\/uploads\/2022\/05\/Hub-APTA-OTL-6.jpg 1000w, https:\/\/www.uta.cl\/wp-content\/uploads\/2022\/05\/Hub-APTA-OTL-6-300x169.jpg 300w, https:\/\/www.uta.cl\/wp-content\/uploads\/2022\/05\/Hub-APTA-OTL-6-768x432.jpg 768w\" sizes=\"(max-width: 1000px) 100vw, 1000px\" \/><\/a><\/figure><\/li><\/ul><\/figure>\n\n\n\n<p>En la instancia, realizada en el Hotel Antay de Arica el pasado 17 de mayo, participaron el Vicerrector Acad\u00e9mico (s), Dr. Rodrigo Ferrer, la Vicerrectora de Desarrollo Estrat\u00e9gico, Dra. Jenniffer Peralta, la decana de la Facultad de Ciencias Agron\u00f3micas, Dra. Pilar Mazuela, el decano de la Facultad de Ingenier\u00eda, Alejandro Rodr\u00edguez, adem\u00e1s de representantes del sector p\u00fablico y privado como Rodrigo Herrera, de la Corporaci\u00f3n de Fomento de la Producci\u00f3n (Corfo Arica), Graciela Rodr\u00edguez, Carla Cossio y Agust\u00edn Cordero, representantes de Empresas Arizt\u00eda, Cesar L\u00f3pez y Hellen Tabilo del Terminal Puerto Arica (TPA), Patricio Arias del laboratorio de innovaci\u00f3n Waki Labs y CEO de Ancestral Technologies, Catalina Arriagada del Centro de Negocios Sercotec y representantes del Gobierno Regional de Arica y Parinacota, quienes compartieron sus visiones acerca del desarrollo de la pol\u00edtica de innovaci\u00f3n y entregaron sugerencias para su avance en la zona norte.<\/p>\n\n\n\n<p>Sobre ello, el Vicerrector Acad\u00e9mico (S), el Dr. Rodrigo Ferrer, indic\u00f3 que \u201ccomo universidad regional, nuestra misi\u00f3n es impactar en el desarrollo de los territorios en los que somos parte. En los \u00faltimos diez a\u00f1os, pasamos de ser una instituci\u00f3n fuertemente docente, a ser una universidad que desarrolla conocimiento e investigaci\u00f3n, esto nos lleva al deber de que ese conocimiento se extienda m\u00e1s all\u00e1 del mundo de la ciencia, para traspasarse a los territorios e impactar en los desarrollos sociales y productivos. Para nosotros es fundamental el poder hacer transferencia tecnol\u00f3gica e impulsar el desarrollo productivo de la regi\u00f3n, es algo que tenemos que hacer desde la generaci\u00f3n de conocimiento de avanzada\u201d, explic\u00f3.<\/p>\n\n\n\n<p>Por parte de Hub APTA, corporaci\u00f3n encargada de gestionar nuevas oportunidades de negocios basados en ciencia, identificando el potencial de las capacidades de investigaci\u00f3n y desarrollo (I + D), participaron la directora ejecutiva, Varinka Farren y el coordinador de emprendimiento, N\u00e9stor Roca, quienes presentaron su trabajo y establecieron lazos para impulsar la innovaci\u00f3n, la transferencia de tecnolog\u00edas y el emprendimiento.<\/p>\n\n\n\n<p>En este sentido, Farren coment\u00f3: \u201cCreo que existen muchas ganas de trabajar en conjunto, mostrando una estructura clara de lo que se quiere ir logrando a trav\u00e9s de estas jornadas. En la regi\u00f3n, veo que hay una gran oportunidad, existen las empresas, existe el talento acad\u00e9mico y existe el equipo que tiene ganas y conocimiento para comenzar a avanzar, la transferencia tecnol\u00f3gica se define por la colaboraci\u00f3n y el coincidir en el momento. Recomiendo a los acad\u00e9micos y estudiantes a acercarse a la oficina de transferencia y licenciamiento, que sepan que no est\u00e1n solos y puedan ir avanzando con un apoyo al lado\u201d, indic\u00f3.<\/p>\n","protected":false},"excerpt":{"rendered":"<p>En la jornada, se present\u00f3 el trabajo conjunto entre la Oficina de Transferencia y Licenciamiento (OTL UTA) y Hub APTA, para articular el desarrollo del ecosistema regional y nacional, adem\u00e1s de abordar la generaci\u00f3n de capacidades de innovaci\u00f3n en la UTA junto a representantes del sector p\u00fablico y privado.<\/p>\n","protected":false},"author":1,"featured_media":36169,"comment_status":"open","ping_status":"open","sticky":false,"template":"","format":"standard","meta":[],"categories":[51],"tags":[],"_links":{"self":[{"href":"https:\/\/www.uta.cl\/index.php\/wp-json\/wp\/v2\/posts\/36165"}],"collection":[{"href":"https:\/\/www.uta.cl\/index.php\/wp-json\/wp\/v2\/posts"}],"about":[{"href":"https:\/\/www.uta.cl\/index.php\/wp-json\/wp\/v2\/types\/post"}],"author":[{"embeddable":true,"href":"https:\/\/www.uta.cl\/index.php\/wp-json\/wp\/v2\/users\/1"}],"replies":[{"embeddable":true,"href":"https:\/\/www.uta.cl\/index.php\/wp-json\/wp\/v2\/comments?post=36165"}],"version-history":[{"count":2,"href":"https:\/\/www.uta.cl\/index.php\/wp-json\/wp\/v2\/posts\/36165\/revisions"}],"predecessor-version":[{"id":36571,"href":"https:\/\/www.uta.cl\/index.php\/wp-json\/wp\/v2\/posts\/36165\/revisions\/36571"}],"wp:featuredmedia":[{"embeddable":true,"href":"https:\/\/www.uta.cl\/index.php\/wp-json\/wp\/v2\/media\/36169"}],"wp:attachment":[{"href":"https:\/\/www.uta.cl\/index.php\/wp-json\/wp\/v2\/media?parent=36165"}],"wp:term":[{"taxonomy":"category","embeddable":true,"href":"https:\/\/www.uta.cl\/index.php\/wp-json\/wp\/v2\/categories?post=36165"},{"taxonomy":"post_tag","embeddable":true,"href":"https:\/\/www.uta.cl\/index.php\/wp-json\/wp\/v2\/tags?post=36165"}],"curies":[{"name":"wp","href":"https:\/\/api.w.org\/{rel}","templated":true}]}}