{"id":36118,"date":"2022-05-27T16:05:30","date_gmt":"2022-05-27T16:05:30","guid":{"rendered":"https:\/\/www.uta.cl\/?p=36118"},"modified":"2022-05-27T16:05:30","modified_gmt":"2022-05-27T16:05:30","slug":"atencion-profesores-de-la-red-publica-de-tarapaca-aun-estan-abiertas-inscripciones-para-curso-de-especializacion-icec-uta-2022","status":"publish","type":"post","link":"https:\/\/www.uta.cl\/index.php\/2022\/05\/27\/atencion-profesores-de-la-red-publica-de-tarapaca-aun-estan-abiertas-inscripciones-para-curso-de-especializacion-icec-uta-2022\/","title":{"rendered":"Atenci\u00f3n profesores de la red p\u00fablica de Tarapac\u00e1: A\u00fan est\u00e1n abiertas inscripciones para curso de especializaci\u00f3n ICEC- UTA 2022"},"content":{"rendered":"\n<p>Hasta el 30 de mayo de 2022 estar\u00edan abiertas las inscripciones para profesores de la red p\u00fablica de la Regi\u00f3n de Tarapac\u00e1 interesados en inscribirse en el <strong><em>Curso de Especializaci\u00f3n de Indagaci\u00f3n Cient\u00edfica para la Educaci\u00f3n en Ciencias (ICEC)<\/em><\/strong> del Ministerio de Educaci\u00f3n, en conjunto con la Universidad de Tarapac\u00e1 (UTA), que comenzar\u00e1 durante el mes de junio y se impartir\u00e1 los s\u00e1bados, entre las 8:30 y las 13:00 horas, con planificaci\u00f3n anticipada.<\/p>\n\n\n\n<p>El curso tiene una duraci\u00f3n de 400 horas pedag\u00f3gicas totales, siendo 240 horas presenciales y 160 horas online, y est\u00e1 enfocado a docentes de ense\u00f1anza b\u00e1sica y media; y educadores\/as de p\u00e1rvulo y diferenciales. La forma correcta de inscribirse es a trav\u00e9s de este&nbsp;<a href=\"https:\/\/docs.google.com\/forms\/d\/e\/1FAIpQLSff4_dZykdBrDQQ3tojXkBhiQTb_YuMCz82DS_o4HXw5289Gg\/viewform\" target=\"_blank\" rel=\"noreferrer noopener\">formulario<\/a>, donde se deben registrar los datos solicitados y en breve se contactar\u00e1n para confirmar la correcta inscripci\u00f3n. Para mayor informaci\u00f3n sobre la formaci\u00f3n ingresar&nbsp;<a href=\"http:\/\/icec.uta.cl\/wp-content\/uploads\/2022\/05\/Documento-informativo-ICEC.pdf\" target=\"_blank\" rel=\"noreferrer noopener\">aqu\u00ed<\/a>&nbsp;o escribir a este&nbsp;<a href=\"http:\/\/icecuta@gmail.com\/\" target=\"_blank\" rel=\"noreferrer noopener\">correo<\/a>; tambi\u00e9n llamando al tel\u00e9fono +56 9 58053884.<\/p>\n\n\n\n<p>Sobre la experiencia de ser parte de la red de escuelas de ICEC, se refiri\u00f3 el coordinador de la Comunidad de Aprendizaje de la Regi\u00f3n de Tarapac\u00e1, Robinson Herrera, quien expres\u00f3 la importancia de volver a la presencialidad, de reencontrarse y reafirmar el compromiso respecto de este programa, en lo que respecta al aprendizaje en aula.<\/p>\n\n\n\n<p>\u201cRespecto de los contenidos de ICEC, me ha parecido un curso bastante potente, aunque hay muchas cosas que uno las da por hechas, pero nos reafirman creencias, adem\u00e1s se generan nuevos aprendizajes y, lo m\u00e1s importante, redes de apoyo e instancias para crear material de ense\u00f1anza did\u00e1ctica. Hasta el a\u00f1o pasado, fue un curso que en forma progresiva que nos permiti\u00f3 interactuar, incluso con la dificultad de la virtualidad, hoy nos permite reencontrarnos y reafirmar los compromisos con el programa\u201d, dijo Herrera.<\/p>\n\n\n\n<p><strong>Sobre ICEC<\/strong><\/p>\n\n\n\n<p>El programa de Indagaci\u00f3n Cient\u00edfica para la Educaci\u00f3n en Ciencias (ICEC) es una iniciativa nacional del Ministerio de Educaci\u00f3n orientada a mejorar la ense\u00f1anza y el aprendizaje de la ciencia en escuelas y liceos, urbanos y rurales, a trav\u00e9s de la promoci\u00f3n del uso de la indagaci\u00f3n cient\u00edfica como enfoque did\u00e1ctico pedag\u00f3gico para ense\u00f1ar ciencia&nbsp;y surge como una respuesta a una necesidad pa\u00eds de incrementar la educaci\u00f3n cient\u00edfica teniendo conciencia de su importancia en el desarrollo de las personas y de los pa\u00edses.<\/p>\n\n\n\n<p>ICEC aborda los tres niveles de ense\u00f1anza, incluyendo la educaci\u00f3n parvularia, b\u00e1sica y hasta segundo medio. En ellos se realiza diversas acciones que promueven la innovaci\u00f3n pedag\u00f3gica en ciencias a trav\u00e9s de actividades de desarrollo profesional para educadoras\/es diferenciales, educadores\/as de p\u00e1rvulos y profesores\/as de educaci\u00f3n b\u00e1sica y media a lo largo de Chile. A la fecha se han capacitado 1300 educadores, de 630 establecimientos, correspondientes a 160 comunas en todo Chile.<\/p>\n","protected":false},"excerpt":{"rendered":"<p>\u2022      Orientado a educadores\/as diferenciales y p\u00e1rvulos; a docentes de educaci\u00f3n b\u00e1sica y media de la regi\u00f3n.<\/p>\n<p>\u2022      Curso comenzar\u00eda durante el mes de junio y se impartir\u00e1 los s\u00e1bados con clases presenciales y a distancia.<\/p>\n","protected":false},"author":1,"featured_media":35778,"comment_status":"open","ping_status":"open","sticky":false,"template":"","format":"standard","meta":[],"categories":[51],"tags":[],"_links":{"self":[{"href":"https:\/\/www.uta.cl\/index.php\/wp-json\/wp\/v2\/posts\/36118"}],"collection":[{"href":"https:\/\/www.uta.cl\/index.php\/wp-json\/wp\/v2\/posts"}],"about":[{"href":"https:\/\/www.uta.cl\/index.php\/wp-json\/wp\/v2\/types\/post"}],"author":[{"embeddable":true,"href":"https:\/\/www.uta.cl\/index.php\/wp-json\/wp\/v2\/users\/1"}],"replies":[{"embeddable":true,"href":"https:\/\/www.uta.cl\/index.php\/wp-json\/wp\/v2\/comments?post=36118"}],"version-history":[{"count":1,"href":"https:\/\/www.uta.cl\/index.php\/wp-json\/wp\/v2\/posts\/36118\/revisions"}],"predecessor-version":[{"id":36119,"href":"https:\/\/www.uta.cl\/index.php\/wp-json\/wp\/v2\/posts\/36118\/revisions\/36119"}],"wp:featuredmedia":[{"embeddable":true,"href":"https:\/\/www.uta.cl\/index.php\/wp-json\/wp\/v2\/media\/35778"}],"wp:attachment":[{"href":"https:\/\/www.uta.cl\/index.php\/wp-json\/wp\/v2\/media?parent=36118"}],"wp:term":[{"taxonomy":"category","embeddable":true,"href":"https:\/\/www.uta.cl\/index.php\/wp-json\/wp\/v2\/categories?post=36118"},{"taxonomy":"post_tag","embeddable":true,"href":"https:\/\/www.uta.cl\/index.php\/wp-json\/wp\/v2\/tags?post=36118"}],"curies":[{"name":"wp","href":"https:\/\/api.w.org\/{rel}","templated":true}]}}