{"id":36089,"date":"2022-05-26T21:19:58","date_gmt":"2022-05-26T21:19:58","guid":{"rendered":"https:\/\/www.uta.cl\/?p=36089"},"modified":"2022-05-26T21:19:58","modified_gmt":"2022-05-26T21:19:58","slug":"uta-invita-a-participar-en-jornada-nacional-para-conocer-detalles-del-borrador-de-la-nueva-constitucion","status":"publish","type":"post","link":"https:\/\/www.uta.cl\/index.php\/2022\/05\/26\/uta-invita-a-participar-en-jornada-nacional-para-conocer-detalles-del-borrador-de-la-nueva-constitucion\/","title":{"rendered":"UTA invita a participar en Jornada Nacional para conocer detalles del borrador de la nueva Constituci\u00f3n"},"content":{"rendered":"\n<p>Este viernes 27 de mayo, a las 09:00 horas, a trav\u00e9s de Radio Universidad de Tarapac\u00e1, se realizar\u00e1 el conversatorio \u201c<strong><em>Di\u00e1logo Constituyente<\/em><\/strong>\u201d, encuentro enmarcado en las \u201cJornadas Nacionales para conocer el borrador de la nueva Constituci\u00f3n\u201d, trabajo conjunto que llevan a cabo las Instituciones de Educaci\u00f3n Superior del Consorcio de Universidades del Estado de Chile (CUECH) y la Comisi\u00f3n de Participaci\u00f3n Popular de la Convenci\u00f3n Constitucional, con el objeto de difundir e informar respecto a los detalles del borrador de la nueva Constituci\u00f3n, de cara al plebiscito del 4 de septiembre.<\/p>\n\n\n\n<p>En esta ocasi\u00f3n, participar\u00e1n los Constituyentes de nuestra regi\u00f3n, Jorge Abarca, Pollyana Rivera, Carolina Videla y Luis Jim\u00e9nez (esca\u00f1o del pueblo aymara) y la actividad ser\u00e1 conducida y moderada por el director de Radio Universidad de Tarapac\u00e1, Ricardo Castillo.<\/p>\n\n\n\n<p>La actividad ser\u00e1 transmitida por Radio Universidad de Tarapac\u00e1 95.9 FM y en nuestras principales plataformas digitales de Facebook y YouTube.<\/p>\n\n\n\n<p><a href=\"https:\/\/www.youtube.com\/channel\/UCAXQnCBzpPnPdZTAcZPVBXQ\">https:\/\/www.youtube.com\/channel\/UCAXQnCBzpPnPdZTAcZPVBXQ<\/a><\/p>\n\n\n\n<p><a href=\"https:\/\/www.facebook.com\/RadioUtarapaca\/\">https:\/\/www.facebook.com\/RadioUtarapaca\/<\/a><\/p>\n\n\n\n<div class=\"wp-block-image\"><figure class=\"aligncenter size-large\"><a href=\"https:\/\/www.uta.cl\/wp-content\/uploads\/2022\/05\/dialogo.jpg\"><img loading=\"lazy\" width=\"1000\" height=\"1000\" src=\"https:\/\/www.uta.cl\/wp-content\/uploads\/2022\/05\/dialogo.jpg\" alt=\"\" class=\"wp-image-36090\" srcset=\"https:\/\/www.uta.cl\/wp-content\/uploads\/2022\/05\/dialogo.jpg 1000w, https:\/\/www.uta.cl\/wp-content\/uploads\/2022\/05\/dialogo-300x300.jpg 300w, https:\/\/www.uta.cl\/wp-content\/uploads\/2022\/05\/dialogo-150x150.jpg 150w, https:\/\/www.uta.cl\/wp-content\/uploads\/2022\/05\/dialogo-768x768.jpg 768w\" sizes=\"(max-width: 1000px) 100vw, 1000px\" \/><\/a><\/figure><\/div>\n","protected":false},"excerpt":{"rendered":"<p>Encuentro ser\u00e1 transmitido por Radio UTA y principales plataformas digitales institucionales.<\/p>\n","protected":false},"author":1,"featured_media":36090,"comment_status":"open","ping_status":"open","sticky":false,"template":"","format":"standard","meta":[],"categories":[115,51],"tags":[],"_links":{"self":[{"href":"https:\/\/www.uta.cl\/index.php\/wp-json\/wp\/v2\/posts\/36089"}],"collection":[{"href":"https:\/\/www.uta.cl\/index.php\/wp-json\/wp\/v2\/posts"}],"about":[{"href":"https:\/\/www.uta.cl\/index.php\/wp-json\/wp\/v2\/types\/post"}],"author":[{"embeddable":true,"href":"https:\/\/www.uta.cl\/index.php\/wp-json\/wp\/v2\/users\/1"}],"replies":[{"embeddable":true,"href":"https:\/\/www.uta.cl\/index.php\/wp-json\/wp\/v2\/comments?post=36089"}],"version-history":[{"count":1,"href":"https:\/\/www.uta.cl\/index.php\/wp-json\/wp\/v2\/posts\/36089\/revisions"}],"predecessor-version":[{"id":36091,"href":"https:\/\/www.uta.cl\/index.php\/wp-json\/wp\/v2\/posts\/36089\/revisions\/36091"}],"wp:featuredmedia":[{"embeddable":true,"href":"https:\/\/www.uta.cl\/index.php\/wp-json\/wp\/v2\/media\/36090"}],"wp:attachment":[{"href":"https:\/\/www.uta.cl\/index.php\/wp-json\/wp\/v2\/media?parent=36089"}],"wp:term":[{"taxonomy":"category","embeddable":true,"href":"https:\/\/www.uta.cl\/index.php\/wp-json\/wp\/v2\/categories?post=36089"},{"taxonomy":"post_tag","embeddable":true,"href":"https:\/\/www.uta.cl\/index.php\/wp-json\/wp\/v2\/tags?post=36089"}],"curies":[{"name":"wp","href":"https:\/\/api.w.org\/{rel}","templated":true}]}}