{"id":36082,"date":"2022-05-26T14:08:30","date_gmt":"2022-05-26T14:08:30","guid":{"rendered":"https:\/\/www.uta.cl\/?p=36082"},"modified":"2022-05-26T14:08:30","modified_gmt":"2022-05-26T14:08:30","slug":"esencia-cambios-constitucion-y-educacion","status":"publish","type":"post","link":"https:\/\/www.uta.cl\/index.php\/2022\/05\/26\/esencia-cambios-constitucion-y-educacion\/","title":{"rendered":"ESENCIA, CAMBIOS, CONSTITUCI\u00d3N Y EDUCACI\u00d3N"},"content":{"rendered":"\n<p>Estamos viviendo la transformaci\u00f3n. Los desaf\u00edos y los vaivenes est\u00e1n a la vista, los palpamos con nuestras familias, en nuestros trabajos, en la escuela, en la universidad, en la cotidianeidad; en lo social, pol\u00edtico, econ\u00f3micos, ideol\u00f3gico y cultural.<\/p>\n\n\n\n<p>Todo cambio conlleva un impacto de mayor o menor envergadura. Esta vez nos alcanza a todas y todos, ni\u00f1as, ni\u00f1os, adolescentes, j\u00f3venes, mujeres y hombres en edad adulta y mayores a trav\u00e9s del pa\u00eds, en todos los territorios.<\/p>\n\n\n\n<p>Nueva constituci\u00f3n, nuevas legislaciones, nueva ciudadan\u00eda, nuevas comunidades, nuevas expectativas, nuevas experiencias y nuevas realidades que hacen que, en tiempo presente y proyectado, la educaci\u00f3n, particularmente el sistema de educaci\u00f3n superior tenga un rol que trasciende, ya que por definici\u00f3n y por acci\u00f3n se trata de un agente de transformaci\u00f3n, que se contextualiza y a la vez permea los procesos de cambio como el que vivimos hoy. En esta din\u00e1mica, tambi\u00e9n las universidades como la nuestra, vamos complejizando y situando las decisiones y acciones de cara al bien com\u00fan, al desarrollo de las personas y de las comunidades y como parte de una sociedad que se valora y que reconoce su diversidad cultural y territorial.<\/p>\n\n\n\n<p>Un incierto y complejo escenario acompa\u00f1a el desaf\u00edo de crecer juntos. No olvidemos en el camino lo que es esencial, que sea lo sustancial y lo trascendente lo que permee el futuro social, pol\u00edtico, econ\u00f3mico, ideol\u00f3gico y cultural que estamos invitados a co-construir. Co-incidamos en la b\u00fasqueda del bienestar y la calidad de vida, compartamos nuestras miradas con empat\u00eda, nuestra esencia est\u00e1 en lo \u00edntimo de nuestro ser y en el encuentro social, en el co-laborar y en el con-versar, entonces, versemos juntos, co-incidamos en nuestro presente y nuestro futuro compartido.<\/p>\n\n\n\n<p class=\"has-text-align-right\">Dra. Jenniffer Peralta Montecinos<br>Vicerrectora de Desarrollo Estrat\u00e9gico<br>Universidad de Tarapac\u00e1<\/p>\n","protected":false},"excerpt":{"rendered":"<p>Columna de la Vicerrectora de Desarrollo Estrat\u00e9gico, Dra. Jenniffer Peralta Montecinos, publicada en diario La Estrella de Arica, el jueves 19 de mayo.<\/p>\n","protected":false},"author":1,"featured_media":35129,"comment_status":"open","ping_status":"open","sticky":false,"template":"","format":"standard","meta":[],"categories":[51],"tags":[],"_links":{"self":[{"href":"https:\/\/www.uta.cl\/index.php\/wp-json\/wp\/v2\/posts\/36082"}],"collection":[{"href":"https:\/\/www.uta.cl\/index.php\/wp-json\/wp\/v2\/posts"}],"about":[{"href":"https:\/\/www.uta.cl\/index.php\/wp-json\/wp\/v2\/types\/post"}],"author":[{"embeddable":true,"href":"https:\/\/www.uta.cl\/index.php\/wp-json\/wp\/v2\/users\/1"}],"replies":[{"embeddable":true,"href":"https:\/\/www.uta.cl\/index.php\/wp-json\/wp\/v2\/comments?post=36082"}],"version-history":[{"count":1,"href":"https:\/\/www.uta.cl\/index.php\/wp-json\/wp\/v2\/posts\/36082\/revisions"}],"predecessor-version":[{"id":36083,"href":"https:\/\/www.uta.cl\/index.php\/wp-json\/wp\/v2\/posts\/36082\/revisions\/36083"}],"wp:featuredmedia":[{"embeddable":true,"href":"https:\/\/www.uta.cl\/index.php\/wp-json\/wp\/v2\/media\/35129"}],"wp:attachment":[{"href":"https:\/\/www.uta.cl\/index.php\/wp-json\/wp\/v2\/media?parent=36082"}],"wp:term":[{"taxonomy":"category","embeddable":true,"href":"https:\/\/www.uta.cl\/index.php\/wp-json\/wp\/v2\/categories?post=36082"},{"taxonomy":"post_tag","embeddable":true,"href":"https:\/\/www.uta.cl\/index.php\/wp-json\/wp\/v2\/tags?post=36082"}],"curies":[{"name":"wp","href":"https:\/\/api.w.org\/{rel}","templated":true}]}}