{"id":36065,"date":"2022-05-25T16:34:50","date_gmt":"2022-05-25T16:34:50","guid":{"rendered":"https:\/\/www.uta.cl\/?p=36065"},"modified":"2022-05-25T16:34:50","modified_gmt":"2022-05-25T16:34:50","slug":"taller-territorio-andino-y-recursos-naturales-uta-conadi-abordo-tematicas-legales-que-enfrentan-comunidades-del-tamarugal-y-el-pais","status":"publish","type":"post","link":"https:\/\/www.uta.cl\/index.php\/2022\/05\/25\/taller-territorio-andino-y-recursos-naturales-uta-conadi-abordo-tematicas-legales-que-enfrentan-comunidades-del-tamarugal-y-el-pais\/","title":{"rendered":"Taller \u201cTerritorio Andino y Recursos Naturales\u201d UTA -CONADI abord\u00f3 tem\u00e1ticas legales que enfrentan comunidades del Tamarugal y el pa\u00eds"},"content":{"rendered":"\n<p>El jueves 19 de mayo, se realiz\u00f3 el \u201cTaller Territorio Andino y Recursos Naturales\u201d, donde se abordaron variadas tem\u00e1ticas legales sobre territorio, que enfrentan comunidades originarias a nivel nacional, especialmente de la provincia del Tamarugal. Instancia de conversaci\u00f3n liderada por expertos de la Corporaci\u00f3n Nacional de Desarrollo Ind\u00edgena Iquique (CONADI) y de la Universidad de Tarapac\u00e1 (UTA).<\/p>\n\n\n\n<figure class=\"wp-block-gallery columns-2 is-cropped\"><ul class=\"blocks-gallery-grid\"><li class=\"blocks-gallery-item\"><figure><a href=\"https:\/\/www.uta.cl\/wp-content\/uploads\/2022\/05\/ARIEL-JCA-OK.jpg\"><img loading=\"lazy\" width=\"1000\" height=\"667\" src=\"https:\/\/www.uta.cl\/wp-content\/uploads\/2022\/05\/ARIEL-JCA-OK.jpg\" alt=\"\" data-id=\"36066\" data-full-url=\"https:\/\/www.uta.cl\/wp-content\/uploads\/2022\/05\/ARIEL-JCA-OK.jpg\" data-link=\"https:\/\/www.uta.cl\/?attachment_id=36066\" class=\"wp-image-36066\" srcset=\"https:\/\/www.uta.cl\/wp-content\/uploads\/2022\/05\/ARIEL-JCA-OK.jpg 1000w, https:\/\/www.uta.cl\/wp-content\/uploads\/2022\/05\/ARIEL-JCA-OK-300x200.jpg 300w, https:\/\/www.uta.cl\/wp-content\/uploads\/2022\/05\/ARIEL-JCA-OK-768x512.jpg 768w\" sizes=\"(max-width: 1000px) 100vw, 1000px\" \/><\/a><\/figure><\/li><li class=\"blocks-gallery-item\"><figure><a href=\"https:\/\/www.uta.cl\/wp-content\/uploads\/2022\/05\/TALLER-19-MAYO-OK.jpg\"><img loading=\"lazy\" width=\"1000\" height=\"667\" src=\"https:\/\/www.uta.cl\/wp-content\/uploads\/2022\/05\/TALLER-19-MAYO-OK.jpg\" alt=\"\" data-id=\"36067\" data-full-url=\"https:\/\/www.uta.cl\/wp-content\/uploads\/2022\/05\/TALLER-19-MAYO-OK.jpg\" data-link=\"https:\/\/www.uta.cl\/?attachment_id=36067\" class=\"wp-image-36067\" srcset=\"https:\/\/www.uta.cl\/wp-content\/uploads\/2022\/05\/TALLER-19-MAYO-OK.jpg 1000w, https:\/\/www.uta.cl\/wp-content\/uploads\/2022\/05\/TALLER-19-MAYO-OK-300x200.jpg 300w, https:\/\/www.uta.cl\/wp-content\/uploads\/2022\/05\/TALLER-19-MAYO-OK-768x512.jpg 768w\" sizes=\"(max-width: 1000px) 100vw, 1000px\" \/><\/a><\/figure><\/li><\/ul><\/figure>\n\n\n\n<p>La actividad que se desarroll\u00f3 en el Campus Baquedano de la UTA, cont\u00f3 con la presencia de representantes de la Delegaci\u00f3n Presidencial del Tamarugal, el Subdirector Nacional Iquique CONADI, representantes de comunidades originarias regionales, y del Departamento de Ciencias Hist\u00f3ricas y Geogr\u00e1ficas UTA, siendo coordinado el encuentro por el investigador y acad\u00e9mico, Dr. Alberto D\u00edaz Araya, quien realiz\u00f3 una reflexi\u00f3n con un enfoque etnohist\u00f3rica sobre la problem\u00e1tica.<\/p>\n\n\n\n<p>En la ocasi\u00f3n, el Subdirector Nacional Iquique CONADI, Eleodoro Moscoso Esteban, se\u00f1al\u00f3 que \u201cesta jornada fue muy esclarecedora, en temas de inter\u00e9s sobre conflictos territoriales. Como corporaci\u00f3n nos interesa bastante el hecho de poder trabajar con las comunidades ind\u00edgenas que tienen conflictos entre predios, y en esta ocasi\u00f3n con el trabajo ejecutado por la universidad, a trav\u00e9s del estudio con caracterizaci\u00f3n antropol\u00f3gica, hist\u00f3rica y legal. Instrumento que nos permite hoy ir en ayuda de los comuneros, al contar con nueva y valiosa informaci\u00f3n sobre territorio con significaci\u00f3n cultural\u201d, indic\u00f3.<\/p>\n\n\n\n<p>Frente a las tem\u00e1ticas abordadas, el experto en defensa de Recursos Naturales en Territorio Ind\u00edgena, Ariel Le\u00f3n Baci\u00e1n, expositor del taller, se refiri\u00f3 a la apertura de estas instancias: \u201cSiempre es positivo juntarse con las organizaciones y poder traerles experiencias de lo que ocurre en los tribunales, no solamente en la Regi\u00f3n, sino tambi\u00e9n a nivel nacional. Existe un deber por parte de nosotros que somos de pueblos originarios y que estamos participando en distintas instancias tanto institucionales como fuera de ella, de hacer este aporte. Porque hay una urgente necesidad de las comunidades de saber sobre estos delitos, y queremos orientarlos a exigir sus demandas ante Tribunales de Justicia, Contralor\u00eda y otros organismos que tienen el deber de tutelar estos derechos. La experiencia de los pueblos originarios es irremplazable, su conocimiento es el m\u00e1s valioso, pero corresponde tambi\u00e9n que ellos est\u00e9n dotados del conocimiento necesario para poder exigir sus derechos\u201d.<\/p>\n\n\n\n<p>La actividad finaliz\u00f3 con una ronda de preguntas y reflexiones al expositor por parte de los asistentes y de la audiencia virtual, que particip\u00f3 a trav\u00e9s de la transmisi\u00f3n on line. Di\u00e1logo interactivo que gener\u00f3 interesantes intervenciones, que demostraron la importancia de generar estos espacios con las organizaciones.<\/p>\n","protected":false},"excerpt":{"rendered":"<p>Actividad liderada por expertos de la Corporaci\u00f3n Nacional de Desarrollo Ind\u00edgena Iquique (CONADI) y de la Universidad de Tarapac\u00e1 (UTA) abordando variadas tem\u00e1ticas legales sobre territorio, que enfrentan comunidades originarias a nivel nacional, especialmente de la provincia del Tamarugal.<\/p>\n","protected":false},"author":1,"featured_media":36066,"comment_status":"open","ping_status":"open","sticky":false,"template":"","format":"standard","meta":[],"categories":[51],"tags":[],"_links":{"self":[{"href":"https:\/\/www.uta.cl\/index.php\/wp-json\/wp\/v2\/posts\/36065"}],"collection":[{"href":"https:\/\/www.uta.cl\/index.php\/wp-json\/wp\/v2\/posts"}],"about":[{"href":"https:\/\/www.uta.cl\/index.php\/wp-json\/wp\/v2\/types\/post"}],"author":[{"embeddable":true,"href":"https:\/\/www.uta.cl\/index.php\/wp-json\/wp\/v2\/users\/1"}],"replies":[{"embeddable":true,"href":"https:\/\/www.uta.cl\/index.php\/wp-json\/wp\/v2\/comments?post=36065"}],"version-history":[{"count":1,"href":"https:\/\/www.uta.cl\/index.php\/wp-json\/wp\/v2\/posts\/36065\/revisions"}],"predecessor-version":[{"id":36068,"href":"https:\/\/www.uta.cl\/index.php\/wp-json\/wp\/v2\/posts\/36065\/revisions\/36068"}],"wp:featuredmedia":[{"embeddable":true,"href":"https:\/\/www.uta.cl\/index.php\/wp-json\/wp\/v2\/media\/36066"}],"wp:attachment":[{"href":"https:\/\/www.uta.cl\/index.php\/wp-json\/wp\/v2\/media?parent=36065"}],"wp:term":[{"taxonomy":"category","embeddable":true,"href":"https:\/\/www.uta.cl\/index.php\/wp-json\/wp\/v2\/categories?post=36065"},{"taxonomy":"post_tag","embeddable":true,"href":"https:\/\/www.uta.cl\/index.php\/wp-json\/wp\/v2\/tags?post=36065"}],"curies":[{"name":"wp","href":"https:\/\/api.w.org\/{rel}","templated":true}]}}