{"id":34777,"date":"2022-03-18T13:31:07","date_gmt":"2022-03-18T13:31:07","guid":{"rendered":"https:\/\/www.uta.cl\/?p=34777"},"modified":"2022-03-18T13:31:07","modified_gmt":"2022-03-18T13:31:07","slug":"encuentro-de-analisis-estrategico-reune-a-rectores-de-las-universidades-estatales-en-pucon","status":"publish","type":"post","link":"https:\/\/www.uta.cl\/index.php\/2022\/03\/18\/encuentro-de-analisis-estrategico-reune-a-rectores-de-las-universidades-estatales-en-pucon\/","title":{"rendered":"Encuentro de an\u00e1lisis estrat\u00e9gico re\u00fane a rectores de las Universidades Estatales en Puc\u00f3n"},"content":{"rendered":"\n<p>A las 9 de la ma\u00f1ana de este jueves los 18 de marzo, rectores de las Universidades Estatales se reunieron en el primer encuentro del a\u00f1o realizado fuera de Santiago. En el campus Puc\u00f3n de la Universidad de la Frontera (UFRO) las y los rectores reflexionaron en torno a la realidad pa\u00eds en este nuevo ciclo, y las oportunidades de apoyo que las casas de estudio pueden aportar al desarrollo de las regiones.<\/p>\n\n\n\n<div class=\"wp-block-image\"><figure class=\"aligncenter size-large\"><a href=\"https:\/\/www.uta.cl\/wp-content\/uploads\/2022\/03\/Foto-Oficial-CUECH-scaled.jpg\"><img loading=\"lazy\" width=\"1024\" height=\"683\" src=\"https:\/\/www.uta.cl\/wp-content\/uploads\/2022\/03\/Foto-Oficial-CUECH-1024x683.jpg\" alt=\"\" class=\"wp-image-34778\" srcset=\"https:\/\/www.uta.cl\/wp-content\/uploads\/2022\/03\/Foto-Oficial-CUECH-1024x683.jpg 1024w, https:\/\/www.uta.cl\/wp-content\/uploads\/2022\/03\/Foto-Oficial-CUECH-300x200.jpg 300w, https:\/\/www.uta.cl\/wp-content\/uploads\/2022\/03\/Foto-Oficial-CUECH-768x512.jpg 768w, https:\/\/www.uta.cl\/wp-content\/uploads\/2022\/03\/Foto-Oficial-CUECH-1536x1024.jpg 1536w, https:\/\/www.uta.cl\/wp-content\/uploads\/2022\/03\/Foto-Oficial-CUECH-2048x1365.jpg 2048w\" sizes=\"(max-width: 1024px) 100vw, 1024px\" \/><\/a><\/figure><\/div>\n\n\n\n<p>Si bien el desarrollo regional es un tema de inter\u00e9s permanente para el Consorcio, y 14 de sus 18 instituciones est\u00e1n ubicadas en regiones, la realidad de centralizaci\u00f3n del pa\u00eds es tambi\u00e9n un problema constante que requiere de redoblar los esfuerzos y las reflexiones. En palabras de la Directora Ejecutiva del Cuech Alejandra Contreras, esta reuni\u00f3n de trabajo est\u00e1 enfocada en \u201cla forma en que las universidades est\u00e1n enfrentando y van a enfrentar los desaf\u00edos de conexi\u00f3n y de apoyo al desarrollo de las regiones. Es imprescindible que las regiones sepan que las Universidades p\u00fablicas son una instancia que est\u00e1 al servicio de su desarrollo, y que recurran a ellas como una fuente de apoyo, trabajo, creaci\u00f3n de conocimiento, etc.\u201d.<\/p>\n\n\n\n<p>En ese sentido, el trabajo de las autoridades locales y su relaci\u00f3n con los planteles estatales es un factor determinante en las posibilidades de desarrollo de las regiones. Al respecto, el rector de la UFRO, Eduardo Hebel, explica que &#8220;dada la situaci\u00f3n en La Araucan\u00eda, el hecho tener un gobernador elegido democr\u00e1ticamente con un tiempo establecido para llevar a cabo su gesti\u00f3n, hace posible una mirada m\u00e1s efectiva y a largo plazo, lo que nos permite como universidad proyectar trabajos conjuntos\u201d. Algo en lo que coincide Contreras desde el Cuech, quien se\u00f1ala que \u201cestamos muy esperanzados en que las actuales autoridades, especialmente los gobernadores que fueron electos, y no elegidos pol\u00edticamente, puedan tener un mejor v\u00ednculo con las Universidades P\u00fablicas y visualizar la oportunidad que esta alianza significa\u201d.<\/p>\n\n\n\n<p>Las y los rectores siguen reunidos y el encuentro de trabajo se extiende hasta ma\u00f1ana, con una jornada que comienza con un saludo del nuevo Ministro de Educaci\u00f3n Marco Antonio \u00c1vila, y una posterior conversaci\u00f3n con la Subsecretaria de Educaci\u00f3n Superior, Ver\u00f3nica Figueroa.<\/p>\n\n\n\n<p>Fuente: UFRO- CUECH<\/p>\n","protected":false},"excerpt":{"rendered":"<p>Las rectoras y rectores de los planteles pertenecientes al Consorcio de Universidades del Estado (Cuech) se dieron cita en la sede local de la U. de La Frontera donde trabajan en desaf\u00edos 2022 y vinculaci\u00f3n regional.<\/p>\n","protected":false},"author":1,"featured_media":34778,"comment_status":"open","ping_status":"open","sticky":false,"template":"","format":"standard","meta":[],"categories":[51],"tags":[],"_links":{"self":[{"href":"https:\/\/www.uta.cl\/index.php\/wp-json\/wp\/v2\/posts\/34777"}],"collection":[{"href":"https:\/\/www.uta.cl\/index.php\/wp-json\/wp\/v2\/posts"}],"about":[{"href":"https:\/\/www.uta.cl\/index.php\/wp-json\/wp\/v2\/types\/post"}],"author":[{"embeddable":true,"href":"https:\/\/www.uta.cl\/index.php\/wp-json\/wp\/v2\/users\/1"}],"replies":[{"embeddable":true,"href":"https:\/\/www.uta.cl\/index.php\/wp-json\/wp\/v2\/comments?post=34777"}],"version-history":[{"count":1,"href":"https:\/\/www.uta.cl\/index.php\/wp-json\/wp\/v2\/posts\/34777\/revisions"}],"predecessor-version":[{"id":34779,"href":"https:\/\/www.uta.cl\/index.php\/wp-json\/wp\/v2\/posts\/34777\/revisions\/34779"}],"wp:featuredmedia":[{"embeddable":true,"href":"https:\/\/www.uta.cl\/index.php\/wp-json\/wp\/v2\/media\/34778"}],"wp:attachment":[{"href":"https:\/\/www.uta.cl\/index.php\/wp-json\/wp\/v2\/media?parent=34777"}],"wp:term":[{"taxonomy":"category","embeddable":true,"href":"https:\/\/www.uta.cl\/index.php\/wp-json\/wp\/v2\/categories?post=34777"},{"taxonomy":"post_tag","embeddable":true,"href":"https:\/\/www.uta.cl\/index.php\/wp-json\/wp\/v2\/tags?post=34777"}],"curies":[{"name":"wp","href":"https:\/\/api.w.org\/{rel}","templated":true}]}}