{"id":34751,"date":"2022-03-17T20:29:01","date_gmt":"2022-03-17T20:29:01","guid":{"rendered":"https:\/\/www.uta.cl\/?p=34751"},"modified":"2022-03-17T20:29:01","modified_gmt":"2022-03-17T20:29:01","slug":"archivo-historico-vicente-dagnino-recibe-importante-donacion-de-coleccion-fotografica-inedita-de-los-anos-80-y-90","status":"publish","type":"post","link":"https:\/\/www.uta.cl\/index.php\/2022\/03\/17\/archivo-historico-vicente-dagnino-recibe-importante-donacion-de-coleccion-fotografica-inedita-de-los-anos-80-y-90\/","title":{"rendered":"Archivo Hist\u00f3rico Vicente Dagnino recibe importante donaci\u00f3n de colecci\u00f3n fotogr\u00e1fica in\u00e9dita de los a\u00f1os 80 y 90"},"content":{"rendered":"\n<div class=\"wp-block-image\"><figure class=\"aligncenter size-large\"><a href=\"https:\/\/www.uta.cl\/wp-content\/uploads\/2022\/03\/Militares-Rotonda-Tucapel-1984.jpg\"><img loading=\"lazy\" width=\"1000\" height=\"750\" src=\"https:\/\/www.uta.cl\/wp-content\/uploads\/2022\/03\/Militares-Rotonda-Tucapel-1984.jpg\" alt=\"\" class=\"wp-image-34759\" srcset=\"https:\/\/www.uta.cl\/wp-content\/uploads\/2022\/03\/Militares-Rotonda-Tucapel-1984.jpg 1000w, https:\/\/www.uta.cl\/wp-content\/uploads\/2022\/03\/Militares-Rotonda-Tucapel-1984-300x225.jpg 300w, https:\/\/www.uta.cl\/wp-content\/uploads\/2022\/03\/Militares-Rotonda-Tucapel-1984-768x576.jpg 768w\" sizes=\"(max-width: 1000px) 100vw, 1000px\" \/><\/a><\/figure><\/div>\n\n\n\n<p>El 9 de marzo el Archivo Hist\u00f3rico Vicente Dagnino de la Biblioteca de la Universidad de Tarapac\u00e1, recibi\u00f3 una valiosa colecci\u00f3n fotogr\u00e1fica del periodista H\u00e9ctor M\u00e9rida C\u00e9spedes, quien don\u00f3 alrededor de 15 mil negativos en blanco y negro, fotograf\u00edas que retratan las protestas sociales, denuncias callejeras, y la vida social y pol\u00edtica de la regi\u00f3n entre los a\u00f1os 1983 y 1990.<\/p>\n\n\n\n<div class=\"wp-block-image\"><figure class=\"alignleft size-large is-resized\"><a href=\"https:\/\/www.uta.cl\/wp-content\/uploads\/2022\/03\/DSC_5738.jpg\"><img loading=\"lazy\" src=\"https:\/\/www.uta.cl\/wp-content\/uploads\/2022\/03\/DSC_5738.jpg\" alt=\"\" class=\"wp-image-34757\" width=\"354\" height=\"236\" srcset=\"https:\/\/www.uta.cl\/wp-content\/uploads\/2022\/03\/DSC_5738.jpg 1000w, https:\/\/www.uta.cl\/wp-content\/uploads\/2022\/03\/DSC_5738-300x200.jpg 300w, https:\/\/www.uta.cl\/wp-content\/uploads\/2022\/03\/DSC_5738-768x512.jpg 768w\" sizes=\"(max-width: 354px) 100vw, 354px\" \/><\/a><\/figure><\/div>\n\n\n\n<p>La colecci\u00f3n fotogr\u00e1fica, se enmarca en el proyecto \u201cRegistro, Identificaci\u00f3n y Difusi\u00f3n del Patrimonio Fotogr\u00e1fico Arique\u00f1o de los a\u00f1os Ochenta a trav\u00e9s de la Colecci\u00f3n del Periodista H\u00e9ctor M\u00e9rida C\u00e9spedes\u201d a cargo del historiador y encargado del Archivo Hist\u00f3rico Municipal de Arica, Octavio Lagos Flores, financiado por el Fondo del Patrimonio Cultural, convocatoria 2020.<\/p>\n\n\n\n<p>La muestra, digitalizada el 2021 por el Colectivo por la Memoria Hist\u00f3rica Quipu, compuesto por ex estudiantes de Historia de la UTA, que busca ser un aporte a la regi\u00f3n contribuyendo a documentar procesos pol\u00edticos y sociales usualmente poco representados en la historiograf\u00eda regional.<\/p>\n\n\n\n<p>La donaci\u00f3n fue recibida por la Directora del Departamento de Ciencias Hist\u00f3ricas y Geogr\u00e1fica, M\u00f3nica Meza Aliaga, colecci\u00f3n que contempla 14.265 cuadros, distribuidos en 3.066 tiras de negativos, las que fueron dispuestas en 628 sobres, depositados en 3 cajas.<\/p>\n\n\n\n<div class=\"wp-block-image\"><figure class=\"alignright size-large is-resized\"><a href=\"https:\/\/www.uta.cl\/wp-content\/uploads\/2022\/03\/DSC_5753.jpg\"><img loading=\"lazy\" src=\"https:\/\/www.uta.cl\/wp-content\/uploads\/2022\/03\/DSC_5753.jpg\" alt=\"\" class=\"wp-image-34758\" width=\"345\" height=\"230\" srcset=\"https:\/\/www.uta.cl\/wp-content\/uploads\/2022\/03\/DSC_5753.jpg 1000w, https:\/\/www.uta.cl\/wp-content\/uploads\/2022\/03\/DSC_5753-300x200.jpg 300w, https:\/\/www.uta.cl\/wp-content\/uploads\/2022\/03\/DSC_5753-768x512.jpg 768w\" sizes=\"(max-width: 345px) 100vw, 345px\" \/><\/a><\/figure><\/div>\n\n\n\n<p>Al respecto, Octavio Lagos, responsable de esta importante colecci\u00f3n, destac\u00f3 que \u201cel objetivo era poder rescatar la colecci\u00f3n fotogr\u00e1fica del periodista H\u00e9ctor M\u00e9rida, que tiene un valor muy importante, porque es visi\u00f3n desde la calle del movimiento de Derechos Humanos de la \u00e9poca. Lo que se hizo primero fue inventariar el material y digitalizarlo. La Universidad se encarg\u00f3 de digitalizar 15 mil fotograf\u00edas con la finalidad de cumplir con el objetivo de entregarla a la UTA para su puesta en valor en el Archivo Hist\u00f3rico Vicente Dagnino, de esta Casa de Estudios\u201d.<\/p>\n\n\n\n<p>\u201cDesde el archivo municipal contactamos al Archivo Hist\u00f3rico Vicente Dagnino de la Universidad de Tarapac\u00e1, cuya relaci\u00f3n siempre ha sido muy estrecha donde en el patrimonio el circulo comunitario es muy importante\u201d, resalt\u00f3 Octavio Lagos.<\/p>\n\n\n\n<div class=\"wp-block-image\"><figure class=\"alignleft size-large is-resized\"><a href=\"https:\/\/www.uta.cl\/wp-content\/uploads\/2022\/03\/DSC_5727.jpg\"><img loading=\"lazy\" src=\"https:\/\/www.uta.cl\/wp-content\/uploads\/2022\/03\/DSC_5727.jpg\" alt=\"\" class=\"wp-image-34756\" width=\"352\" height=\"235\" srcset=\"https:\/\/www.uta.cl\/wp-content\/uploads\/2022\/03\/DSC_5727.jpg 1000w, https:\/\/www.uta.cl\/wp-content\/uploads\/2022\/03\/DSC_5727-300x200.jpg 300w, https:\/\/www.uta.cl\/wp-content\/uploads\/2022\/03\/DSC_5727-768x512.jpg 768w\" sizes=\"(max-width: 352px) 100vw, 352px\" \/><\/a><\/figure><\/div>\n\n\n\n<p>Por su parte, la Directora del Departamento de Ciencias Hist\u00f3ricas y Geogr\u00e1fica de la Universidad de Tarapac\u00e1, M\u00f3nica Meza, recibi\u00f3 y agradeci\u00f3 la entrega de este material fotogr\u00e1fico, expresando que \u201cagradecemos la confianza de donar este importante colecci\u00f3n fotogr\u00e1fica y relevar el hecho de que la UTA, cumpliendo con su rol formativo que tiene en sus anexos entre otros, el Archivo Hist\u00f3rico Vicente Dagnino, que sirve de espacio de formaci\u00f3n, como es la participaci\u00f3n en este trabajo, de nuestros ex estudiantes, quienes trabajaron y se formaron en estos espacios\u201d.<\/p>\n\n\n\n<div class=\"wp-block-image\"><figure class=\"alignright size-large is-resized\"><a href=\"https:\/\/www.uta.cl\/wp-content\/uploads\/2022\/03\/CL-AHMA-F04-V0691-Foto-076.jpg\"><img loading=\"lazy\" src=\"https:\/\/www.uta.cl\/wp-content\/uploads\/2022\/03\/CL-AHMA-F04-V0691-Foto-076.jpg\" alt=\"\" class=\"wp-image-34753\" width=\"351\" height=\"216\" srcset=\"https:\/\/www.uta.cl\/wp-content\/uploads\/2022\/03\/CL-AHMA-F04-V0691-Foto-076.jpg 1000w, https:\/\/www.uta.cl\/wp-content\/uploads\/2022\/03\/CL-AHMA-F04-V0691-Foto-076-300x186.jpg 300w, https:\/\/www.uta.cl\/wp-content\/uploads\/2022\/03\/CL-AHMA-F04-V0691-Foto-076-768x475.jpg 768w\" sizes=\"(max-width: 351px) 100vw, 351px\" \/><\/a><\/figure><\/div>\n\n\n\n<p>Agreg\u00f3 que \u201ces importante que el Archivo Hist\u00f3rico Vicente Dagnino se abre para vincularse con el medio y en esta oportunidad, recibir en comodato esta colecci\u00f3n que es una muestra de confianza absoluta. Quiero destacar que contamos con excelentes profesionales como Daniel Castillo Ram\u00edrez, que est\u00e1n a cargo y que tienen una larga trayectoria, que contamos con los equipamientos necesarios para resguardar el material hist\u00f3rico que se recibe y, tambi\u00e9n de poder servir a la regi\u00f3n de custodia del patrimonio, para su puesta en valor, lo cual para nosotros es una tarea muy relevante\u201d, indic\u00f3 la Directora del Departamento de Ciencias Hist\u00f3ricas y Geogr\u00e1fica de la UTA.<\/p>\n\n\n\n<div class=\"wp-block-image\"><figure class=\"alignleft size-large is-resized\"><a href=\"https:\/\/www.uta.cl\/wp-content\/uploads\/2022\/03\/CL-AHMA-F04-V0141-Foto-045.jpg\"><img loading=\"lazy\" src=\"https:\/\/www.uta.cl\/wp-content\/uploads\/2022\/03\/CL-AHMA-F04-V0141-Foto-045.jpg\" alt=\"\" class=\"wp-image-34761\" width=\"352\" height=\"221\" srcset=\"https:\/\/www.uta.cl\/wp-content\/uploads\/2022\/03\/CL-AHMA-F04-V0141-Foto-045.jpg 1000w, https:\/\/www.uta.cl\/wp-content\/uploads\/2022\/03\/CL-AHMA-F04-V0141-Foto-045-300x189.jpg 300w, https:\/\/www.uta.cl\/wp-content\/uploads\/2022\/03\/CL-AHMA-F04-V0141-Foto-045-768x483.jpg 768w\" sizes=\"(max-width: 352px) 100vw, 352px\" \/><\/a><\/figure><\/div>\n\n\n\n<p>La colecci\u00f3n fotogr\u00e1fica quedar\u00e1 bajo el resguardo del Archivo Vicente Dagnino y pr\u00f3ximamente, tendr\u00e1n acceso p\u00fablico a todos quienes quieran conocer la vida pol\u00edtica de Arica durante la d\u00e9cada de 1980<\/p>\n","protected":false},"excerpt":{"rendered":"<p>15 mil negativos fotogr\u00e1ficos contempla el materia, producto del trabajo del periodista H\u00e9ctor M\u00e9rida C\u00e9spedes y que retrata la vida social y pol\u00edtica vivida en Arica durante los a\u00f1os 1983 y 1990.<\/p>\n","protected":false},"author":1,"featured_media":34759,"comment_status":"open","ping_status":"open","sticky":false,"template":"","format":"standard","meta":[],"categories":[51],"tags":[],"_links":{"self":[{"href":"https:\/\/www.uta.cl\/index.php\/wp-json\/wp\/v2\/posts\/34751"}],"collection":[{"href":"https:\/\/www.uta.cl\/index.php\/wp-json\/wp\/v2\/posts"}],"about":[{"href":"https:\/\/www.uta.cl\/index.php\/wp-json\/wp\/v2\/types\/post"}],"author":[{"embeddable":true,"href":"https:\/\/www.uta.cl\/index.php\/wp-json\/wp\/v2\/users\/1"}],"replies":[{"embeddable":true,"href":"https:\/\/www.uta.cl\/index.php\/wp-json\/wp\/v2\/comments?post=34751"}],"version-history":[{"count":1,"href":"https:\/\/www.uta.cl\/index.php\/wp-json\/wp\/v2\/posts\/34751\/revisions"}],"predecessor-version":[{"id":34762,"href":"https:\/\/www.uta.cl\/index.php\/wp-json\/wp\/v2\/posts\/34751\/revisions\/34762"}],"wp:featuredmedia":[{"embeddable":true,"href":"https:\/\/www.uta.cl\/index.php\/wp-json\/wp\/v2\/media\/34759"}],"wp:attachment":[{"href":"https:\/\/www.uta.cl\/index.php\/wp-json\/wp\/v2\/media?parent=34751"}],"wp:term":[{"taxonomy":"category","embeddable":true,"href":"https:\/\/www.uta.cl\/index.php\/wp-json\/wp\/v2\/categories?post=34751"},{"taxonomy":"post_tag","embeddable":true,"href":"https:\/\/www.uta.cl\/index.php\/wp-json\/wp\/v2\/tags?post=34751"}],"curies":[{"name":"wp","href":"https:\/\/api.w.org\/{rel}","templated":true}]}}