{"id":34732,"date":"2022-03-15T13:38:46","date_gmt":"2022-03-15T13:38:46","guid":{"rendered":"https:\/\/www.uta.cl\/?p=34732"},"modified":"2022-03-15T13:38:46","modified_gmt":"2022-03-15T13:38:46","slug":"exitosa-semana-de-bienvenida-a-nuevos-estudiantes-en-la-sede-iquique","status":"publish","type":"post","link":"https:\/\/www.uta.cl\/index.php\/2022\/03\/15\/exitosa-semana-de-bienvenida-a-nuevos-estudiantes-en-la-sede-iquique\/","title":{"rendered":"Exitosa semana de bienvenida a nuevos estudiantes en la Sede Iquique"},"content":{"rendered":"\n<div class=\"wp-block-image\"><figure class=\"aligncenter size-large\"><a href=\"https:\/\/www.uta.cl\/wp-content\/uploads\/2022\/03\/20220308_094219.jpg\"><img loading=\"lazy\" width=\"1000\" height=\"450\" src=\"https:\/\/www.uta.cl\/wp-content\/uploads\/2022\/03\/20220308_094219.jpg\" alt=\"\" class=\"wp-image-34735\" srcset=\"https:\/\/www.uta.cl\/wp-content\/uploads\/2022\/03\/20220308_094219.jpg 1000w, https:\/\/www.uta.cl\/wp-content\/uploads\/2022\/03\/20220308_094219-300x135.jpg 300w, https:\/\/www.uta.cl\/wp-content\/uploads\/2022\/03\/20220308_094219-768x346.jpg 768w\" sizes=\"(max-width: 1000px) 100vw, 1000px\" \/><\/a><\/figure><\/div>\n\n\n\n<p>Una semana para inducir a la vida universitaria y a la presencialidad a los nuevos estudiantes de la Universidad de Tarapac\u00e1 (UTA) Sede Iquique, se llev\u00f3 a cabo a trav\u00e9s del programa que organizado por la Direcci\u00f3n Acad\u00e9mica de Sede, para dar la \u201cBienvenida a la Generaci\u00f3n 2022\u201d.<\/p>\n\n\n\n<p>Entre las actividades que realizaron ya como integrantes de la comunidad UTA Iquique, incluy\u00f3 un recorrido por los espacios acad\u00e9micos implementados recientemente en el Campus Esmeralda de la UTA en Tarapac\u00e1. Junto con ello, se incrementaron las \u00e1reas para el trabajo colaborativo de los estudiantes, nuevas y amplias salas de estudios, estancias al aire libre y la puesta en marcha de la oficina para la organizaci\u00f3n estudiantil, adem\u00e1s de conocer a las funcionarias de Biblioteca, Asuntos Estudiantiles y Registradur\u00eda, presentaci\u00f3n que fue acompa\u00f1ada por profesionales de gesti\u00f3n de la UTA Iquique, que guiaron estos recorridos por las dependencias.<\/p>\n\n\n\n<p>En este contexto, la Directora General de Sede Iquique, Dra. Yasna Godoy Henr\u00edquez, salud\u00f3 en nombre del Rector, Dr. Emilio Rodr\u00edguez Ponce, enfatizando el di\u00e1logo como una manera de relacionarse con la Universidad, mediante una gesti\u00f3n de \u201cpuertas abiertas\u201d, adem\u00e1s de exponer a los estudiantes que asistieron en jornadas diferenciadas, custodiando las normativas vigentes por el Covid 19.<\/p>\n\n\n\n<p>El programa de \u201cBienvenida a la Generaci\u00f3n 2022\u201d, incluye reuniones con los acad\u00e9micos, jefes de carrera, entrega de informaci\u00f3n sobre las \u00e1reas para el apoyo estudiantil, instancias para compartir con sus pares por \u00e1reas y carreras e incorporar un tour inclusivo con los estudiantes de movilidad reducida o discapacidad visual, con la finalidad de conocer las herramientas de aprendizaje inclusivo que la Universidad de Tarapac\u00e1 incorpora en su proceso de ense\u00f1anza-aprendizaje.<\/p>\n\n\n\n<figure class=\"wp-block-gallery columns-2 is-cropped\"><ul class=\"blocks-gallery-grid\"><li class=\"blocks-gallery-item\"><figure><a href=\"https:\/\/www.uta.cl\/wp-content\/uploads\/2022\/03\/20220309_093953.jpg\"><img loading=\"lazy\" width=\"1000\" height=\"450\" src=\"https:\/\/www.uta.cl\/wp-content\/uploads\/2022\/03\/20220309_093953.jpg\" alt=\"\" data-id=\"34738\" data-full-url=\"https:\/\/www.uta.cl\/wp-content\/uploads\/2022\/03\/20220309_093953.jpg\" data-link=\"https:\/\/www.uta.cl\/?attachment_id=34738\" class=\"wp-image-34738\" srcset=\"https:\/\/www.uta.cl\/wp-content\/uploads\/2022\/03\/20220309_093953.jpg 1000w, https:\/\/www.uta.cl\/wp-content\/uploads\/2022\/03\/20220309_093953-300x135.jpg 300w, https:\/\/www.uta.cl\/wp-content\/uploads\/2022\/03\/20220309_093953-768x346.jpg 768w\" sizes=\"(max-width: 1000px) 100vw, 1000px\" \/><\/a><\/figure><\/li><li class=\"blocks-gallery-item\"><figure><a href=\"https:\/\/www.uta.cl\/wp-content\/uploads\/2022\/03\/20220309_093941.jpg\"><img loading=\"lazy\" width=\"1000\" height=\"450\" src=\"https:\/\/www.uta.cl\/wp-content\/uploads\/2022\/03\/20220309_093941.jpg\" alt=\"\" data-id=\"34737\" data-full-url=\"https:\/\/www.uta.cl\/wp-content\/uploads\/2022\/03\/20220309_093941.jpg\" data-link=\"https:\/\/www.uta.cl\/?attachment_id=34737\" class=\"wp-image-34737\" srcset=\"https:\/\/www.uta.cl\/wp-content\/uploads\/2022\/03\/20220309_093941.jpg 1000w, https:\/\/www.uta.cl\/wp-content\/uploads\/2022\/03\/20220309_093941-300x135.jpg 300w, https:\/\/www.uta.cl\/wp-content\/uploads\/2022\/03\/20220309_093941-768x346.jpg 768w\" sizes=\"(max-width: 1000px) 100vw, 1000px\" \/><\/a><\/figure><\/li><li class=\"blocks-gallery-item\"><figure><a href=\"https:\/\/www.uta.cl\/wp-content\/uploads\/2022\/03\/20220309_093250.jpg\"><img loading=\"lazy\" width=\"1000\" height=\"450\" src=\"https:\/\/www.uta.cl\/wp-content\/uploads\/2022\/03\/20220309_093250.jpg\" alt=\"\" data-id=\"34736\" data-full-url=\"https:\/\/www.uta.cl\/wp-content\/uploads\/2022\/03\/20220309_093250.jpg\" data-link=\"https:\/\/www.uta.cl\/?attachment_id=34736\" class=\"wp-image-34736\" srcset=\"https:\/\/www.uta.cl\/wp-content\/uploads\/2022\/03\/20220309_093250.jpg 1000w, https:\/\/www.uta.cl\/wp-content\/uploads\/2022\/03\/20220309_093250-300x135.jpg 300w, https:\/\/www.uta.cl\/wp-content\/uploads\/2022\/03\/20220309_093250-768x346.jpg 768w\" sizes=\"(max-width: 1000px) 100vw, 1000px\" \/><\/a><\/figure><\/li><li class=\"blocks-gallery-item\"><figure><a href=\"https:\/\/www.uta.cl\/wp-content\/uploads\/2022\/03\/20220307_183726.jpg\"><img loading=\"lazy\" width=\"1000\" height=\"450\" src=\"https:\/\/www.uta.cl\/wp-content\/uploads\/2022\/03\/20220307_183726.jpg\" alt=\"\" data-id=\"34734\" data-full-url=\"https:\/\/www.uta.cl\/wp-content\/uploads\/2022\/03\/20220307_183726.jpg\" data-link=\"https:\/\/www.uta.cl\/?attachment_id=34734\" class=\"wp-image-34734\" srcset=\"https:\/\/www.uta.cl\/wp-content\/uploads\/2022\/03\/20220307_183726.jpg 1000w, https:\/\/www.uta.cl\/wp-content\/uploads\/2022\/03\/20220307_183726-300x135.jpg 300w, https:\/\/www.uta.cl\/wp-content\/uploads\/2022\/03\/20220307_183726-768x346.jpg 768w\" sizes=\"(max-width: 1000px) 100vw, 1000px\" \/><\/a><\/figure><\/li><li class=\"blocks-gallery-item\"><figure><a href=\"https:\/\/www.uta.cl\/wp-content\/uploads\/2022\/03\/20220310_094039.jpg\"><img loading=\"lazy\" width=\"1000\" height=\"450\" src=\"https:\/\/www.uta.cl\/wp-content\/uploads\/2022\/03\/20220310_094039.jpg\" alt=\"\" data-id=\"34733\" data-full-url=\"https:\/\/www.uta.cl\/wp-content\/uploads\/2022\/03\/20220310_094039.jpg\" data-link=\"https:\/\/www.uta.cl\/?attachment_id=34733\" class=\"wp-image-34733\" srcset=\"https:\/\/www.uta.cl\/wp-content\/uploads\/2022\/03\/20220310_094039.jpg 1000w, https:\/\/www.uta.cl\/wp-content\/uploads\/2022\/03\/20220310_094039-300x135.jpg 300w, https:\/\/www.uta.cl\/wp-content\/uploads\/2022\/03\/20220310_094039-768x346.jpg 768w\" sizes=\"(max-width: 1000px) 100vw, 1000px\" \/><\/a><\/figure><\/li><\/ul><\/figure>\n","protected":false},"excerpt":{"rendered":"<p>Cuerpo directivo y acad\u00e9micos de las diferentes unidades acad\u00e9micas de la UTA presentes en Tarapac\u00e1, recibieron a la generaci\u00f3n de estudiantes 2022.<\/p>\n","protected":false},"author":1,"featured_media":34735,"comment_status":"open","ping_status":"open","sticky":false,"template":"","format":"standard","meta":[],"categories":[42,51],"tags":[],"_links":{"self":[{"href":"https:\/\/www.uta.cl\/index.php\/wp-json\/wp\/v2\/posts\/34732"}],"collection":[{"href":"https:\/\/www.uta.cl\/index.php\/wp-json\/wp\/v2\/posts"}],"about":[{"href":"https:\/\/www.uta.cl\/index.php\/wp-json\/wp\/v2\/types\/post"}],"author":[{"embeddable":true,"href":"https:\/\/www.uta.cl\/index.php\/wp-json\/wp\/v2\/users\/1"}],"replies":[{"embeddable":true,"href":"https:\/\/www.uta.cl\/index.php\/wp-json\/wp\/v2\/comments?post=34732"}],"version-history":[{"count":1,"href":"https:\/\/www.uta.cl\/index.php\/wp-json\/wp\/v2\/posts\/34732\/revisions"}],"predecessor-version":[{"id":34739,"href":"https:\/\/www.uta.cl\/index.php\/wp-json\/wp\/v2\/posts\/34732\/revisions\/34739"}],"wp:featuredmedia":[{"embeddable":true,"href":"https:\/\/www.uta.cl\/index.php\/wp-json\/wp\/v2\/media\/34735"}],"wp:attachment":[{"href":"https:\/\/www.uta.cl\/index.php\/wp-json\/wp\/v2\/media?parent=34732"}],"wp:term":[{"taxonomy":"category","embeddable":true,"href":"https:\/\/www.uta.cl\/index.php\/wp-json\/wp\/v2\/categories?post=34732"},{"taxonomy":"post_tag","embeddable":true,"href":"https:\/\/www.uta.cl\/index.php\/wp-json\/wp\/v2\/tags?post=34732"}],"curies":[{"name":"wp","href":"https:\/\/api.w.org\/{rel}","templated":true}]}}