{"id":34143,"date":"2022-01-14T11:42:22","date_gmt":"2022-01-14T11:42:22","guid":{"rendered":"https:\/\/www.uta.cl\/?p=34143"},"modified":"2022-01-14T11:42:22","modified_gmt":"2022-01-14T11:42:22","slug":"comision-triestamental-trabaja-en-la-redaccion-de-la-politica-y-los-modelos-para-la-erradicacion-del-acoso-sexual-la-violencia-y-la-discriminacion-de-genero-en-la-uta","status":"publish","type":"post","link":"https:\/\/www.uta.cl\/index.php\/2022\/01\/14\/comision-triestamental-trabaja-en-la-redaccion-de-la-politica-y-los-modelos-para-la-erradicacion-del-acoso-sexual-la-violencia-y-la-discriminacion-de-genero-en-la-uta\/","title":{"rendered":"Comisi\u00f3n triestamental trabaja en la redacci\u00f3n de la pol\u00edtica y los modelos para la erradicaci\u00f3n del acoso sexual, la violencia y la discriminaci\u00f3n de g\u00e9nero en la UTA"},"content":{"rendered":"\n<p>A partir del trabajo triestamental realizado en el mes de noviembre de 2021, como parte del proceso de implementaci\u00f3n de la Ley 21,369 que regula el acoso sexual, la discriminaci\u00f3n, y la violencia de g\u00e9nero en la educaci\u00f3n superior, y que tuvo como objetivo analizar el contenido de la ley y proponer acciones para la construcci\u00f3n de la pol\u00edtica y de los modelos de prevenci\u00f3n e investigaci\u00f3n y sanci\u00f3n de estas pr\u00e1cticas, se constituy\u00f3 una comisi\u00f3n de redacci\u00f3n para la elaboraci\u00f3n de la pol\u00edtica. Esta comisi\u00f3n se encuentra presidida por la Vicerrectora de Desarrollo Estrat\u00e8gico, Dra. Jenniffer Peralta Montecinos y coordinada por la Direcci\u00f3n de Equidad de G\u00e9nero.<\/p>\n\n\n\n<div class=\"wp-block-image\"><figure class=\"aligncenter size-large\"><a href=\"https:\/\/www.uta.cl\/wp-content\/uploads\/2022\/01\/Imagen1-2.jpg\"><img loading=\"lazy\" width=\"589\" height=\"348\" src=\"https:\/\/www.uta.cl\/wp-content\/uploads\/2022\/01\/Imagen1-2.jpg\" alt=\"\" class=\"wp-image-34145\" srcset=\"https:\/\/www.uta.cl\/wp-content\/uploads\/2022\/01\/Imagen1-2.jpg 589w, https:\/\/www.uta.cl\/wp-content\/uploads\/2022\/01\/Imagen1-2-300x177.jpg 300w\" sizes=\"(max-width: 589px) 100vw, 589px\" \/><\/a><\/figure><\/div>\n\n\n\n<p>La comisi\u00f3n de redacci\u00f3n trabaja paralelamente en dos ejes: prevenci\u00f3n e investigaci\u00f3n y sanci\u00f3n, sesionando semanalmente para dar cumplimiento al compromiso institucional con la implementaci\u00f3n de la ley 21.369. Se encuentra conformada por representantes de todos los estamentos de la universidad:<\/p>\n\n\n\n<p>a. Representantes Directivos: Vicerrectora de Desarrollo Estrat\u00e9gico, Dra. Jenniffer Peralta Montecinos, Directora de Equidad de G\u00e9nero, Dra. Vanessa Jara Labarth\u00e9, Directora General de Sede Iquique: Dra. Yasna Godoy Henr\u00edquez, Directora de Gesti\u00f3n de personas: Ximena Robertson Canedo.<\/p>\n\n\n\n<p>b. Representantes estamento acad\u00e9mico: Dra. Nancy Andrea \u00c1lvarez D\u00edaz (Iquique) y Dr. Omar Espinoza Navarro (Arica).<\/p>\n\n\n\n<p>c. Representantes del estamento de Gesti\u00f3n: Andrea Bravo Lee (Arica), Rosa Mar\u00eda Alfaro Torres (Iquique) y Soledad N\u00fa\u00f1ez Ortiz (Iquique).<\/p>\n\n\n\n<p>d. Representantes estamento estudiantil: Alejandra Peirano Escobar (Iquique), Mar\u00eda de los \u00c1ngeles Ruiz (Iquique) y Nataly Cruz Plaza (Arica).<\/p>\n\n\n\n<p>e. Representantes asociaciones: Hilda Silva Pereira (AFUT) y Jos\u00e9 Orellana Varas (Iquique).<\/p>\n\n\n\n<p>La pol\u00edtica para la erradicaci\u00f3n del acoso sexual, la violencia y la discriminaci\u00f3n de g\u00e9nero en la Universidad de Tarapac\u00e1 y los modelos de prevenci\u00f3n e investigaci\u00f3n y sanci\u00f3n ser\u00e1n presentados a la comunidad universitaria en el mes de marzo de 2022.<\/p>\n","protected":false},"excerpt":{"rendered":"<p>Trabajo que se realia en el marco de la Ley 21.369.<\/p>\n","protected":false},"author":1,"featured_media":34145,"comment_status":"open","ping_status":"open","sticky":false,"template":"","format":"standard","meta":[],"categories":[45,51],"tags":[],"_links":{"self":[{"href":"https:\/\/www.uta.cl\/index.php\/wp-json\/wp\/v2\/posts\/34143"}],"collection":[{"href":"https:\/\/www.uta.cl\/index.php\/wp-json\/wp\/v2\/posts"}],"about":[{"href":"https:\/\/www.uta.cl\/index.php\/wp-json\/wp\/v2\/types\/post"}],"author":[{"embeddable":true,"href":"https:\/\/www.uta.cl\/index.php\/wp-json\/wp\/v2\/users\/1"}],"replies":[{"embeddable":true,"href":"https:\/\/www.uta.cl\/index.php\/wp-json\/wp\/v2\/comments?post=34143"}],"version-history":[{"count":1,"href":"https:\/\/www.uta.cl\/index.php\/wp-json\/wp\/v2\/posts\/34143\/revisions"}],"predecessor-version":[{"id":34146,"href":"https:\/\/www.uta.cl\/index.php\/wp-json\/wp\/v2\/posts\/34143\/revisions\/34146"}],"wp:featuredmedia":[{"embeddable":true,"href":"https:\/\/www.uta.cl\/index.php\/wp-json\/wp\/v2\/media\/34145"}],"wp:attachment":[{"href":"https:\/\/www.uta.cl\/index.php\/wp-json\/wp\/v2\/media?parent=34143"}],"wp:term":[{"taxonomy":"category","embeddable":true,"href":"https:\/\/www.uta.cl\/index.php\/wp-json\/wp\/v2\/categories?post=34143"},{"taxonomy":"post_tag","embeddable":true,"href":"https:\/\/www.uta.cl\/index.php\/wp-json\/wp\/v2\/tags?post=34143"}],"curies":[{"name":"wp","href":"https:\/\/api.w.org\/{rel}","templated":true}]}}