{"id":33926,"date":"2021-12-27T14:02:50","date_gmt":"2021-12-27T14:02:50","guid":{"rendered":"https:\/\/www.uta.cl\/?p=33926"},"modified":"2021-12-27T14:02:50","modified_gmt":"2021-12-27T14:02:50","slug":"uta-sede-iquique-firma-convenio-marco-de-cooperacion-con-la-defensoria-penal-publica","status":"publish","type":"post","link":"https:\/\/www.uta.cl\/index.php\/2021\/12\/27\/uta-sede-iquique-firma-convenio-marco-de-cooperacion-con-la-defensoria-penal-publica\/","title":{"rendered":"UTA Sede Iquique firma Convenio Marco de Cooperaci\u00f3n con la Defensor\u00eda Penal P\u00fablica"},"content":{"rendered":"\n<div class=\"wp-block-image\"><figure class=\"aligncenter size-large\"><a href=\"https:\/\/www.uta.cl\/wp-content\/uploads\/2021\/12\/Polish_20211202_125231754.jpg\"><img loading=\"lazy\" width=\"1000\" height=\"450\" src=\"https:\/\/www.uta.cl\/wp-content\/uploads\/2021\/12\/Polish_20211202_125231754.jpg\" alt=\"\" class=\"wp-image-33927\" srcset=\"https:\/\/www.uta.cl\/wp-content\/uploads\/2021\/12\/Polish_20211202_125231754.jpg 1000w, https:\/\/www.uta.cl\/wp-content\/uploads\/2021\/12\/Polish_20211202_125231754-300x135.jpg 300w, https:\/\/www.uta.cl\/wp-content\/uploads\/2021\/12\/Polish_20211202_125231754-768x346.jpg 768w\" sizes=\"(max-width: 1000px) 100vw, 1000px\" \/><\/a><\/figure><\/div>\n\n\n\n<p>Para el fortalecimiento de la coordinaci\u00f3n entre ambas instituciones y coincidir en objetivos que beneficien a los habitantes de Tarapac\u00e1, se materializ\u00f3 la firma del convenio entre la Universidad de Tarapac\u00e1 y la Defensor\u00eda Penal P\u00fablica, con una vigencia inicial de cinco a\u00f1os prorrogable por inter\u00e9s de las partes en el mismo tiempo.<\/p>\n\n\n\n<p>Entre los puntos destacados de los quince acuerdos pactados, se constituir\u00e1 una comisi\u00f3n mixta formada por representantes de ambas instituciones, la cual se encargar\u00e1 del estudio y propuesta de los proyectos y actividades a desarrollar.<\/p>\n\n\n\n<p>Durante el encuentro realizado en la Defensor\u00eda Regional de Tarapac\u00e1, Gabriel Carri\u00f3n Calder\u00f3n, Defensor Penal P\u00fablico de Tarapac\u00e1, proyect\u00f3 un trabajo colaborativo y constante con la UTA: \u201cPara la Defensor\u00eda este es un paso importante en nuestra voluntad de consolidar nuestra inserci\u00f3n en la comunidad regional y, particularmente, con las instituciones de educaci\u00f3n superior que desarrollan docencia en materia jur\u00eddica y social. El acuerdo tambi\u00e9n nos permitir\u00e1 acceder a conocimientos, investigaciones y actividades de difusi\u00f3n que fortalecer\u00e1n las acciones y gestiones de defensa que ejecutamos en beneficio de las personas imputadas a quienes atendemos\u201d, explic\u00f3 el Defensor Regional.<\/p>\n\n\n\n<p>En tanto, la Directora General de Sede Iquique, Dra. Yasna Godoy Henr\u00edquez, sostuvo que \u201ces muy importante que dos instituciones p\u00fablicas relevantes, inicien el camino de acciones conjuntas, vincul\u00e1ndose en beneficio de la regi\u00f3n. Nosotros buscamos que nuestros conocimientos salgan de las aulas a la comunidad y en eso la Defensor\u00eda es una gran aliada\u201d.<\/p>\n\n\n\n<figure class=\"wp-block-gallery columns-2 is-cropped\"><ul class=\"blocks-gallery-grid\"><li class=\"blocks-gallery-item\"><figure><a href=\"https:\/\/www.uta.cl\/wp-content\/uploads\/2021\/12\/foto-portada-6.jpg\"><img loading=\"lazy\" width=\"1000\" height=\"639\" src=\"https:\/\/www.uta.cl\/wp-content\/uploads\/2021\/12\/foto-portada-6.jpg\" alt=\"\" data-id=\"33929\" data-full-url=\"https:\/\/www.uta.cl\/wp-content\/uploads\/2021\/12\/foto-portada-6.jpg\" data-link=\"https:\/\/www.uta.cl\/?attachment_id=33929\" class=\"wp-image-33929\" srcset=\"https:\/\/www.uta.cl\/wp-content\/uploads\/2021\/12\/foto-portada-6.jpg 1000w, https:\/\/www.uta.cl\/wp-content\/uploads\/2021\/12\/foto-portada-6-300x192.jpg 300w, https:\/\/www.uta.cl\/wp-content\/uploads\/2021\/12\/foto-portada-6-768x491.jpg 768w\" sizes=\"(max-width: 1000px) 100vw, 1000px\" \/><\/a><\/figure><\/li><li class=\"blocks-gallery-item\"><figure><a href=\"https:\/\/www.uta.cl\/wp-content\/uploads\/2021\/12\/20211202_124841.jpg\"><img loading=\"lazy\" width=\"1000\" height=\"450\" src=\"https:\/\/www.uta.cl\/wp-content\/uploads\/2021\/12\/20211202_124841.jpg\" alt=\"\" data-id=\"33928\" data-full-url=\"https:\/\/www.uta.cl\/wp-content\/uploads\/2021\/12\/20211202_124841.jpg\" data-link=\"https:\/\/www.uta.cl\/?attachment_id=33928\" class=\"wp-image-33928\" srcset=\"https:\/\/www.uta.cl\/wp-content\/uploads\/2021\/12\/20211202_124841.jpg 1000w, https:\/\/www.uta.cl\/wp-content\/uploads\/2021\/12\/20211202_124841-300x135.jpg 300w, https:\/\/www.uta.cl\/wp-content\/uploads\/2021\/12\/20211202_124841-768x346.jpg 768w\" sizes=\"(max-width: 1000px) 100vw, 1000px\" \/><\/a><\/figure><\/li><\/ul><\/figure>\n","protected":false},"excerpt":{"rendered":"<p>Ambas autoridades regionales de Tarapac\u00e1 coincidieron en trabajar por el bienestar de los tarapaque\u00f1os y tarapaque\u00f1as.<\/p>\n","protected":false},"author":1,"featured_media":33927,"comment_status":"open","ping_status":"open","sticky":false,"template":"","format":"standard","meta":[],"categories":[42,51],"tags":[],"_links":{"self":[{"href":"https:\/\/www.uta.cl\/index.php\/wp-json\/wp\/v2\/posts\/33926"}],"collection":[{"href":"https:\/\/www.uta.cl\/index.php\/wp-json\/wp\/v2\/posts"}],"about":[{"href":"https:\/\/www.uta.cl\/index.php\/wp-json\/wp\/v2\/types\/post"}],"author":[{"embeddable":true,"href":"https:\/\/www.uta.cl\/index.php\/wp-json\/wp\/v2\/users\/1"}],"replies":[{"embeddable":true,"href":"https:\/\/www.uta.cl\/index.php\/wp-json\/wp\/v2\/comments?post=33926"}],"version-history":[{"count":1,"href":"https:\/\/www.uta.cl\/index.php\/wp-json\/wp\/v2\/posts\/33926\/revisions"}],"predecessor-version":[{"id":33930,"href":"https:\/\/www.uta.cl\/index.php\/wp-json\/wp\/v2\/posts\/33926\/revisions\/33930"}],"wp:featuredmedia":[{"embeddable":true,"href":"https:\/\/www.uta.cl\/index.php\/wp-json\/wp\/v2\/media\/33927"}],"wp:attachment":[{"href":"https:\/\/www.uta.cl\/index.php\/wp-json\/wp\/v2\/media?parent=33926"}],"wp:term":[{"taxonomy":"category","embeddable":true,"href":"https:\/\/www.uta.cl\/index.php\/wp-json\/wp\/v2\/categories?post=33926"},{"taxonomy":"post_tag","embeddable":true,"href":"https:\/\/www.uta.cl\/index.php\/wp-json\/wp\/v2\/tags?post=33926"}],"curies":[{"name":"wp","href":"https:\/\/api.w.org\/{rel}","templated":true}]}}