{"id":33916,"date":"2021-12-27T13:22:29","date_gmt":"2021-12-27T13:22:29","guid":{"rendered":"https:\/\/www.uta.cl\/?p=33916"},"modified":"2022-05-24T21:36:42","modified_gmt":"2022-05-24T21:36:42","slug":"proyecto-nodo-macrozona-norte-presento-estado-de-avance-en-convencion-constituyente","status":"publish","type":"post","link":"https:\/\/www.uta.cl\/index.php\/2021\/12\/27\/proyecto-nodo-macrozona-norte-presento-estado-de-avance-en-convencion-constituyente\/","title":{"rendered":"Proyecto Nodo Macrozona Norte present\u00f3 estado de avance en Convenci\u00f3n Constituyente"},"content":{"rendered":"\n<p>Los alcances de este instrumento, impulsado por la Agencia Nacional de Investigaci\u00f3n y Desarrollo (ANID) y ejecutado por la Fundaci\u00f3n Parque Cient\u00edfico Tecnol\u00f3gico (FPCT) de la Universidad Cat\u00f3lica del Norte (UCN) junto con las universidades de Tarapac\u00e1, Arturo Prat, Antofagasta y Atacama, fueron expuestos ante la Comisi\u00f3n de Sistemas de Conocimientos, Culturas, Ciencia, Tecnolog\u00eda, Artes y Patrimonios, donde se abord\u00f3 el trabajo ejecutado en torno al dise\u00f1o de hoja de ruta participativa con enfoque territorial.<\/p>\n\n\n\n<div class=\"wp-block-image\"><figure class=\"aligncenter size-large\"><a href=\"https:\/\/www.uta.cl\/wp-content\/uploads\/2021\/12\/Convencion-Constitucional-_-Live-Google-Chrome-21-12-2021-11_05_44.jpg\"><img loading=\"lazy\" width=\"1000\" height=\"562\" src=\"https:\/\/www.uta.cl\/wp-content\/uploads\/2021\/12\/Convencion-Constitucional-_-Live-Google-Chrome-21-12-2021-11_05_44.jpg\" alt=\"\" class=\"wp-image-33921\" srcset=\"https:\/\/www.uta.cl\/wp-content\/uploads\/2021\/12\/Convencion-Constitucional-_-Live-Google-Chrome-21-12-2021-11_05_44.jpg 1000w, https:\/\/www.uta.cl\/wp-content\/uploads\/2021\/12\/Convencion-Constitucional-_-Live-Google-Chrome-21-12-2021-11_05_44-300x169.jpg 300w, https:\/\/www.uta.cl\/wp-content\/uploads\/2021\/12\/Convencion-Constitucional-_-Live-Google-Chrome-21-12-2021-11_05_44-768x432.jpg 768w\" sizes=\"(max-width: 1000px) 100vw, 1000px\" \/><\/a><\/figure><\/div>\n\n\n\n<p>Para dar a conocer los avances y desaf\u00edos del Proyecto Nodo Macrozona Norte, Marlene S\u00e1nchez, directora ejecutiva de la FPCT, entidad ejecutora de esta iniciativa, particip\u00f3 en la d\u00e9cimo s\u00e9ptima sesi\u00f3n de la Comisi\u00f3n de Sistemas de Conocimientos, Culturas, Ciencia, Tecnolog\u00eda, Artes y Patrimonios de la Convenci\u00f3n Constituyente.<\/p>\n\n\n\n<p>Durante la jornada y en un breve espacio de diez minutos, la ejecutiva en representaci\u00f3n del equipo del proyecto se refiri\u00f3 al dise\u00f1o e implementaci\u00f3n de la hoja de ruta participativa que se desarroll\u00f3 desde el territorio para impulsar la Ciencia, Tecnolog\u00eda, Conocimiento e Innovaci\u00f3n (CTCI), insumo que se espera canalizar a esta instancia de la Convenci\u00f3n Constituyente para aportar con informaci\u00f3n local actualizada que aporte a los procesos de toma de decisiones asociadas a este \u00e1mbito.<\/p>\n\n\n\n<p>En la oportunidad se destac\u00f3 la participaci\u00f3n de m\u00e1s de 300 actores territoriales en las sesiones de mesas tem\u00e1ticas macrozonales de modo virtual, que, junto a otras acciones y espacios de di\u00e1logo, aportaron a la construcci\u00f3n de una carta de navegaci\u00f3n que prioriza las necesidades, brechas y desaf\u00edos de cada regi\u00f3n para avanzar en materia de desarrollo cient\u00edfico y tecnol\u00f3gico en seis \u00e1reas productivas: agricultura del desierto, miner\u00eda sustentable, recursos h\u00eddricos, astronom\u00eda y diversificaci\u00f3n productiva.<\/p>\n\n\n\n<p>\u201cPara hablar de Ciencia, Tecnolog\u00eda, Conocimiento e innovaci\u00f3n se hace necesario que en la mesa est\u00e9 la academia, las empresas de todos los tama\u00f1os, los gremios, los movimientos sociales y los ciudadanos porque es el momento de que ellos est\u00e9n en el centro de la discusi\u00f3n, que es algo que con esta metodolog\u00eda hemos podido hacer\u201d, asegur\u00f3 S\u00e1nchez.<\/p>\n\n\n\n<p>Espacios de dialogo<\/p>\n\n\n\n<p>En la exposici\u00f3n tambi\u00e9n se enfatiz\u00f3 que en el trabajo de las mesas tem\u00e1ticas se prioriz\u00f3 de manera participativa los desaf\u00edos necesarios para superar las brechas con foco en los \u00e1mbitos en los que se requiere de m\u00e1s desarrollo cient\u00edfico y mayor transferencia, junto detectar las \u00e1reas con mayor proyecci\u00f3n para impulsar un desarrollo sostenible a nivel macrozonal que mejora la calidad de quienes habitan en el territorio.<\/p>\n\n\n\n<p>\u201cNos enorgullece que esta conversaci\u00f3n se hizo con una mirada de futuro hacia 10 a\u00f1os. Las regiones est\u00e1n proyectando sus miradas al largo plazo con iniciativas que requieren de perspectiva y mucha generosidad, que son elementos claves que se requieren para trabajar en ciencia, porque para avanzar necesitamos de la participaci\u00f3n de todos y todas. Por esto, ponemos a disposici\u00f3n de esta comisi\u00f3n los resultados obtenidos a trav\u00e9s de esta metodolog\u00eda de nodo para ser parte de estos procesos de di\u00e1logos tan importantes que la Convenci\u00f3n lidera en los territorios\u201d, sostuvo la ejecutiva.<\/p>\n\n\n\n<p>En esta misma l\u00ednea, la constituyente del distrito 20 y miembro de la Comisi\u00f3n, Loreto Vidal Hern\u00e1ndez recalc\u00f3 dentro del discurso la idea de avanzar hacia el desarrollo de la ciencia con \u00e9nfasis en la \u201cgenerosidad\u201d a lo cual agreg\u00f3: \u201ccreo que eso es notable y es ah\u00ed donde tenemos que poner el foco. En lo particular y espero representar a todos los que componemos esta comisi\u00f3n, agradecemos este trabajo entre la ciencia y la comunidad que tanto nos puede aportar\u201d.<\/p>\n\n\n\n<p>Cristina Dorador, cient\u00edfica, convencional constituyente Distrito 3 y coordinadora de la Comisi\u00f3n sobre Sistemas de Conocimiento, Culturas, Ciencia, Tecnolog\u00eda, Artes y Patrimonio, indic\u00f3: agradecemos este esfuerzo y es realmente importante que uno note el desarrollo que existe en ciencia, tecnolog\u00eda e innovaci\u00f3n en las regiones. Fuera de la Regi\u00f3n Metropolitana hay mucho potencial y hay que reconocer el trabajo que est\u00e1n haciendo los nodos en las distintas macrozonas, que son iniciativas realmente notables que est\u00e1 desarrollando el Ministerio de Ciencia en conjunto con la ANID en todo el pa\u00eds\u201d.<\/p>\n\n\n\n<p>En la oportunidad, tambi\u00e9n se adelant\u00f3 que para el a\u00f1o 2022 el proyecto ya cuenta con una hoja de ruta dise\u00f1ada con los ciudadanos, los acad\u00e9micos y con actores de distintos \u00e1mbitos y experiencias, por lo cual el pr\u00f3ximo paso ser\u00e1 comenzar con la implementaci\u00f3n de este instrumento en los territorios. Esta etapa contar\u00e1 por segundo a\u00f1o consecutivo con el apoyo de las cinco casas de estudio asociadas al proyecto, entidades que dispusieron de profesionales como acad\u00e9micos e investigadores para formar un equipo que se desplegar\u00e1 a trav\u00e9s de la toda la macrozona norte.<\/p>\n\n\n\n<figure class=\"wp-block-gallery columns-3 is-cropped\"><ul class=\"blocks-gallery-grid\"><li class=\"blocks-gallery-item\"><figure><a href=\"https:\/\/www.uta.cl\/wp-content\/uploads\/2021\/12\/Convencion-Constitucional-_-Live-Google-Chrome-21-12-2021-11_08_12.jpg\"><img loading=\"lazy\" width=\"1000\" height=\"562\" src=\"https:\/\/www.uta.cl\/wp-content\/uploads\/2021\/12\/Convencion-Constitucional-_-Live-Google-Chrome-21-12-2021-11_08_12.jpg\" alt=\"\" data-id=\"33924\" data-full-url=\"https:\/\/www.uta.cl\/wp-content\/uploads\/2021\/12\/Convencion-Constitucional-_-Live-Google-Chrome-21-12-2021-11_08_12.jpg\" data-link=\"https:\/\/www.uta.cl\/?attachment_id=33924\" class=\"wp-image-33924\" srcset=\"https:\/\/www.uta.cl\/wp-content\/uploads\/2021\/12\/Convencion-Constitucional-_-Live-Google-Chrome-21-12-2021-11_08_12.jpg 1000w, https:\/\/www.uta.cl\/wp-content\/uploads\/2021\/12\/Convencion-Constitucional-_-Live-Google-Chrome-21-12-2021-11_08_12-300x169.jpg 300w, https:\/\/www.uta.cl\/wp-content\/uploads\/2021\/12\/Convencion-Constitucional-_-Live-Google-Chrome-21-12-2021-11_08_12-768x432.jpg 768w\" sizes=\"(max-width: 1000px) 100vw, 1000px\" \/><\/a><\/figure><\/li><li class=\"blocks-gallery-item\"><figure><a href=\"https:\/\/www.uta.cl\/wp-content\/uploads\/2021\/12\/Convencion-Constitucional-_-Live-Google-Chrome-21-12-2021-11_07_15.jpg\"><img loading=\"lazy\" width=\"1000\" height=\"562\" src=\"https:\/\/www.uta.cl\/wp-content\/uploads\/2021\/12\/Convencion-Constitucional-_-Live-Google-Chrome-21-12-2021-11_07_15.jpg\" alt=\"\" data-id=\"33923\" data-full-url=\"https:\/\/www.uta.cl\/wp-content\/uploads\/2021\/12\/Convencion-Constitucional-_-Live-Google-Chrome-21-12-2021-11_07_15.jpg\" data-link=\"https:\/\/www.uta.cl\/?attachment_id=33923\" class=\"wp-image-33923\" srcset=\"https:\/\/www.uta.cl\/wp-content\/uploads\/2021\/12\/Convencion-Constitucional-_-Live-Google-Chrome-21-12-2021-11_07_15.jpg 1000w, https:\/\/www.uta.cl\/wp-content\/uploads\/2021\/12\/Convencion-Constitucional-_-Live-Google-Chrome-21-12-2021-11_07_15-300x169.jpg 300w, https:\/\/www.uta.cl\/wp-content\/uploads\/2021\/12\/Convencion-Constitucional-_-Live-Google-Chrome-21-12-2021-11_07_15-768x432.jpg 768w\" sizes=\"(max-width: 1000px) 100vw, 1000px\" \/><\/a><\/figure><\/li><li class=\"blocks-gallery-item\"><figure><a href=\"https:\/\/www.uta.cl\/wp-content\/uploads\/2021\/12\/Convencion-Constitucional-_-Live-Google-Chrome-21-12-2021-11_06_54.jpg\"><img loading=\"lazy\" width=\"1000\" height=\"562\" src=\"https:\/\/www.uta.cl\/wp-content\/uploads\/2021\/12\/Convencion-Constitucional-_-Live-Google-Chrome-21-12-2021-11_06_54.jpg\" alt=\"\" data-id=\"33922\" data-full-url=\"https:\/\/www.uta.cl\/wp-content\/uploads\/2021\/12\/Convencion-Constitucional-_-Live-Google-Chrome-21-12-2021-11_06_54.jpg\" data-link=\"https:\/\/www.uta.cl\/?attachment_id=33922\" class=\"wp-image-33922\" srcset=\"https:\/\/www.uta.cl\/wp-content\/uploads\/2021\/12\/Convencion-Constitucional-_-Live-Google-Chrome-21-12-2021-11_06_54.jpg 1000w, https:\/\/www.uta.cl\/wp-content\/uploads\/2021\/12\/Convencion-Constitucional-_-Live-Google-Chrome-21-12-2021-11_06_54-300x169.jpg 300w, https:\/\/www.uta.cl\/wp-content\/uploads\/2021\/12\/Convencion-Constitucional-_-Live-Google-Chrome-21-12-2021-11_06_54-768x432.jpg 768w\" sizes=\"(max-width: 1000px) 100vw, 1000px\" \/><\/a><\/figure><\/li><li class=\"blocks-gallery-item\"><figure><a href=\"https:\/\/www.uta.cl\/wp-content\/uploads\/2021\/12\/IMG-20211221-WA0010.jpg\"><img loading=\"lazy\" width=\"1000\" height=\"750\" src=\"https:\/\/www.uta.cl\/wp-content\/uploads\/2021\/12\/IMG-20211221-WA0010.jpg\" alt=\"\" data-id=\"33920\" data-full-url=\"https:\/\/www.uta.cl\/wp-content\/uploads\/2021\/12\/IMG-20211221-WA0010.jpg\" data-link=\"https:\/\/www.uta.cl\/?attachment_id=33920\" class=\"wp-image-33920\" srcset=\"https:\/\/www.uta.cl\/wp-content\/uploads\/2021\/12\/IMG-20211221-WA0010.jpg 1000w, https:\/\/www.uta.cl\/wp-content\/uploads\/2021\/12\/IMG-20211221-WA0010-300x225.jpg 300w, https:\/\/www.uta.cl\/wp-content\/uploads\/2021\/12\/IMG-20211221-WA0010-768x576.jpg 768w\" sizes=\"(max-width: 1000px) 100vw, 1000px\" \/><\/a><\/figure><\/li><li class=\"blocks-gallery-item\"><figure><a href=\"https:\/\/www.uta.cl\/wp-content\/uploads\/2021\/12\/IMG-20211221-WA0009.jpg\"><img loading=\"lazy\" width=\"1000\" height=\"750\" src=\"https:\/\/www.uta.cl\/wp-content\/uploads\/2021\/12\/IMG-20211221-WA0009.jpg\" alt=\"\" data-id=\"33919\" data-full-url=\"https:\/\/www.uta.cl\/wp-content\/uploads\/2021\/12\/IMG-20211221-WA0009.jpg\" data-link=\"https:\/\/www.uta.cl\/?attachment_id=33919\" class=\"wp-image-33919\" srcset=\"https:\/\/www.uta.cl\/wp-content\/uploads\/2021\/12\/IMG-20211221-WA0009.jpg 1000w, https:\/\/www.uta.cl\/wp-content\/uploads\/2021\/12\/IMG-20211221-WA0009-300x225.jpg 300w, https:\/\/www.uta.cl\/wp-content\/uploads\/2021\/12\/IMG-20211221-WA0009-768x576.jpg 768w\" sizes=\"(max-width: 1000px) 100vw, 1000px\" \/><\/a><\/figure><\/li><li class=\"blocks-gallery-item\"><figure><a href=\"https:\/\/www.uta.cl\/wp-content\/uploads\/2021\/12\/IMG-20211221-WA0004.jpg\"><img loading=\"lazy\" width=\"1000\" height=\"750\" src=\"https:\/\/www.uta.cl\/wp-content\/uploads\/2021\/12\/IMG-20211221-WA0004.jpg\" alt=\"\" data-id=\"33918\" data-full-url=\"https:\/\/www.uta.cl\/wp-content\/uploads\/2021\/12\/IMG-20211221-WA0004.jpg\" data-link=\"https:\/\/www.uta.cl\/?attachment_id=33918\" class=\"wp-image-33918\" srcset=\"https:\/\/www.uta.cl\/wp-content\/uploads\/2021\/12\/IMG-20211221-WA0004.jpg 1000w, https:\/\/www.uta.cl\/wp-content\/uploads\/2021\/12\/IMG-20211221-WA0004-300x225.jpg 300w, https:\/\/www.uta.cl\/wp-content\/uploads\/2021\/12\/IMG-20211221-WA0004-768x576.jpg 768w\" sizes=\"(max-width: 1000px) 100vw, 1000px\" \/><\/a><\/figure><\/li><li class=\"blocks-gallery-item\"><figure><a href=\"https:\/\/www.uta.cl\/wp-content\/uploads\/2021\/12\/Convencion-Constitucional-_-Live-Google-Chrome-21-12-2021-11_10_23.jpg\"><img loading=\"lazy\" width=\"1000\" height=\"562\" src=\"https:\/\/www.uta.cl\/wp-content\/uploads\/2021\/12\/Convencion-Constitucional-_-Live-Google-Chrome-21-12-2021-11_10_23.jpg\" alt=\"\" data-id=\"33917\" data-full-url=\"https:\/\/www.uta.cl\/wp-content\/uploads\/2021\/12\/Convencion-Constitucional-_-Live-Google-Chrome-21-12-2021-11_10_23.jpg\" data-link=\"https:\/\/www.uta.cl\/?attachment_id=33917\" class=\"wp-image-33917\" srcset=\"https:\/\/www.uta.cl\/wp-content\/uploads\/2021\/12\/Convencion-Constitucional-_-Live-Google-Chrome-21-12-2021-11_10_23.jpg 1000w, https:\/\/www.uta.cl\/wp-content\/uploads\/2021\/12\/Convencion-Constitucional-_-Live-Google-Chrome-21-12-2021-11_10_23-300x169.jpg 300w, https:\/\/www.uta.cl\/wp-content\/uploads\/2021\/12\/Convencion-Constitucional-_-Live-Google-Chrome-21-12-2021-11_10_23-768x432.jpg 768w\" sizes=\"(max-width: 1000px) 100vw, 1000px\" \/><\/a><\/figure><\/li><\/ul><\/figure>\n","protected":false},"excerpt":{"rendered":"<p>Los alcances de este instrumento, impulsado por la Agencia Nacional de Investigaci\u00f3n y Desarrollo (ANID) y ejecutado por la Fundaci\u00f3n Parque Cient\u00edfico Tecnol\u00f3gico (FPCT) de la Universidad Cat\u00f3lica del Norte (UCN) junto con las universidades de Tarapac\u00e1, Arturo Prat, Antofagasta y Atacama, fueron expuestos ante la Comisi\u00f3n de Sistemas de Conocimientos, Culturas, Ciencia, Tecnolog\u00eda, Artes [&hellip;]<\/p>\n","protected":false},"author":1,"featured_media":33921,"comment_status":"open","ping_status":"open","sticky":false,"template":"","format":"standard","meta":[],"categories":[115,51],"tags":[],"_links":{"self":[{"href":"https:\/\/www.uta.cl\/index.php\/wp-json\/wp\/v2\/posts\/33916"}],"collection":[{"href":"https:\/\/www.uta.cl\/index.php\/wp-json\/wp\/v2\/posts"}],"about":[{"href":"https:\/\/www.uta.cl\/index.php\/wp-json\/wp\/v2\/types\/post"}],"author":[{"embeddable":true,"href":"https:\/\/www.uta.cl\/index.php\/wp-json\/wp\/v2\/users\/1"}],"replies":[{"embeddable":true,"href":"https:\/\/www.uta.cl\/index.php\/wp-json\/wp\/v2\/comments?post=33916"}],"version-history":[{"count":1,"href":"https:\/\/www.uta.cl\/index.php\/wp-json\/wp\/v2\/posts\/33916\/revisions"}],"predecessor-version":[{"id":33925,"href":"https:\/\/www.uta.cl\/index.php\/wp-json\/wp\/v2\/posts\/33916\/revisions\/33925"}],"wp:featuredmedia":[{"embeddable":true,"href":"https:\/\/www.uta.cl\/index.php\/wp-json\/wp\/v2\/media\/33921"}],"wp:attachment":[{"href":"https:\/\/www.uta.cl\/index.php\/wp-json\/wp\/v2\/media?parent=33916"}],"wp:term":[{"taxonomy":"category","embeddable":true,"href":"https:\/\/www.uta.cl\/index.php\/wp-json\/wp\/v2\/categories?post=33916"},{"taxonomy":"post_tag","embeddable":true,"href":"https:\/\/www.uta.cl\/index.php\/wp-json\/wp\/v2\/tags?post=33916"}],"curies":[{"name":"wp","href":"https:\/\/api.w.org\/{rel}","templated":true}]}}