{"id":33863,"date":"2021-12-23T15:19:54","date_gmt":"2021-12-23T15:19:54","guid":{"rendered":"https:\/\/www.uta.cl\/?p=33863"},"modified":"2021-12-23T15:19:54","modified_gmt":"2021-12-23T15:19:54","slug":"futuros-medicos-de-la-escuela-de-medicina-de-la-uta-reciben-investidura","status":"publish","type":"post","link":"https:\/\/www.uta.cl\/index.php\/2021\/12\/23\/futuros-medicos-de-la-escuela-de-medicina-de-la-uta-reciben-investidura\/","title":{"rendered":"Futuros m\u00e9dicos de la Escuela de Medicina de la UTA reciben investidura"},"content":{"rendered":"\n<div class=\"wp-block-image\"><figure class=\"aligncenter size-large\"><a href=\"https:\/\/www.uta.cl\/wp-content\/uploads\/2021\/12\/foto-portada-nota-2.jpg\"><img loading=\"lazy\" width=\"1000\" height=\"667\" src=\"https:\/\/www.uta.cl\/wp-content\/uploads\/2021\/12\/foto-portada-nota-2.jpg\" alt=\"\" class=\"wp-image-33873\" srcset=\"https:\/\/www.uta.cl\/wp-content\/uploads\/2021\/12\/foto-portada-nota-2.jpg 1000w, https:\/\/www.uta.cl\/wp-content\/uploads\/2021\/12\/foto-portada-nota-2-300x200.jpg 300w, https:\/\/www.uta.cl\/wp-content\/uploads\/2021\/12\/foto-portada-nota-2-768x512.jpg 768w\" sizes=\"(max-width: 1000px) 100vw, 1000px\" \/><\/a><\/figure><\/div>\n\n\n\n<p>28 estudiantes de la carrera de Medicina fueron parte, junto a sus familias y profesores de la Ceremonia de Investidura 2021. El acto cont\u00f3, adem\u00e1s, con la presencia del Director de Docencia, Dr. Carlos Leiva Sajuria, el Director de Extensi\u00f3n y Vinculaci\u00f3n con el Medio, Dr. Rodrigo Ruz Zagal, la Directora de la Escuela de Medicina, Dra. Andrea Larraz\u00e1bal Miranda y su Jefa de Carrera, Vilma Mansilla Guevara.<\/p>\n\n\n\n<div class=\"wp-block-image\"><figure class=\"alignleft size-large is-resized\"><a href=\"https:\/\/www.uta.cl\/wp-content\/uploads\/2021\/12\/DSC_5155.jpg\"><img loading=\"lazy\" src=\"https:\/\/www.uta.cl\/wp-content\/uploads\/2021\/12\/DSC_5155.jpg\" alt=\"\" class=\"wp-image-33879\" width=\"256\" height=\"384\" srcset=\"https:\/\/www.uta.cl\/wp-content\/uploads\/2021\/12\/DSC_5155.jpg 667w, https:\/\/www.uta.cl\/wp-content\/uploads\/2021\/12\/DSC_5155-200x300.jpg 200w\" sizes=\"(max-width: 256px) 100vw, 256px\" \/><\/a><\/figure><\/div>\n\n\n\n<p>En la ocasi\u00f3n, en representaci\u00f3n de la autoridad universitaria, el Dr. Carlos Leiva Sajuria, Director de Docencia expres\u00f3: \u201cPara la Universidad de Tarapac\u00e1 es siempre un momento importante y de orgullo poder ver c\u00f3mo sus estudiantes van pasando etapas y van llegando momentos c\u00falmines dentro de su carrera, principalmente, en esta ocasi\u00f3n cuando sabemos que se deben ir cumpliendo paso a paso, un sue\u00f1o que naci\u00f3 hace unos a\u00f1os atr\u00e1s y que tiene que ver con las relaciones entre la Universidad, la regi\u00f3n y la sociedad que nos rodea con la cual estamos profundamente comprometidos\u201d.<\/p>\n\n\n\n<p>En este contexto, la autoridad universitaria felicit\u00f3 a los futuros m\u00e9dicos \u201cpor haber llegado a este momento y lo que queda para adelante es mucho m\u00e1s complejo y dif\u00edcil. Ahora es compromiso y es hoy cuando tienen que ir como emisarios de nuestra Instituci\u00f3n, llevando los valores que se les ha inculcado en esta escuela, de compromiso con la gente, con la sociedad, con la regi\u00f3n y con ustedes mismos en la b\u00fasqueda de la excelencia y del \u00e9xito. La honestidad, la \u00e9tica, los valores morales son los cimientos fundamentales que tienen que guiar sus manos y sus mentes a partir de hoy, porque ya no es teor\u00eda ni posibilidad de errores, ahora todos esos valores tienen que ponerse en pr\u00e1ctica, junto con todas las destrezas t\u00e9cnicas y disciplinarias\u201d.<\/p>\n\n\n\n<div class=\"wp-block-image\"><figure class=\"alignright size-large is-resized\"><a href=\"https:\/\/www.uta.cl\/wp-content\/uploads\/2021\/12\/DSC_5160.jpg\"><img loading=\"lazy\" src=\"https:\/\/www.uta.cl\/wp-content\/uploads\/2021\/12\/DSC_5160.jpg\" alt=\"\" class=\"wp-image-33864\" width=\"351\" height=\"234\" srcset=\"https:\/\/www.uta.cl\/wp-content\/uploads\/2021\/12\/DSC_5160.jpg 1000w, https:\/\/www.uta.cl\/wp-content\/uploads\/2021\/12\/DSC_5160-300x200.jpg 300w, https:\/\/www.uta.cl\/wp-content\/uploads\/2021\/12\/DSC_5160-768x512.jpg 768w\" sizes=\"(max-width: 351px) 100vw, 351px\" \/><\/a><\/figure><\/div>\n\n\n\n<p>Por su parte, la Dra. Vilma Mansilla Guevara, Jefa de Carrera de Medicina, se refiri\u00f3 a la importancia del encuentro: \u201cEstos dos \u00faltimos a\u00f1os han sido particularmente complejos y dif\u00edciles para ustedes estudiantes y para nosotros, ya que a partir del tercer a\u00f1o de la carrera se comienza con la tan anhelada y esperada relaci\u00f3n m\u00e9dico-paciente, pero que con la pandemia fue postergada y s\u00f3lo reci\u00e9n este a\u00f1o han podido tener el contacto directo con nuestros pacientes y sus familias. En esta nueva etapa, se integran los conocimientos adquiridos hasta el momento en la atenci\u00f3n de pacientes, para conformar el maravilloso arte de la medicina, a trav\u00e9s de la entrevista, examen f\u00edsico, hip\u00f3tesis diagn\u00f3stica, conducta a seguir y en conjunto con todo lo que es la promoci\u00f3n de la salud y prevenci\u00f3n de enfermedades, seguir\u00e1n pavimentando el apasionante camino hacia el sue\u00f1o profesional: ser m\u00e9dico, ser m\u00e9dica\u201d.<\/p>\n\n\n\n<p>Agreg\u00f3 que \u201ces por ello el simbolismo de esta investidura, donde cada uno de ustedes recibir\u00e1 su estetoscopio en se\u00f1al en la cual se hacen cargo con responsabilidad y orgullo de esta hermosa profesi\u00f3n, repleta de sacrificios, pero con una gran vocaci\u00f3n de servicio. Los acad\u00e9micos docentes de esta carrera nos sentimos honrados y emocionados en acompa\u00f1ar el crecimiento profesional de cada uno de ustedes. Nos esforzamos para entregar nuestro conocimiento con energ\u00eda y cari\u00f1o, para lograr el mayor \u00e9xito y excelencia para cuando egresen de la carrera de Medicina de la Universidad de Tarapac\u00e1. En todo este proceso y en el camino que les queda, el apoyo de la familia y amigos es fundamental. Esta ceremonia es un regalo a los estudiantes y a todos sus seres queridos, en agradecimiento al esfuerzo y los motiva a continuar en el camino a ser profesionales con sabidur\u00eda y calidez\u201d, indic\u00f3 la Dra. Vilma Mansilla.<\/p>\n\n\n\n<p>A continuaci\u00f3n, la ceremonia prosigui\u00f3 con la investidura de los 28 alumnos de cuarto a\u00f1o de la carrera de Medicina, con la entrega de sus estetoscopio y libretas m\u00e9dicas de manos de la Jefa de Carrera, Dra. Vilma Mansilla y de la Directora de la Escuela de Medicina, Dra. Andrea Larraz\u00e1bal.<\/p>\n\n\n\n<div class=\"wp-block-image\"><figure class=\"alignleft size-large is-resized\"><a href=\"https:\/\/www.uta.cl\/wp-content\/uploads\/2021\/12\/DSC_5183.jpg\"><img loading=\"lazy\" src=\"https:\/\/www.uta.cl\/wp-content\/uploads\/2021\/12\/DSC_5183.jpg\" alt=\"\" class=\"wp-image-33872\" width=\"351\" height=\"234\" srcset=\"https:\/\/www.uta.cl\/wp-content\/uploads\/2021\/12\/DSC_5183.jpg 1000w, https:\/\/www.uta.cl\/wp-content\/uploads\/2021\/12\/DSC_5183-300x200.jpg 300w, https:\/\/www.uta.cl\/wp-content\/uploads\/2021\/12\/DSC_5183-768x512.jpg 768w\" sizes=\"(max-width: 351px) 100vw, 351px\" \/><\/a><\/figure><\/div>\n\n\n\n<p>En representaci\u00f3n de los reci\u00e9n investidos, el alumno Sebasti\u00e1n Moreno Caut\u00edn, entreg\u00f3 sus palabras en este d\u00eda tan importante y que representa el cambio de ciclo formativo de los alumnos que han cursado sus primeros a\u00f1os en ciencias b\u00e1sicas y que desde hoy ponen en pr\u00e1ctica sus conocimientos: \u201cHoy nos re\u00fane una ceremonia que dar\u00e1 inicio a una nueva etapa en nuestra formaci\u00f3n: la formaci\u00f3n cl\u00ednica en medicina. Si bien estaba destinada a realizarse el a\u00f1o pasado, \u00e9sta tuvo que ser postergada debido a la pandemia que actualmente vivimos. Por lo anterior, nos presentamos en estos momentos ya no como estudiantes primerizos, m\u00e1s bien como alumnas y alumnos que vivieron la era de la telemedicina por m\u00e1s de un a\u00f1o\u201d.<\/p>\n\n\n\n<div class=\"wp-block-image\"><figure class=\"alignright size-large is-resized\"><a href=\"https:\/\/www.uta.cl\/wp-content\/uploads\/2021\/12\/DSC_5143.jpg\"><img loading=\"lazy\" src=\"https:\/\/www.uta.cl\/wp-content\/uploads\/2021\/12\/DSC_5143.jpg\" alt=\"\" class=\"wp-image-33874\" width=\"353\" height=\"235\" srcset=\"https:\/\/www.uta.cl\/wp-content\/uploads\/2021\/12\/DSC_5143.jpg 1000w, https:\/\/www.uta.cl\/wp-content\/uploads\/2021\/12\/DSC_5143-300x200.jpg 300w, https:\/\/www.uta.cl\/wp-content\/uploads\/2021\/12\/DSC_5143-768x512.jpg 768w\" sizes=\"(max-width: 353px) 100vw, 353px\" \/><\/a><\/figure><\/div>\n\n\n\n<p>Concluy\u00f3 se\u00f1alando que \u201csomos los profesionales del ma\u00f1ana, tenemos bien claro cu\u00e1l ser\u00e1 nuestro papel en la pr\u00f3xima sociedad y por supuesto, somos conscientes de nuestra gran responsabilidad y el gran poder que llevamos dentro de nosotros. Batallamos d\u00eda a d\u00eda con nuestros miedos y temores al fracaso, y a pesar de ello, contamos con nuestras amistades y familiares que nos apoyan fielmente, gente con la que podemos respaldarnos y decir \u00b4aqu\u00ed estamos\u00b4\u201d.<\/p>\n","protected":false},"excerpt":{"rendered":"<p>En una emotiva ceremonia, 28 estudiantes de cuarto a\u00f1o de Medicina iniciaron una nueva etapa en sus estudios al ingresar a campo cl\u00ednico. <\/p>\n","protected":false},"author":1,"featured_media":33873,"comment_status":"open","ping_status":"open","sticky":false,"template":"","format":"standard","meta":[],"categories":[35,91,51],"tags":[],"_links":{"self":[{"href":"https:\/\/www.uta.cl\/index.php\/wp-json\/wp\/v2\/posts\/33863"}],"collection":[{"href":"https:\/\/www.uta.cl\/index.php\/wp-json\/wp\/v2\/posts"}],"about":[{"href":"https:\/\/www.uta.cl\/index.php\/wp-json\/wp\/v2\/types\/post"}],"author":[{"embeddable":true,"href":"https:\/\/www.uta.cl\/index.php\/wp-json\/wp\/v2\/users\/1"}],"replies":[{"embeddable":true,"href":"https:\/\/www.uta.cl\/index.php\/wp-json\/wp\/v2\/comments?post=33863"}],"version-history":[{"count":1,"href":"https:\/\/www.uta.cl\/index.php\/wp-json\/wp\/v2\/posts\/33863\/revisions"}],"predecessor-version":[{"id":33880,"href":"https:\/\/www.uta.cl\/index.php\/wp-json\/wp\/v2\/posts\/33863\/revisions\/33880"}],"wp:featuredmedia":[{"embeddable":true,"href":"https:\/\/www.uta.cl\/index.php\/wp-json\/wp\/v2\/media\/33873"}],"wp:attachment":[{"href":"https:\/\/www.uta.cl\/index.php\/wp-json\/wp\/v2\/media?parent=33863"}],"wp:term":[{"taxonomy":"category","embeddable":true,"href":"https:\/\/www.uta.cl\/index.php\/wp-json\/wp\/v2\/categories?post=33863"},{"taxonomy":"post_tag","embeddable":true,"href":"https:\/\/www.uta.cl\/index.php\/wp-json\/wp\/v2\/tags?post=33863"}],"curies":[{"name":"wp","href":"https:\/\/api.w.org\/{rel}","templated":true}]}}