{"id":33278,"date":"2021-12-01T12:14:34","date_gmt":"2021-12-01T12:14:34","guid":{"rendered":"https:\/\/www.uta.cl\/?p=33278"},"modified":"2021-12-01T15:41:55","modified_gmt":"2021-12-01T15:41:55","slug":"en-espana-se-realizara-lanzamiento-del-libro-tarapaca-en-el-siglo-xix-una-historia-regional-binacional-y-transfronteriza-escrito-por-academicos-de-la-universidad-de-tarapaca-y-de-l","status":"publish","type":"post","link":"https:\/\/www.uta.cl\/index.php\/2021\/12\/01\/en-espana-se-realizara-lanzamiento-del-libro-tarapaca-en-el-siglo-xix-una-historia-regional-binacional-y-transfronteriza-escrito-por-academicos-de-la-universidad-de-tarapaca-y-de-l\/","title":{"rendered":"En Espa\u00f1a se realizar\u00e1 lanzamiento del libro \u201cTarapac\u00e1 en el Siglo XIX. Una historia regional, binacional y transfronteriza\u201d editado por acad\u00e9micos de la Universidad de Tarapac\u00e1 y de la Universidad de Sevilla"},"content":{"rendered":"\n<p>Como parte de los resultados del Proyecto Fondecyt Regular 1170066, el jueves 02 de diciembre, en la Universidad de Sevilla, Espa\u00f1a, se realizar\u00e1 el lanzamiento del libro <strong>\u201cTarapac\u00e1 en el Siglo XIX. Una historia regional, binacional y transfronteriza\u201d<\/strong>, de los editores Dr. Luis Castro Castro, director del Doctorado en Historia y acad\u00e9mico del Departamento de Ciencias Hist\u00f3ricas y Geogr\u00e1ficas de la Universidad de Tarapac\u00e1 y por la Dra. Inmaculada Sim\u00f3n Ruiz, acad\u00e9mica del Departamento de Historia de Am\u00e9rica de la Universidad de Sevilla, Espa\u00f1a.<\/p>\n\n\n\n<div class=\"wp-block-image\"><figure class=\"aligncenter size-large is-resized\"><a href=\"https:\/\/www.uta.cl\/wp-content\/uploads\/2021\/12\/DR.-LUIS-CASTRO-CASTRO-scaled-1.jpg\"><img loading=\"lazy\" src=\"https:\/\/www.uta.cl\/wp-content\/uploads\/2021\/12\/DR.-LUIS-CASTRO-CASTRO-scaled-1.jpg\" alt=\"\" class=\"wp-image-33280\" width=\"352\" height=\"264\" srcset=\"https:\/\/www.uta.cl\/wp-content\/uploads\/2021\/12\/DR.-LUIS-CASTRO-CASTRO-scaled-1.jpg 1000w, https:\/\/www.uta.cl\/wp-content\/uploads\/2021\/12\/DR.-LUIS-CASTRO-CASTRO-scaled-1-300x225.jpg 300w, https:\/\/www.uta.cl\/wp-content\/uploads\/2021\/12\/DR.-LUIS-CASTRO-CASTRO-scaled-1-768x576.jpg 768w\" sizes=\"(max-width: 352px) 100vw, 352px\" \/><\/a><figcaption>binary comment<\/figcaption><\/figure><\/div>\n\n\n\n<p><strong>\u201cTarapac\u00e1 en el Siglo XIX. Una historia regional, binacional y transfronteriza\u201d<\/strong>, aborda el periodo menos conocido de la historia regional, binacional y transfronteriza de la provincia de Tarapac\u00e1: el siglo XIX. En sus p\u00e1ginas, los diversos cap\u00edtulos acotan temas, procesos, personajes y episodios que hasta ahora han sido ignorados o escasamente tratados. Por lo mismo, busca ser un punto de partida como, a la vez, un balance de lo que ha avanzado la historiograf\u00eda en el conocimiento de la historia decimon\u00f3nica tarapaque\u00f1a. Con lo anterior, no pretende cerrar temas, sino, por el contrario, abrir debates, an\u00e1lisis y perspectivas respecto de los agrestes, pero a la vez fascinantes parajes de la historia de Tarapac\u00e1 del siglo XIX; un ejercicio historiogr\u00e1fico necesario y obligatorio para revitalizar en la memoria actual los derroteros, sue\u00f1os, frustraciones, luchas, afanes regionalistas e identidades culturales, \u00e9tnicas y de clase de quienes habitaron el extremo sur del Per\u00fa, actualmente el extremo norte de Chile, durante un periodo clave en lo que respecta a la formaci\u00f3n de la naci\u00f3n y el Estado, procesos que est\u00e1n en el centro de los debates actuales de mayor trascendencia en ambos pa\u00edses.<\/p>\n\n\n\n<p>Seg\u00fan lo informado por el acad\u00e9mico y Director del Doctorado en Historia, Dr. Luis Castro Castro, esta presentaci\u00f3n se realizar\u00e1 tambi\u00e9n el jueves 09 de diciembre en la Universidad de Salamanca, Espa\u00f1a (USAL), la cual se enmarca en los acercamientos que se tienen con dicha universidad con la finalidad de firmar un importante convenio espec\u00edfico con el Doctorado en Historia que imparte nuestra Universidad de Tarapac\u00e1. De hecho, en el contexto de la presentaci\u00f3n del libro se tendr\u00e1 una reuni\u00f3n para afinar los t\u00e9rminos de un convenio espec\u00edfico que aspira, al igual que con el convenio espec\u00edfico que se est\u00e1 gestionando con la Universidad de Sevilla, iniciar un proceso de internacionalizaci\u00f3n del Doctorado en Historia no s\u00f3lo a trav\u00e9s de pasant\u00edas y estad\u00edas de investigaci\u00f3n de acad\u00e9micos y estudiantes, sino tambi\u00e9n mediante la co-direcci\u00f3n de tesis y doble titulaci\u00f3n, modalidades que se aspiran en poner en marcha secuencialmente a partir del segundo semestre de 2022.<\/p>\n\n\n\n<div class=\"wp-block-image\"><figure class=\"aligncenter size-large\"><a href=\"https:\/\/www.uta.cl\/wp-content\/uploads\/2021\/12\/portada-libro.jpg\"><img loading=\"lazy\" width=\"316\" height=\"490\" src=\"https:\/\/www.uta.cl\/wp-content\/uploads\/2021\/12\/portada-libro.jpg\" alt=\"\" class=\"wp-image-33279\" srcset=\"https:\/\/www.uta.cl\/wp-content\/uploads\/2021\/12\/portada-libro.jpg 316w, https:\/\/www.uta.cl\/wp-content\/uploads\/2021\/12\/portada-libro-193x300.jpg 193w\" sizes=\"(max-width: 316px) 100vw, 316px\" \/><\/a><\/figure><\/div>\n","protected":false},"excerpt":{"rendered":"<p>Libro editado por los doctores Luis Castro Castro (Universidad de Tarapac\u00e1) e Inmaculada Sim\u00f3n Ruiz (Universidad de Sevilla)<\/p>\n","protected":false},"author":1,"featured_media":33280,"comment_status":"open","ping_status":"open","sticky":false,"template":"","format":"standard","meta":[],"categories":[51],"tags":[],"_links":{"self":[{"href":"https:\/\/www.uta.cl\/index.php\/wp-json\/wp\/v2\/posts\/33278"}],"collection":[{"href":"https:\/\/www.uta.cl\/index.php\/wp-json\/wp\/v2\/posts"}],"about":[{"href":"https:\/\/www.uta.cl\/index.php\/wp-json\/wp\/v2\/types\/post"}],"author":[{"embeddable":true,"href":"https:\/\/www.uta.cl\/index.php\/wp-json\/wp\/v2\/users\/1"}],"replies":[{"embeddable":true,"href":"https:\/\/www.uta.cl\/index.php\/wp-json\/wp\/v2\/comments?post=33278"}],"version-history":[{"count":2,"href":"https:\/\/www.uta.cl\/index.php\/wp-json\/wp\/v2\/posts\/33278\/revisions"}],"predecessor-version":[{"id":33303,"href":"https:\/\/www.uta.cl\/index.php\/wp-json\/wp\/v2\/posts\/33278\/revisions\/33303"}],"wp:featuredmedia":[{"embeddable":true,"href":"https:\/\/www.uta.cl\/index.php\/wp-json\/wp\/v2\/media\/33280"}],"wp:attachment":[{"href":"https:\/\/www.uta.cl\/index.php\/wp-json\/wp\/v2\/media?parent=33278"}],"wp:term":[{"taxonomy":"category","embeddable":true,"href":"https:\/\/www.uta.cl\/index.php\/wp-json\/wp\/v2\/categories?post=33278"},{"taxonomy":"post_tag","embeddable":true,"href":"https:\/\/www.uta.cl\/index.php\/wp-json\/wp\/v2\/tags?post=33278"}],"curies":[{"name":"wp","href":"https:\/\/api.w.org\/{rel}","templated":true}]}}