{"id":33228,"date":"2021-11-25T12:21:44","date_gmt":"2021-11-25T12:21:44","guid":{"rendered":"https:\/\/www.uta.cl\/?p=33228"},"modified":"2021-11-25T12:21:44","modified_gmt":"2021-11-25T12:21:44","slug":"facultad-de-ingenieria-junto-a-la-asimp-realizan-exitoso-seminario-de-impermeabilizacion-para-proteger-construcciones-en-ambientes-salinos","status":"publish","type":"post","link":"https:\/\/www.uta.cl\/index.php\/2021\/11\/25\/facultad-de-ingenieria-junto-a-la-asimp-realizan-exitoso-seminario-de-impermeabilizacion-para-proteger-construcciones-en-ambientes-salinos\/","title":{"rendered":"Facultad de Ingenier\u00eda junto a la ASIMP realizan exitoso seminario de Impermeabilizaci\u00f3n para proteger construcciones en ambientes salinos"},"content":{"rendered":"\n<p>El jueves 18 de noviembre, se realiz\u00f3 el Primer Seminario de Impermeabilizaci\u00f3n 2021, actividad que organiz\u00f3 la Facultad de Ingenier\u00eda de la Universidad de Tarapac\u00e1 junto a la Asociaci\u00f3n de Impermeabilizadores de Chile, ASIMP A.G., cuyo objetivo se centr\u00f3 en destacar la importancia de la impermeabilizaci\u00f3n para proteger las construcciones en ambientes salinos agresivos, permitiendo conocer de mejor manera los diferentes proyectos y pol\u00edticas p\u00fablicas, para proteger de mejor manera la infraestructura.<\/p>\n\n\n\n<div class=\"wp-block-image\"><figure class=\"alignleft size-large is-resized\"><a href=\"https:\/\/www.uta.cl\/wp-content\/uploads\/2021\/11\/alcalde.jpg\"><img loading=\"lazy\" src=\"https:\/\/www.uta.cl\/wp-content\/uploads\/2021\/11\/alcalde.jpg\" alt=\"\" class=\"wp-image-33230\" width=\"351\" height=\"198\" srcset=\"https:\/\/www.uta.cl\/wp-content\/uploads\/2021\/11\/alcalde.jpg 849w, https:\/\/www.uta.cl\/wp-content\/uploads\/2021\/11\/alcalde-300x170.jpg 300w, https:\/\/www.uta.cl\/wp-content\/uploads\/2021\/11\/alcalde-768x435.jpg 768w\" sizes=\"(max-width: 351px) 100vw, 351px\" \/><\/a><\/figure><\/div>\n\n\n\n<p>La jornada se inici\u00f3 con las palabras del alcalde de Arica, Gerardo Esp\u00edndola Rojas, quien destac\u00f3 por un lado, la importancia del seminario y agradeci\u00f3 este tipo de espacios con la finalidad de profundizar en la crisis clim\u00e1tica y el poder revertir, adaptarse y mitigar el alza de la temperatura y por otro lado, en c\u00f3mo se debe adaptar y formar ciudades resilientes, manifestando su preocupaci\u00f3n por el cambio clim\u00e1tico: \u201cHoy d\u00eda el cambio clim\u00e1tico nos est\u00e1 obligando a adaptarnos y uno de esos elementos pasa por nuestros techos, en donde la lluvia en terrenos salinos, como los tiene la ciudad de Arica es un problema, ya que existe una cultura de la no construcci\u00f3n de techos. Adem\u00e1s, la gente invierte mucho m\u00e1s hoy d\u00eda en poner o arreglar el piso y el jard\u00edn m\u00e1s que en arreglar el techo de sus viviendas, y es porque no hemos logrado generar la consciencia en que \u00e9l clima est\u00e1 cambiando y que entramos en un espiral de desastre clim\u00e1tico y tenemos que adaptarnos\u201d.<\/p>\n\n\n\n<p>\u201cValoro este espacio y a quienes organizaron este importante seminario, como municipalidad y como gesti\u00f3n, el cambio clim\u00e1tico es una l\u00ednea que cruza cada uno de los dos programas municipales que hemos tenido y me parece s\u00faper bien que no nos quedemos solamente en la reflexi\u00f3n o en la teor\u00eda, sino que tambi\u00e9n lo llevemos a espacios pr\u00e1cticos como lo que se est\u00e1 planteando en este seminario\u201d, destac\u00f3 el alcalde de Arica.<\/p>\n\n\n\n<div class=\"wp-block-image\"><figure class=\"alignright size-large is-resized\"><a href=\"https:\/\/www.uta.cl\/wp-content\/uploads\/2021\/11\/decano.jpg\"><img loading=\"lazy\" src=\"https:\/\/www.uta.cl\/wp-content\/uploads\/2021\/11\/decano.jpg\" alt=\"\" class=\"wp-image-33233\" width=\"350\" height=\"194\" srcset=\"https:\/\/www.uta.cl\/wp-content\/uploads\/2021\/11\/decano.jpg 850w, https:\/\/www.uta.cl\/wp-content\/uploads\/2021\/11\/decano-300x167.jpg 300w, https:\/\/www.uta.cl\/wp-content\/uploads\/2021\/11\/decano-768x426.jpg 768w\" sizes=\"(max-width: 350px) 100vw, 350px\" \/><\/a><\/figure><\/div>\n\n\n\n<p>Luego, fue el tuno del Decano de la Facultad de Ingenier\u00eda, Dr. Alejandro Rodr\u00edguez Estay, quien se refiri\u00f3 a la importancia de este proyecto para la regi\u00f3n para la Macro Zona Norte Sur Andina indicando que \u201ceste importante seminario es posible gracias a la participaci\u00f3n de destacados y experimentados profesionales, en una tem\u00e1tica que es muy poco desarrollada y en algunos casos no muy conocida. Los problemas que enfrentan las construcciones y estructuras con el paso del tiempo, las variabilidades del clima son m\u00faltiples, por ejemplo, las lluvias que se dan en verano en zonas \u00e1ridas o semi\u00e1ridas, afectando a los techos de las construcciones y a las infraestructuras; la humedad que destruye paredes producto de la salinidad del suelo y la r\u00e1pida oxidaci\u00f3n de las estructuras met\u00e1licas que estamos enfrentando a un clima muy agresivo\u201d.<\/p>\n\n\n\n<p>Agreg\u00f3 que \u201cpor lo tanto, se requiere investigar y dar a conocer las problem\u00e1ticas y las soluciones adecuadas para estas zonas sometidas a ambientes salinos. Por tanto, debemos contar con profesionales y t\u00e9cnicos preparados y con el conocimiento para enfrentar las dificultades mencionadas. Rol importante tienen las universidades y expertos para generar cursos de especializaci\u00f3n. Este espacio ayudar\u00e1 a generar normas, criterios de seguimiento con el fin de orientar un adecuado dise\u00f1o de pol\u00edticas p\u00fablicas. La uni\u00f3n del sector p\u00fablico, privado, acad\u00e9mico e investigadores, form\u00f3 un c\u00edrculo virtuoso que generar soluciones efectivas para nuestra realidad, transform\u00e1ndose en un mayor bienestar para la sociedad\u201d.<\/p>\n\n\n\n<div class=\"wp-block-image\"><figure class=\"alignleft size-large is-resized\"><a href=\"https:\/\/www.uta.cl\/wp-content\/uploads\/2021\/11\/edgar-estipinan.jpg\"><img loading=\"lazy\" src=\"https:\/\/www.uta.cl\/wp-content\/uploads\/2021\/11\/edgar-estipinan.jpg\" alt=\"\" class=\"wp-image-33234\" width=\"350\" height=\"196\" srcset=\"https:\/\/www.uta.cl\/wp-content\/uploads\/2021\/11\/edgar-estipinan.jpg 852w, https:\/\/www.uta.cl\/wp-content\/uploads\/2021\/11\/edgar-estipinan-300x168.jpg 300w, https:\/\/www.uta.cl\/wp-content\/uploads\/2021\/11\/edgar-estipinan-768x430.jpg 768w\" sizes=\"(max-width: 350px) 100vw, 350px\" \/><\/a><\/figure><\/div>\n\n\n\n<p>El primer bloque de exposiciones fue moderado por el acad\u00e9mico y Director del Departamento de Ingenier\u00eda Mec\u00e1nica, Dr. Edgar Estupi\u00f1an Pulido, quien present\u00f3 a los expositores invitados: Felipe Tapia Ocampo, Licenciado en Dise\u00f1o de la Universidad Diego Portales y Mag\u00edster en Territorio y Paisaje por la misma universidad y con m\u00e1s de 10 a\u00f1os de experiencia en el rubro de la impermeabilizaci\u00f3n, quien expuso el tema \u201cEfectos de la humedad: Da\u00f1os y Consecuencias\u201d, para continuar con la charla de Fernando Guerra Francovich, Constructor Civil de la Pontificia Universidad Cat\u00f3lica de Chile y Gerente T\u00e9cnico de la Asociaci\u00f3n Chilena de Impermeabilizadores (ASIMP A.G.), quien present\u00f3 el tema \u201cEl desarrollo de la Impermeabilizaci\u00f3n en Chile\u201d.<\/p>\n\n\n\n<figure class=\"wp-block-gallery columns-2 is-cropped\"><ul class=\"blocks-gallery-grid\"><li class=\"blocks-gallery-item\"><figure><a href=\"https:\/\/www.uta.cl\/wp-content\/uploads\/2021\/11\/Felipe-Tapia-1.jpg\"><img loading=\"lazy\" width=\"851\" height=\"468\" src=\"https:\/\/www.uta.cl\/wp-content\/uploads\/2021\/11\/Felipe-Tapia-1.jpg\" alt=\"\" data-id=\"33236\" data-full-url=\"https:\/\/www.uta.cl\/wp-content\/uploads\/2021\/11\/Felipe-Tapia-1.jpg\" data-link=\"https:\/\/www.uta.cl\/?attachment_id=33236\" class=\"wp-image-33236\" srcset=\"https:\/\/www.uta.cl\/wp-content\/uploads\/2021\/11\/Felipe-Tapia-1.jpg 851w, https:\/\/www.uta.cl\/wp-content\/uploads\/2021\/11\/Felipe-Tapia-1-300x165.jpg 300w, https:\/\/www.uta.cl\/wp-content\/uploads\/2021\/11\/Felipe-Tapia-1-768x422.jpg 768w\" sizes=\"(max-width: 851px) 100vw, 851px\" \/><\/a><\/figure><\/li><li class=\"blocks-gallery-item\"><figure><a href=\"https:\/\/www.uta.cl\/wp-content\/uploads\/2021\/11\/fernando-guerra-1.jpg\"><img loading=\"lazy\" width=\"847\" height=\"473\" src=\"https:\/\/www.uta.cl\/wp-content\/uploads\/2021\/11\/fernando-guerra-1.jpg\" alt=\"\" data-id=\"33237\" data-full-url=\"https:\/\/www.uta.cl\/wp-content\/uploads\/2021\/11\/fernando-guerra-1.jpg\" data-link=\"https:\/\/www.uta.cl\/?attachment_id=33237\" class=\"wp-image-33237\" srcset=\"https:\/\/www.uta.cl\/wp-content\/uploads\/2021\/11\/fernando-guerra-1.jpg 847w, https:\/\/www.uta.cl\/wp-content\/uploads\/2021\/11\/fernando-guerra-1-300x168.jpg 300w, https:\/\/www.uta.cl\/wp-content\/uploads\/2021\/11\/fernando-guerra-1-768x429.jpg 768w\" sizes=\"(max-width: 847px) 100vw, 847px\" \/><\/a><\/figure><\/li><\/ul><\/figure>\n\n\n\n<div class=\"wp-block-image\"><figure class=\"alignright size-large is-resized\"><a href=\"https:\/\/www.uta.cl\/wp-content\/uploads\/2021\/11\/jose-luis.jpg\"><img loading=\"lazy\" src=\"https:\/\/www.uta.cl\/wp-content\/uploads\/2021\/11\/jose-luis.jpg\" alt=\"\" class=\"wp-image-33229\" width=\"351\" height=\"197\" srcset=\"https:\/\/www.uta.cl\/wp-content\/uploads\/2021\/11\/jose-luis.jpg 680w, https:\/\/www.uta.cl\/wp-content\/uploads\/2021\/11\/jose-luis-300x168.jpg 300w\" sizes=\"(max-width: 351px) 100vw, 351px\" \/><\/a><\/figure><\/div>\n\n\n\n<p>En tanto, en el segundo bloque del seminario, estuvo moderado por el acad\u00e9mico del Departamento de Ingenier\u00eda Mec\u00e1nica, Jos\u00e9 Luis Bugue\u00f1o Campos, espacio en el cual participaron los expositores: Eduardo Orellana, Administrador de Empresas y socio de AARQHOS, con m\u00e1s de 20 a\u00f1os desarrollando Asesor\u00eda, suministro y administraci\u00f3n de proyectos de impermeabilizaci\u00f3n a lo largo de Chile en miner\u00eda, industrias, OOPP &amp; Edificaci\u00f3n, quien realiz\u00f3 la ponencia \u201cDurabilidad en hormigones\u201d, para finalizar con la presentaci\u00f3n de Ariel Sep\u00falveda Tecnical Manager Waterproofing &amp; Flooring, quien expuso el tema \u201cRestauraci\u00f3n de Cubiertas Met\u00e1licas en Zonas Costeras\u201d.<\/p>\n\n\n\n<figure class=\"wp-block-gallery columns-2 is-cropped\"><ul class=\"blocks-gallery-grid\"><li class=\"blocks-gallery-item\"><figure><a href=\"https:\/\/www.uta.cl\/wp-content\/uploads\/2021\/11\/Eduardo-Orellana-1.jpg\"><img loading=\"lazy\" width=\"850\" height=\"478\" src=\"https:\/\/www.uta.cl\/wp-content\/uploads\/2021\/11\/Eduardo-Orellana-1.jpg\" alt=\"\" data-id=\"33235\" data-full-url=\"https:\/\/www.uta.cl\/wp-content\/uploads\/2021\/11\/Eduardo-Orellana-1.jpg\" data-link=\"https:\/\/www.uta.cl\/?attachment_id=33235\" class=\"wp-image-33235\" srcset=\"https:\/\/www.uta.cl\/wp-content\/uploads\/2021\/11\/Eduardo-Orellana-1.jpg 850w, https:\/\/www.uta.cl\/wp-content\/uploads\/2021\/11\/Eduardo-Orellana-1-300x169.jpg 300w, https:\/\/www.uta.cl\/wp-content\/uploads\/2021\/11\/Eduardo-Orellana-1-768x432.jpg 768w\" sizes=\"(max-width: 850px) 100vw, 850px\" \/><\/a><\/figure><\/li><li class=\"blocks-gallery-item\"><figure><a href=\"https:\/\/www.uta.cl\/wp-content\/uploads\/2021\/11\/Ariel-Sepulveda-1.jpg\"><img loading=\"lazy\" width=\"848\" height=\"476\" src=\"https:\/\/www.uta.cl\/wp-content\/uploads\/2021\/11\/Ariel-Sepulveda-1.jpg\" alt=\"\" data-id=\"33231\" data-full-url=\"https:\/\/www.uta.cl\/wp-content\/uploads\/2021\/11\/Ariel-Sepulveda-1.jpg\" data-link=\"https:\/\/www.uta.cl\/?attachment_id=33231\" class=\"wp-image-33231\" srcset=\"https:\/\/www.uta.cl\/wp-content\/uploads\/2021\/11\/Ariel-Sepulveda-1.jpg 848w, https:\/\/www.uta.cl\/wp-content\/uploads\/2021\/11\/Ariel-Sepulveda-1-300x168.jpg 300w, https:\/\/www.uta.cl\/wp-content\/uploads\/2021\/11\/Ariel-Sepulveda-1-768x431.jpg 768w\" sizes=\"(max-width: 848px) 100vw, 848px\" \/><\/a><\/figure><\/li><\/ul><\/figure>\n\n\n\n<div class=\"wp-block-image\"><figure class=\"alignleft size-large is-resized\"><a href=\"https:\/\/www.uta.cl\/wp-content\/uploads\/2021\/11\/CINUT.jpg\"><img loading=\"lazy\" src=\"https:\/\/www.uta.cl\/wp-content\/uploads\/2021\/11\/CINUT.jpg\" alt=\"\" class=\"wp-image-33232\" width=\"350\" height=\"188\" srcset=\"https:\/\/www.uta.cl\/wp-content\/uploads\/2021\/11\/CINUT.jpg 850w, https:\/\/www.uta.cl\/wp-content\/uploads\/2021\/11\/CINUT-300x162.jpg 300w, https:\/\/www.uta.cl\/wp-content\/uploads\/2021\/11\/CINUT-768x415.jpg 768w\" sizes=\"(max-width: 350px) 100vw, 350px\" \/><\/a><\/figure><\/div>\n\n\n\n<p>Finalmente, el Decano de la Facultad de Ingenier\u00eda, Dr. Alejandro Rodr\u00edguez Estay, agradeci\u00f3 a los expositores y a quienes participaron en las rondas de preguntas, valorando que \u201cla investigaci\u00f3n unida a la experiencia que se ha presentado en este seminario, se hace cada vez m\u00e1s necesaria para enfrentar los desaf\u00edos que tenemos, por ejemplo: medio ambiente, agua, salud, entre otros. Este trabajo colaborativo nos permitir\u00e1 enfrentar estos desaf\u00edos de mejor manera\u201d, para cerrar el encuentro con la participaci\u00f3n del Conjunto Folcl\u00f3rico Integraci\u00f3n de la Universidad de Tarapac\u00e1, CINUT, quienes presentaron el cuadro de danza \u201cCaporal\u201d.<\/p>\n\n\n\n<p>Para revisar nuevamente este seminario, ingresar al link:<\/p>\n\n\n\n<figure class=\"wp-block-embed is-type-video is-provider-youtube wp-block-embed-youtube wp-embed-aspect-16-9 wp-has-aspect-ratio\"><div class=\"wp-block-embed__wrapper\">\n<div class=\"oceanwp-oembed-wrap clr\"><iframe loading=\"lazy\" title=\"Seminario de Impermeabilizaci\u00f3n\" width=\"1200\" height=\"675\" src=\"https:\/\/www.youtube.com\/embed\/R0MHcaBxFKE?feature=oembed\" frameborder=\"0\" allow=\"accelerometer; autoplay; clipboard-write; encrypted-media; gyroscope; picture-in-picture\" allowfullscreen><\/iframe><\/div>\n<\/div><\/figure>\n","protected":false},"excerpt":{"rendered":"<p>Encuentro tuvo por objetivo destacar la importancia de la impermeabilizaci\u00f3n para proteger las construcciones en ambientes salinos agresivos.<\/p>\n","protected":false},"author":1,"featured_media":33230,"comment_status":"open","ping_status":"open","sticky":false,"template":"","format":"standard","meta":[],"categories":[37,51],"tags":[],"_links":{"self":[{"href":"https:\/\/www.uta.cl\/index.php\/wp-json\/wp\/v2\/posts\/33228"}],"collection":[{"href":"https:\/\/www.uta.cl\/index.php\/wp-json\/wp\/v2\/posts"}],"about":[{"href":"https:\/\/www.uta.cl\/index.php\/wp-json\/wp\/v2\/types\/post"}],"author":[{"embeddable":true,"href":"https:\/\/www.uta.cl\/index.php\/wp-json\/wp\/v2\/users\/1"}],"replies":[{"embeddable":true,"href":"https:\/\/www.uta.cl\/index.php\/wp-json\/wp\/v2\/comments?post=33228"}],"version-history":[{"count":2,"href":"https:\/\/www.uta.cl\/index.php\/wp-json\/wp\/v2\/posts\/33228\/revisions"}],"predecessor-version":[{"id":33271,"href":"https:\/\/www.uta.cl\/index.php\/wp-json\/wp\/v2\/posts\/33228\/revisions\/33271"}],"wp:featuredmedia":[{"embeddable":true,"href":"https:\/\/www.uta.cl\/index.php\/wp-json\/wp\/v2\/media\/33230"}],"wp:attachment":[{"href":"https:\/\/www.uta.cl\/index.php\/wp-json\/wp\/v2\/media?parent=33228"}],"wp:term":[{"taxonomy":"category","embeddable":true,"href":"https:\/\/www.uta.cl\/index.php\/wp-json\/wp\/v2\/categories?post=33228"},{"taxonomy":"post_tag","embeddable":true,"href":"https:\/\/www.uta.cl\/index.php\/wp-json\/wp\/v2\/tags?post=33228"}],"curies":[{"name":"wp","href":"https:\/\/api.w.org\/{rel}","templated":true}]}}