{"id":33202,"date":"2021-11-23T20:23:37","date_gmt":"2021-11-23T20:23:37","guid":{"rendered":"https:\/\/www.uta.cl\/?p=33202"},"modified":"2021-11-23T20:23:37","modified_gmt":"2021-11-23T20:23:37","slug":"taller-de-energia-solar-dictado-por-expertos-de-la-uta-supero-expectativas-de-comunidades-indigenas","status":"publish","type":"post","link":"https:\/\/www.uta.cl\/index.php\/2021\/11\/23\/taller-de-energia-solar-dictado-por-expertos-de-la-uta-supero-expectativas-de-comunidades-indigenas\/","title":{"rendered":"Taller de energ\u00eda solar dictado por expertos de la UTA super\u00f3 expectativas de comunidades ind\u00edgenas"},"content":{"rendered":"\n<div class=\"wp-block-image\"><figure class=\"aligncenter size-large is-resized\"><a href=\"https:\/\/www.uta.cl\/wp-content\/uploads\/2021\/11\/Taller-ConadiLab-Ayllu-Solar.jpeg\"><img loading=\"lazy\" src=\"https:\/\/www.uta.cl\/wp-content\/uploads\/2021\/11\/Taller-ConadiLab-Ayllu-Solar.jpeg\" alt=\"\" class=\"wp-image-33203\" width=\"501\" height=\"376\" srcset=\"https:\/\/www.uta.cl\/wp-content\/uploads\/2021\/11\/Taller-ConadiLab-Ayllu-Solar.jpeg 1000w, https:\/\/www.uta.cl\/wp-content\/uploads\/2021\/11\/Taller-ConadiLab-Ayllu-Solar-300x225.jpeg 300w, https:\/\/www.uta.cl\/wp-content\/uploads\/2021\/11\/Taller-ConadiLab-Ayllu-Solar-768x576.jpeg 768w\" sizes=\"(max-width: 501px) 100vw, 501px\" \/><\/a><\/figure><\/div>\n\n\n\n<p>En tres m\u00f3dulos se dividi\u00f3 el Curso (te\u00f3rico-pr\u00e1ctico) de energ\u00eda solar aplicada a la agricultura y ganader\u00eda de la regi\u00f3n de Arica y Parinacota, dictado por expertos en la materia, vinculados al Departamento de Ingenier\u00eda Mec\u00e1nica y el Laboratorio de Investigaci\u00f3n Medioambientales de Zonas \u00c1ridas (LIMZA) de la Universidad de Tarapac\u00e1 (UTA), cumpliendo con el objetivo de mostrar las ventajas que significa utilizar el recurso renovable por sobre tecnolog\u00edas convencionales. Los asistentes adquirieron una noci\u00f3n base sobre aplicaciones de extracci\u00f3n y bombeo de agua, deshidratado de alimentos y otras aplicaciones solares afines.<\/p>\n\n\n\n<p>Dentro de las actividades realizadas en el marco del taller estuvo la visita al Laboratorio de Saucache, implementado por el proyecto Ayllu Solar, iniciativa SERC Chile en la regi\u00f3n, dise\u00f1ado para que la comunidad en general pueda conocer, interactuar y aprender aspectos te\u00f3ricos y pr\u00e1cticos del funcionamiento de diferentes tecnolog\u00edas asociadas a las aplicaciones solares, tanto t\u00e9rmicas como fotovoltaicas. Seg\u00fan el director del Programa Chile Ind\u00edgena de la Corporaci\u00f3n Nacional de Desarrollo Ind\u00edgena (CONADI), Valerio Ca\u00f1ipa, coment\u00f3 que la experiencia super\u00f3 todas las expectativas de los asistentes y esperan dar continuidad a los conocimientos adquiridos.<\/p>\n\n\n\n<p>\u201cComo Programa Chile Ind\u00edgena estamos muy conformes con la alta participaci\u00f3n de las comunidades de la regi\u00f3n en este taller, por lo tanto, como primer paso con la UTA ha sido un impacto positivo el hecho de la alta convocatoria de los dirigentes. Tambi\u00e9n, se superaron las expectativas en relaci\u00f3n a los contenidos de energ\u00eda solar vinculados a la agricultura y la ganader\u00eda\u201d, concluy\u00f3 Ca\u00f1ipa.<\/p>\n\n\n\n<p>Adem\u00e1s, agreg\u00f3 que es importante dar continuidad a los conocimientos y espera se pueda planificar un trabajo de campo: \u201cAhora nos falta ir a los territorios y planificar con las comunidades para ver c\u00f3mo se aplica los aprendido. En general, como primera experiencia fue muy positivo y claramente hay que continuar con este proceso, ya que sentimos que vamos por buen camino, estamos conscientes que este acuerdo con la Universidad ser\u00e1 fruct\u00edfero y esperamos seguir trabajando el pr\u00f3ximo periodo\u201d, dijo.<\/p>\n\n\n\n<p>La OTL presta dispuesta a seguir colaborando<\/p>\n\n\n\n<p>Por su parte, la Oficina de Transferencia y Licenciamiento (OTL) de la Universidad de Tarapac\u00e1, a trav\u00e9s de su coordinador general, Cristian Cuevas, entidad a cargo de la ejecuci\u00f3n de dicho taller, expres\u00f3 la importancia de trabajar con las comunidades de la regi\u00f3n de Arica y Parinacota y de vincularse con las problem\u00e1ticas reales con el fin de entregar soluciones desde la investigaci\u00f3n cient\u00edfica tecnol\u00f3gica.<\/p>\n\n\n\n<p>\u201cEsta regi\u00f3n es un laboratorio natural y capacitado para transferir conocimiento desde la investigaci\u00f3n, por lo anterior, es que como OTL tenemos como objetivo llegar a ser un puente entre la ciencia y tecnolog\u00eda, y los problemas que se presentan en la comunidad y los sectores productivos con el fin de dar soluciones tecnol\u00f3gicas, con un mayor \u00e9nfasis en la agricultura, por supuesto, dada la vocaci\u00f3n de Arica y Parinacota, considerando su eje productivo\u201d, coment\u00f3 el coordinador general de la Oficina de Innovaci\u00f3n y Transferencia Tecnol\u00f3gica en la UTA.<\/p>\n","protected":false},"excerpt":{"rendered":"<p>Curso que entreg\u00f3 conocimientos b\u00e1sicos sobre energ\u00eda solar y sus aplicaciones en sectores productivos de ganader\u00eda y agricultura vinculados a las comunidades ind\u00edgenas locales dej\u00f3 satisfechos a sus asistentes y esperan darle continuidad y retomar a futuro para seguir profundizando la materia. <\/p>\n","protected":false},"author":1,"featured_media":33203,"comment_status":"open","ping_status":"open","sticky":false,"template":"","format":"standard","meta":[],"categories":[51],"tags":[],"_links":{"self":[{"href":"https:\/\/www.uta.cl\/index.php\/wp-json\/wp\/v2\/posts\/33202"}],"collection":[{"href":"https:\/\/www.uta.cl\/index.php\/wp-json\/wp\/v2\/posts"}],"about":[{"href":"https:\/\/www.uta.cl\/index.php\/wp-json\/wp\/v2\/types\/post"}],"author":[{"embeddable":true,"href":"https:\/\/www.uta.cl\/index.php\/wp-json\/wp\/v2\/users\/1"}],"replies":[{"embeddable":true,"href":"https:\/\/www.uta.cl\/index.php\/wp-json\/wp\/v2\/comments?post=33202"}],"version-history":[{"count":1,"href":"https:\/\/www.uta.cl\/index.php\/wp-json\/wp\/v2\/posts\/33202\/revisions"}],"predecessor-version":[{"id":33204,"href":"https:\/\/www.uta.cl\/index.php\/wp-json\/wp\/v2\/posts\/33202\/revisions\/33204"}],"wp:featuredmedia":[{"embeddable":true,"href":"https:\/\/www.uta.cl\/index.php\/wp-json\/wp\/v2\/media\/33203"}],"wp:attachment":[{"href":"https:\/\/www.uta.cl\/index.php\/wp-json\/wp\/v2\/media?parent=33202"}],"wp:term":[{"taxonomy":"category","embeddable":true,"href":"https:\/\/www.uta.cl\/index.php\/wp-json\/wp\/v2\/categories?post=33202"},{"taxonomy":"post_tag","embeddable":true,"href":"https:\/\/www.uta.cl\/index.php\/wp-json\/wp\/v2\/tags?post=33202"}],"curies":[{"name":"wp","href":"https:\/\/api.w.org\/{rel}","templated":true}]}}