{"id":33198,"date":"2021-11-23T20:19:06","date_gmt":"2021-11-23T20:19:06","guid":{"rendered":"https:\/\/www.uta.cl\/?p=33198"},"modified":"2021-11-23T20:19:06","modified_gmt":"2021-11-23T20:19:06","slug":"decano-jorge-lagos-caamano-dictara-conferencia-magistral-en-el-xii-congreso-internacional-chileno-de-semiotica","status":"publish","type":"post","link":"https:\/\/www.uta.cl\/index.php\/2021\/11\/23\/decano-jorge-lagos-caamano-dictara-conferencia-magistral-en-el-xii-congreso-internacional-chileno-de-semiotica\/","title":{"rendered":"Decano Jorge Lagos Caama\u00f1o dictar\u00e1 conferencia magistral en el XII Congreso Internacional Chileno de Semi\u00f3tica"},"content":{"rendered":"\n<p>\u201cEl papel de la semi\u00f3tica en el marco de una sociedad en transformaci\u00f3n\u201d es la tem\u00e1tica que engloba al XII Congreso Internacional Chileno de Semi\u00f3tica, organizado por la Asociaci\u00f3n Chilena de Semi\u00f3tica y el Departamento de Ciencias de la Comunicaci\u00f3n de la Universidad Cat\u00f3lica de la Sant\u00edsima Concepci\u00f3n (UCSC), Campus San Andr\u00e9s, Concepci\u00f3n, Chile.<\/p>\n\n\n\n<div class=\"wp-block-image\"><figure class=\"aligncenter size-large is-resized\"><a href=\"https:\/\/www.uta.cl\/wp-content\/uploads\/2021\/11\/Jorge-Lagos-Caamano.jpg\"><img loading=\"lazy\" src=\"https:\/\/www.uta.cl\/wp-content\/uploads\/2021\/11\/Jorge-Lagos-Caamano.jpg\" alt=\"\" class=\"wp-image-33199\" width=\"384\" height=\"255\" srcset=\"https:\/\/www.uta.cl\/wp-content\/uploads\/2021\/11\/Jorge-Lagos-Caamano.jpg 800w, https:\/\/www.uta.cl\/wp-content\/uploads\/2021\/11\/Jorge-Lagos-Caamano-300x200.jpg 300w, https:\/\/www.uta.cl\/wp-content\/uploads\/2021\/11\/Jorge-Lagos-Caamano-768x512.jpg 768w\" sizes=\"(max-width: 384px) 100vw, 384px\" \/><\/a><\/figure><\/div>\n\n\n\n<p>Bajo este contexto, el viernes 26 de noviembre, a partir de las 12:10 horas, el decano de la Facultad de Educaci\u00f3n y Humanidades (FEH) de la Universidad de Tarapac\u00e1, Dr. Jorge Lagos Caama\u00f1o, ofrecer\u00e1 la Conferencia de Cierre \u201cAproximaci\u00f3n semiol\u00f3gica al proceso de comprensi\u00f3n lectora\u201d. Para la autoridad universitaria \u201cla actualizaci\u00f3n de un texto no tan solo es una actividad ling\u00fc\u00edstica, sino es un proceso de interpretaci\u00f3n semiol\u00f3gico condicionado por la enciclopedia o el acervo cultural del lector. Un texto no es solo ling\u00fc\u00edstico, cualquier tipo de otro fen\u00f3meno es susceptible de ser decodificado o le\u00eddo. La semiolog\u00eda, incluyendo lo ling\u00fc\u00edstico, va m\u00e1s all\u00e1 del mismo\u201d, dijo.<\/p>\n\n\n\n<p>Cuando se habla de semiosis, dicho acto se genera en la base de todas las disciplinas, no es de dominio exclusivo. Sin embargo, la semi\u00f3tica le otorga sentido a todo lo visto, escrito o escuchado, asociada a una conciencia cr\u00edtica y a una discursividad anclada en lo hist\u00f3rico, social y cultural, cuesti\u00f3n que no anula otras realidades s\u00edgnicas. Por el contrario, las realza y les da proyecci\u00f3n.<\/p>\n\n\n\n<p>Los organizadores afirman que el XII Congreso Internacional Chileno de Semi\u00f3tica 2021 \u201cbusca constituirse en un espacio de discusi\u00f3n, an\u00e1lisis e interpretaci\u00f3n del conjunto de fen\u00f3menos s\u00edgnicos que van modelando los universos de sentido vinculados a los \u00f3rdenes sociales, pol\u00edticos, econ\u00f3micos y culturales propios del siglo XXI, y que organizan estrat\u00e9gicamente la semi\u00f3sfera contempor\u00e1nea\u201d.<\/p>\n\n\n\n<p>Los ejes tem\u00e1ticos que contemplar\u00e1 este congreso internacional son: Semi\u00f3tica y globalizaci\u00f3n \/ desglobalizaci\u00f3n; semi\u00f3tica del espacio; semi\u00f3tica y entorno tecnol\u00f3gico; semi\u00f3tica de la comunicaci\u00f3n mediada; semi\u00f3tica y territorializaci\u00f3n \/ desterritorializaci\u00f3n; semi\u00f3ticas y educaci\u00f3n; semi\u00f3tica y est\u00e9tica; semi\u00f3ticas del cuerpo; semi\u00f3tica y literatura; semi\u00f3tica y g\u00e9nero; y semi\u00f3tica: disciplinariedad, interdisciplinariedad, transdisciplinariedad.<\/p>\n\n\n\n<div class=\"wp-block-file\"><a href=\"https:\/\/www.uta.cl\/wp-content\/uploads\/2021\/11\/Programa-XII-Congreso-Internacional-Chileno-de-Semiotica.pdf\">Programa XII Congreso Internacional Chileno de Semiotica<\/a><a href=\"https:\/\/www.uta.cl\/wp-content\/uploads\/2021\/11\/Programa-XII-Congreso-Internacional-Chileno-de-Semiotica.pdf\" class=\"wp-block-file__button\" download>Descarga<\/a><\/div>\n","protected":false},"excerpt":{"rendered":"<p>La actividad se realizar\u00e1 los d\u00edas 24, 25 y 26 de noviembre y debido a la situaci\u00f3n de emergencia sanitaria por la pandemia Covid-19, se realizar\u00e1 en modalidad virtual desde Concepci\u00f3n, Octava Regi\u00f3n del Biob\u00edo.<\/p>\n","protected":false},"author":1,"featured_media":33199,"comment_status":"open","ping_status":"open","sticky":false,"template":"","format":"standard","meta":[],"categories":[32,51],"tags":[],"_links":{"self":[{"href":"https:\/\/www.uta.cl\/index.php\/wp-json\/wp\/v2\/posts\/33198"}],"collection":[{"href":"https:\/\/www.uta.cl\/index.php\/wp-json\/wp\/v2\/posts"}],"about":[{"href":"https:\/\/www.uta.cl\/index.php\/wp-json\/wp\/v2\/types\/post"}],"author":[{"embeddable":true,"href":"https:\/\/www.uta.cl\/index.php\/wp-json\/wp\/v2\/users\/1"}],"replies":[{"embeddable":true,"href":"https:\/\/www.uta.cl\/index.php\/wp-json\/wp\/v2\/comments?post=33198"}],"version-history":[{"count":1,"href":"https:\/\/www.uta.cl\/index.php\/wp-json\/wp\/v2\/posts\/33198\/revisions"}],"predecessor-version":[{"id":33201,"href":"https:\/\/www.uta.cl\/index.php\/wp-json\/wp\/v2\/posts\/33198\/revisions\/33201"}],"wp:featuredmedia":[{"embeddable":true,"href":"https:\/\/www.uta.cl\/index.php\/wp-json\/wp\/v2\/media\/33199"}],"wp:attachment":[{"href":"https:\/\/www.uta.cl\/index.php\/wp-json\/wp\/v2\/media?parent=33198"}],"wp:term":[{"taxonomy":"category","embeddable":true,"href":"https:\/\/www.uta.cl\/index.php\/wp-json\/wp\/v2\/categories?post=33198"},{"taxonomy":"post_tag","embeddable":true,"href":"https:\/\/www.uta.cl\/index.php\/wp-json\/wp\/v2\/tags?post=33198"}],"curies":[{"name":"wp","href":"https:\/\/api.w.org\/{rel}","templated":true}]}}