{"id":33048,"date":"2021-11-09T19:15:21","date_gmt":"2021-11-09T19:15:21","guid":{"rendered":"https:\/\/www.uta.cl\/?p=33048"},"modified":"2021-11-09T19:15:21","modified_gmt":"2021-11-09T19:15:21","slug":"proyecto-nodo-mzn-abordara-desafios-del-cambio-climatico-en-taller-capital-natural","status":"publish","type":"post","link":"https:\/\/www.uta.cl\/index.php\/2021\/11\/09\/proyecto-nodo-mzn-abordara-desafios-del-cambio-climatico-en-taller-capital-natural\/","title":{"rendered":"Proyecto Nodo MZN abordar\u00e1 desaf\u00edos del Cambio Clim\u00e1tico en Taller Capital Natural"},"content":{"rendered":"\n<div class=\"wp-block-image\"><figure class=\"alignleft size-large is-resized\"><a href=\"https:\/\/www.uta.cl\/wp-content\/uploads\/2021\/11\/AFICHE-NODO-1.jpg\"><img loading=\"lazy\" src=\"https:\/\/www.uta.cl\/wp-content\/uploads\/2021\/11\/AFICHE-NODO-1.jpg\" alt=\"\" class=\"wp-image-33050\" width=\"299\" height=\"374\" srcset=\"https:\/\/www.uta.cl\/wp-content\/uploads\/2021\/11\/AFICHE-NODO-1.jpg 800w, https:\/\/www.uta.cl\/wp-content\/uploads\/2021\/11\/AFICHE-NODO-1-240x300.jpg 240w, https:\/\/www.uta.cl\/wp-content\/uploads\/2021\/11\/AFICHE-NODO-1-768x960.jpg 768w\" sizes=\"(max-width: 299px) 100vw, 299px\" \/><\/a><\/figure><\/div>\n\n\n\n<p>\u00bfC\u00f3mo enfrentar los desaf\u00edos medioambientales a trav\u00e9s de la CTCI? Ser\u00e1 uno de los temas centrales del Taller Capital Natural, encuentro online que abordar\u00e1 las estrategias y creaci\u00f3n de un comit\u00e9 encargado de responder a las urgentes necesidades planteadas por los paneles Intergubernamental sobre Cambio Clim\u00e1tico de las Naciones Unidas (IPCC) y el de la protecci\u00f3n de la biodiversidad (IPBES).<\/p>\n\n\n\n<p>El encuentro se realizar\u00e1 este jueves 11 de noviembre a las 15:30 horas v\u00eda Zoom, y est\u00e1 dirigido a actores claves de la comunidad cient\u00edfica del norte del pa\u00eds, con el objetivo hacerlos part\u00edcipes del \u201cProyecto Nodo CTCI Macrozona Norte: Una carta de navegaci\u00f3n para el desarrollo desde los territorios\u201d.<\/p>\n\n\n\n<p>Las tem\u00e1ticas espec\u00edficas para abordar ser\u00e1n la formaci\u00f3n del Comit\u00e9 de Capital Natural en Chile y la construcci\u00f3n de la futura Estrategia Nacional de Ciencia, Tecnolog\u00eda, Conocimiento del Consejo Nacional de Innovaci\u00f3n para el Desarrollo. Exposiciones que estar\u00e1n a cargo de Katherine Villarroel y Natalia Mackenzie, directora ejecutiva y asesora de contenido del Consejo Nacional CTCI.<\/p>\n\n\n\n<p>La jornada tendr\u00e1 una metodolog\u00eda expositiva para luego dar paso a un panel de consultas que permita articular las tem\u00e1ticas abordadas con el quehacer del Nodo MZN, incorporando la expertise y los aportes que puedan entregar los asistentes.<\/p>\n\n\n\n<p>Marlene S\u00e1nchez Tapia, directora ejecutiva de la FPCT invit\u00f3 a la comunidad cient\u00edfica y todo el p\u00fablico interesado \u201ca ser parte de esta conversaci\u00f3n, ya que es una tem\u00e1tica transversal que a todos y todas nos convoca, tanto a los actores relevantes de la CTCI como la comunidad en su conjunto, ya que las soluciones que se planteen ante este gran desaf\u00edo deben contar con el conocimiento y las capacidades de nuestras casas de estudio y centros de investigaci\u00f3n, lo cual debe estar en sinton\u00eda con los requerimientos de los territorios que componen nuestra macrozona norte, los que buscamos plasmar a trav\u00e9s del dise\u00f1o de nuestra hoja de ruta que es el eje central de nuestra iniciativa\u201d.<\/p>\n\n\n\n<p>El Taller Capital Natural es gratuito y con cupos limitados, por lo cual los interesados pueden inscribirse en el siguiente formulario:<\/p>\n\n\n\n<p><a href=\"https:\/\/docs.google.com\/forms\/d\/e\/1FAIpQLSfBdImZYXaynaZx7xTV6HFCTik77axjUigC5g_0I-PlnHkTQQ\/viewform\">https:\/\/docs.google.com\/forms\/d\/e\/1FAIpQLSfBdImZYXaynaZx7xTV6HFCTik77axjUigC5g_0I-PlnHkTQQ\/viewform<\/a><\/p>\n\n\n\n<p>El Proyecto Nodo MZN trabaja en el dise\u00f1o de una hoja de ruta a trav\u00e9s de una metodolog\u00eda participativa, convocando a representantes de las Regiones de Arica y Parinacota, Tarapac\u00e1, Antofagasta y Atacama, para analizar brechas y oportunidades que permitan acelerar el desarrollo de las CTCI en torno a los sectores prioritarios como del territorio como: agricultura del desierto, miner\u00eda sustentable, energ\u00edas renovables, recursos h\u00eddricos, astronom\u00eda y diversificaci\u00f3n productiva.<\/p>\n\n\n\n<figure class=\"wp-block-gallery columns-2 is-cropped\"><ul class=\"blocks-gallery-grid\"><li class=\"blocks-gallery-item\"><figure><a href=\"https:\/\/www.uta.cl\/wp-content\/uploads\/2021\/11\/2.jpg\"><img loading=\"lazy\" width=\"1000\" height=\"563\" src=\"https:\/\/www.uta.cl\/wp-content\/uploads\/2021\/11\/2.jpg\" alt=\"\" data-id=\"33049\" data-full-url=\"https:\/\/www.uta.cl\/wp-content\/uploads\/2021\/11\/2.jpg\" data-link=\"https:\/\/www.uta.cl\/?attachment_id=33049\" class=\"wp-image-33049\" srcset=\"https:\/\/www.uta.cl\/wp-content\/uploads\/2021\/11\/2.jpg 1000w, https:\/\/www.uta.cl\/wp-content\/uploads\/2021\/11\/2-300x169.jpg 300w, https:\/\/www.uta.cl\/wp-content\/uploads\/2021\/11\/2-768x432.jpg 768w\" sizes=\"(max-width: 1000px) 100vw, 1000px\" \/><\/a><\/figure><\/li><li class=\"blocks-gallery-item\"><figure><a href=\"https:\/\/www.uta.cl\/wp-content\/uploads\/2021\/11\/1-1.jpg\"><img loading=\"lazy\" width=\"1000\" height=\"563\" src=\"https:\/\/www.uta.cl\/wp-content\/uploads\/2021\/11\/1-1.jpg\" alt=\"\" data-id=\"33051\" data-full-url=\"https:\/\/www.uta.cl\/wp-content\/uploads\/2021\/11\/1-1.jpg\" data-link=\"https:\/\/www.uta.cl\/?attachment_id=33051\" class=\"wp-image-33051\" srcset=\"https:\/\/www.uta.cl\/wp-content\/uploads\/2021\/11\/1-1.jpg 1000w, https:\/\/www.uta.cl\/wp-content\/uploads\/2021\/11\/1-1-300x169.jpg 300w, https:\/\/www.uta.cl\/wp-content\/uploads\/2021\/11\/1-1-768x432.jpg 768w\" sizes=\"(max-width: 1000px) 100vw, 1000px\" \/><\/a><\/figure><\/li><\/ul><\/figure>\n","protected":false},"excerpt":{"rendered":"<p>Encuentro es organizado por la Fundaci\u00f3n Parque Cient\u00edfico Tecnol\u00f3gico de la Universidad Cat\u00f3lica del Norte (FPCT), ejecutor del Proyecto Nodo Macrozona Norte de Ciencia, Tecnolog\u00eda, Conocimiento e Innovaci\u00f3n; junto a la Agencia Nacional de Investigaci\u00f3n y Desarrollo (ANID) y el Consejo Nacional de Innovaci\u00f3n para el Desarrollo.<\/p>\n","protected":false},"author":1,"featured_media":33050,"comment_status":"open","ping_status":"open","sticky":false,"template":"","format":"standard","meta":[],"categories":[51],"tags":[],"_links":{"self":[{"href":"https:\/\/www.uta.cl\/index.php\/wp-json\/wp\/v2\/posts\/33048"}],"collection":[{"href":"https:\/\/www.uta.cl\/index.php\/wp-json\/wp\/v2\/posts"}],"about":[{"href":"https:\/\/www.uta.cl\/index.php\/wp-json\/wp\/v2\/types\/post"}],"author":[{"embeddable":true,"href":"https:\/\/www.uta.cl\/index.php\/wp-json\/wp\/v2\/users\/1"}],"replies":[{"embeddable":true,"href":"https:\/\/www.uta.cl\/index.php\/wp-json\/wp\/v2\/comments?post=33048"}],"version-history":[{"count":1,"href":"https:\/\/www.uta.cl\/index.php\/wp-json\/wp\/v2\/posts\/33048\/revisions"}],"predecessor-version":[{"id":33052,"href":"https:\/\/www.uta.cl\/index.php\/wp-json\/wp\/v2\/posts\/33048\/revisions\/33052"}],"wp:featuredmedia":[{"embeddable":true,"href":"https:\/\/www.uta.cl\/index.php\/wp-json\/wp\/v2\/media\/33050"}],"wp:attachment":[{"href":"https:\/\/www.uta.cl\/index.php\/wp-json\/wp\/v2\/media?parent=33048"}],"wp:term":[{"taxonomy":"category","embeddable":true,"href":"https:\/\/www.uta.cl\/index.php\/wp-json\/wp\/v2\/categories?post=33048"},{"taxonomy":"post_tag","embeddable":true,"href":"https:\/\/www.uta.cl\/index.php\/wp-json\/wp\/v2\/tags?post=33048"}],"curies":[{"name":"wp","href":"https:\/\/api.w.org\/{rel}","templated":true}]}}