{"id":32986,"date":"2021-11-04T18:20:08","date_gmt":"2021-11-04T18:20:08","guid":{"rendered":"https:\/\/www.uta.cl\/?p=32986"},"modified":"2021-11-04T18:20:08","modified_gmt":"2021-11-04T18:20:08","slug":"jornadas-triestamentales-para-la-elaboracion-de-la-politica-integral-contra-el-acoso-sexual-la-violencia-y-la-discriminacion-de-genero","status":"publish","type":"post","link":"https:\/\/www.uta.cl\/index.php\/2021\/11\/04\/jornadas-triestamentales-para-la-elaboracion-de-la-politica-integral-contra-el-acoso-sexual-la-violencia-y-la-discriminacion-de-genero\/","title":{"rendered":"Jornadas Triestamentales para la elaboraci\u00f3n de la pol\u00edtica integral contra el acoso sexual, la violencia y la discriminaci\u00f3n de g\u00e9nero"},"content":{"rendered":"\n<p>La Direcci\u00f3n de Equidad de G\u00e9nero, DEGEN, en el marco de la implementaci\u00f3n de la Ley 21.369 que regula el acoso sexual, la discriminaci\u00f3n, y la violencia de g\u00e9nero en la educaci\u00f3n superior, convoca a todas y todos los integrantes de la comunidad universitaria a las jornadas triestamentales para la elaboraci\u00f3n de la pol\u00edtica integral contra el acoso sexual, la violencia y la discriminaci\u00f3n de g\u00e9nero, que se realizar\u00e1n los d\u00edas 16, 17 y 18 de noviembre 2021 a las 9:00 hasta 12.30 hrs en modalidad virtual.<\/p>\n\n\n\n<figure class=\"wp-block-image size-large\"><img loading=\"lazy\" width=\"987\" height=\"633\" src=\"https:\/\/www.uta.cl\/wp-content\/uploads\/2021\/11\/83bde641-953c-4909-af5a-f6c1866f9638.jpg\" alt=\"\" class=\"wp-image-32987\" srcset=\"https:\/\/www.uta.cl\/wp-content\/uploads\/2021\/11\/83bde641-953c-4909-af5a-f6c1866f9638.jpg 987w, https:\/\/www.uta.cl\/wp-content\/uploads\/2021\/11\/83bde641-953c-4909-af5a-f6c1866f9638-300x192.jpg 300w, https:\/\/www.uta.cl\/wp-content\/uploads\/2021\/11\/83bde641-953c-4909-af5a-f6c1866f9638-768x493.jpg 768w\" sizes=\"(max-width: 987px) 100vw, 987px\" \/><\/figure>\n\n\n\n<p>El objetivo de estas jornadas es la elaboraci\u00f3n de la pol\u00edtica integral orientada a prevenir, investigar, sancionar y erradicar el acoso sexual, la violencia y la discriminaci\u00f3n de g\u00e9nero, as\u00ed como de dos modelos, uno de prevenci\u00f3n y otro de investigaci\u00f3n y sanci\u00f3n, que contemplen las acciones necesarias para la promoci\u00f3n de espacios universitarios libres de violencia de g\u00e9nero.<\/p>\n\n\n\n<p>Es importante contar con la m\u00e1s amplia participaci\u00f3n de todos los estamentos para garantizar la construcci\u00f3n de acciones representativas, relevantes y efectivas para nuestra comunidad universitaria, por lo que les invitamos a ser parte de este proceso, inscribi\u00e9ndose en el siguiente link:<\/p>\n\n\n\n<p><a href=\"https:\/\/forms.gle\/hWcxrPfDEtP17YHS7\">https:\/\/forms.gle\/hWcxrPfDEtP17YHS7<\/a><\/p>\n\n\n\n<p>El plazo de inscripci\u00f3n se extender\u00e1 hasta el d\u00eda 12 de noviembre de 2021.<\/p>\n\n\n\n<p>Consultas e informaci\u00f3n en otesta@gestion.uta.cl<\/p>\n","protected":false},"excerpt":{"rendered":"<p>La Direcci\u00f3n de Equidad de G\u00e9nero, DEGEN, en el marco de la implementaci\u00f3n de la Ley 21.369 que regula el acoso sexual, la discriminaci\u00f3n, y la violencia de g\u00e9nero en la educaci\u00f3n superior, convoca a todas y todos los integrantes de la comunidad universitaria a las jornadas triestamentales para la elaboraci\u00f3n de la pol\u00edtica integral [&hellip;]<\/p>\n","protected":false},"author":1,"featured_media":32987,"comment_status":"open","ping_status":"open","sticky":false,"template":"","format":"standard","meta":[],"categories":[45],"tags":[],"_links":{"self":[{"href":"https:\/\/www.uta.cl\/index.php\/wp-json\/wp\/v2\/posts\/32986"}],"collection":[{"href":"https:\/\/www.uta.cl\/index.php\/wp-json\/wp\/v2\/posts"}],"about":[{"href":"https:\/\/www.uta.cl\/index.php\/wp-json\/wp\/v2\/types\/post"}],"author":[{"embeddable":true,"href":"https:\/\/www.uta.cl\/index.php\/wp-json\/wp\/v2\/users\/1"}],"replies":[{"embeddable":true,"href":"https:\/\/www.uta.cl\/index.php\/wp-json\/wp\/v2\/comments?post=32986"}],"version-history":[{"count":1,"href":"https:\/\/www.uta.cl\/index.php\/wp-json\/wp\/v2\/posts\/32986\/revisions"}],"predecessor-version":[{"id":32988,"href":"https:\/\/www.uta.cl\/index.php\/wp-json\/wp\/v2\/posts\/32986\/revisions\/32988"}],"wp:featuredmedia":[{"embeddable":true,"href":"https:\/\/www.uta.cl\/index.php\/wp-json\/wp\/v2\/media\/32987"}],"wp:attachment":[{"href":"https:\/\/www.uta.cl\/index.php\/wp-json\/wp\/v2\/media?parent=32986"}],"wp:term":[{"taxonomy":"category","embeddable":true,"href":"https:\/\/www.uta.cl\/index.php\/wp-json\/wp\/v2\/categories?post=32986"},{"taxonomy":"post_tag","embeddable":true,"href":"https:\/\/www.uta.cl\/index.php\/wp-json\/wp\/v2\/tags?post=32986"}],"curies":[{"name":"wp","href":"https:\/\/api.w.org\/{rel}","templated":true}]}}