{"id":32763,"date":"2021-10-19T19:59:36","date_gmt":"2021-10-19T19:59:36","guid":{"rendered":"https:\/\/www.uta.cl\/?p=32763"},"modified":"2021-10-25T13:25:47","modified_gmt":"2021-10-25T13:25:47","slug":"carrera-de-pedagogia-en-educacion-diferencial-de-la-uta-se-reune-con-director-de-departamento-provincial-de-educacion-y-la-coordinadora-regional-de-educacion-diferencial","status":"publish","type":"post","link":"https:\/\/www.uta.cl\/index.php\/2021\/10\/19\/carrera-de-pedagogia-en-educacion-diferencial-de-la-uta-se-reune-con-director-de-departamento-provincial-de-educacion-y-la-coordinadora-regional-de-educacion-diferencial\/","title":{"rendered":"Carrera de Pedagog\u00eda en Educaci\u00f3n Diferencial de la UTA se re\u00fane con Director de Departamento Provincial de Educaci\u00f3n y la Coordinadora Regional de Educaci\u00f3n Diferencial"},"content":{"rendered":"\n<p>La Carrera de Pedagog\u00eda en Educaci\u00f3n Diferencial de la Universidad de Tarapac\u00e1, particip\u00f3 en una significativa reuni\u00f3n con el Director del Departamento Provincial de Educaci\u00f3n, Francisco Valcarce Llancapich\u00fan y la Coordinadora Regional de Educaci\u00f3n Diferencial de Arica y Parinacota, Carolina Sanzana. Al encuentro participaron de la Jefa de Carrera de Pedagog\u00eda en Educaci\u00f3n Diferencial, profesora Carolina Ar\u00e9valo Lancellotti y los acad\u00e9micos, Issia Gonz\u00e1lez Cuni y Ascencio Maldonado Guerra.<\/p>\n\n\n\n<div class=\"wp-block-image\"><figure class=\"aligncenter size-large\"><a href=\"https:\/\/www.uta.cl\/wp-content\/uploads\/2021\/10\/portada.jpg\"><img loading=\"lazy\" width=\"542\" height=\"250\" src=\"https:\/\/www.uta.cl\/wp-content\/uploads\/2021\/10\/portada.jpg\" alt=\"\" class=\"wp-image-32764\" srcset=\"https:\/\/www.uta.cl\/wp-content\/uploads\/2021\/10\/portada.jpg 542w, https:\/\/www.uta.cl\/wp-content\/uploads\/2021\/10\/portada-300x138.jpg 300w\" sizes=\"(max-width: 542px) 100vw, 542px\" \/><\/a><\/figure><\/div>\n\n\n\n<p>El objetivo del encuentro con las autoridades escolares, fue articular un mecanismo para establecer un sistema de comunicaci\u00f3n mutua entre el Departamento Provincial de Educaci\u00f3n y la carrera de Profesor de Educaci\u00f3n Diferencial, generando lazos t\u00e9cnicos y permanentes referidos a los avances de la Educaci\u00f3n Diferencial en el pa\u00eds, participando de las gestiones comunicativas del Ministerio de Educaci\u00f3n y de las actividades de difusi\u00f3n hacia los establecimientos educacionales, favoreciendo as\u00ed a los futuros profesionales que se encuentran en proceso de formaci\u00f3n &nbsp;la Universidad de Tarapac\u00e1.<\/p>\n\n\n\n<p>Relacionado con los estudiantes de la carrera, se propuso un an\u00e1lisis para decidir la necesidad de elaborar y legitimar un convenio de colaboraci\u00f3n mutua relacionado con las actividades de pr\u00e1ctica que desarrollar\u00e1n los estudiantes y el desarrollo de tem\u00e1ticas relacionadas con su \u00e1mbito profesional.<\/p>\n\n\n\n<p>El desarrollo de la sesi\u00f3n se caracteriz\u00f3 por la excelente disposici\u00f3n de la autoridad provincial, para disponer acuerdos de colaboraci\u00f3n mutua relacionada con la propuesta de ejecuci\u00f3n de la pr\u00e1ctica estudiantil en los establecimientos de la localidad, estudiar la posibilidad de habilitaci\u00f3n docente, aclarar aplicaci\u00f3n disposiciones legales respecto a Diagn\u00f3stico Psicopedag\u00f3gico, estudiar el proceso de planificaci\u00f3n de la intervenci\u00f3n psicopedag\u00f3gica post diagn\u00f3stico, analizar intervenci\u00f3n psicopedag\u00f3gica en educaci\u00f3n media y considerar la incorporaci\u00f3n del \u00e1mbito investigativo&nbsp; en las actividades curriculares de los estudiantes de la carrera.<\/p>\n\n\n\n<p>Se dio t\u00e9rmino a la reuni\u00f3n manifest\u00e1ndose la excelente voluntad de hacer efectivos los acuerdos de mutua colaboraci\u00f3n que se coordinar\u00e1n oportunamente.<\/p>\n","protected":false},"excerpt":{"rendered":"<p>El objetivo del encuentro fue articular un mecanismo para establecer un sistema de comunicaci\u00f3n mutua entre el Departamento Provincial de Educaci\u00f3n y la carrera de Profesor de Educaci\u00f3n Diferencial, generando lazos t\u00e9cnicos y permanentes referidos a los avances de la Educaci\u00f3n Diferencial en el pa\u00eds.<\/p>\n","protected":false},"author":1,"featured_media":32764,"comment_status":"open","ping_status":"open","sticky":false,"template":"","format":"standard","meta":[],"categories":[32,102],"tags":[],"_links":{"self":[{"href":"https:\/\/www.uta.cl\/index.php\/wp-json\/wp\/v2\/posts\/32763"}],"collection":[{"href":"https:\/\/www.uta.cl\/index.php\/wp-json\/wp\/v2\/posts"}],"about":[{"href":"https:\/\/www.uta.cl\/index.php\/wp-json\/wp\/v2\/types\/post"}],"author":[{"embeddable":true,"href":"https:\/\/www.uta.cl\/index.php\/wp-json\/wp\/v2\/users\/1"}],"replies":[{"embeddable":true,"href":"https:\/\/www.uta.cl\/index.php\/wp-json\/wp\/v2\/comments?post=32763"}],"version-history":[{"count":1,"href":"https:\/\/www.uta.cl\/index.php\/wp-json\/wp\/v2\/posts\/32763\/revisions"}],"predecessor-version":[{"id":32765,"href":"https:\/\/www.uta.cl\/index.php\/wp-json\/wp\/v2\/posts\/32763\/revisions\/32765"}],"wp:featuredmedia":[{"embeddable":true,"href":"https:\/\/www.uta.cl\/index.php\/wp-json\/wp\/v2\/media\/32764"}],"wp:attachment":[{"href":"https:\/\/www.uta.cl\/index.php\/wp-json\/wp\/v2\/media?parent=32763"}],"wp:term":[{"taxonomy":"category","embeddable":true,"href":"https:\/\/www.uta.cl\/index.php\/wp-json\/wp\/v2\/categories?post=32763"},{"taxonomy":"post_tag","embeddable":true,"href":"https:\/\/www.uta.cl\/index.php\/wp-json\/wp\/v2\/tags?post=32763"}],"curies":[{"name":"wp","href":"https:\/\/api.w.org\/{rel}","templated":true}]}}