{"id":32654,"date":"2021-10-08T15:02:27","date_gmt":"2021-10-08T15:02:27","guid":{"rendered":"https:\/\/www.uta.cl\/?p=32654"},"modified":"2021-10-12T19:19:06","modified_gmt":"2021-10-12T19:19:06","slug":"uta-y-fundacion-katy-summer-invitan-a-universitarios-y-a-escolares-de-la-region-a-participar-en-conversatorio-ciberacoso-y-salud-mental","status":"publish","type":"post","link":"https:\/\/www.uta.cl\/index.php\/2021\/10\/08\/uta-y-fundacion-katy-summer-invitan-a-universitarios-y-a-escolares-de-la-region-a-participar-en-conversatorio-ciberacoso-y-salud-mental\/","title":{"rendered":"UTA y Fundaci\u00f3n Katy Summer invitan a universitarios y a escolares de la regi\u00f3n a participar en conversatorio \u201cCiberacoso y Salud Mental\u201d"},"content":{"rendered":"\n<p>La Fundaci\u00f3n Katy Summer, dedica y enfoca su trabajo en las comunidades escolares, trabajando tambi\u00e9n con entidades p\u00fablicas, privadas y otras organizaciones sociales para la prevenci\u00f3n de ciberacoso y suicidio juvenil, brindando acompa\u00f1amiento, gu\u00eda y herramientas de cuidado de salud mental a ni\u00f1os, ni\u00f1as, adolescentes, j\u00f3venes y\/o sus familias que est\u00e1n sufriendo las consecuencias de la ideaci\u00f3n suicida y el acoso escolar. La Fundaci\u00f3n nace en memoria y honor a Katy, quien fue v\u00edctima de un cruel acoso cibern\u00e9tico por parte de sus pares, miembros de una comunidad escolar, y que termina en su suicidio el 22 de mayo de 2018, en un lugar p\u00fablico y lejano a su hogar en la ciudad de Santiago.<\/p>\n\n\n\n<p>En este marco, la Universidad de Tarapac\u00e1 a trav\u00e9s de la Direcci\u00f3n de Extensi\u00f3n y Vinculaci\u00f3n con el Medio y el Observatorio Institucional de Equidad de la Vicerrector\u00eda de Desarrollo Estrat\u00e9gico en conjunto con la Fundaci\u00f3n Katy Sumer, realizar\u00e1n el conversatorio \u201cCiberacoso y Salud Mental\u201d, el martes 12 de octubre, a las 18:00 horas, el cual ser\u00e1 transmitido por el canal institucional de YouTube utaplay https:\/\/www.youtube.com\/watch?v=xsGPSYjkQfM<\/p>\n\n\n\n<p>En el conversatorio participar\u00e1n los padres de Katy, Evanyely Zamorano y Emmanuel Pacheco, creadores de la Fundaci\u00f3n y autores del libro \u201cYo elijo salvar\u201d, instancia en la cual presentar\u00e1n cifras del ciberacoso en tiempos de pandemia y digitalizaci\u00f3n, adem\u00e1s de visibilizar la relevancia de las redes de apoyo y ofrecer la plataforma \u201cSummerUp\u201d, para primeros auxilios psicol\u00f3gicos a j\u00f3venes entre 18 y 25 a\u00f1os, a quienes adem\u00e1s se les invitar\u00e1 a ser voluntarias y voluntarios que puedan interactuar en la red y dar su opini\u00f3n sobre dicho proyecto.<\/p>\n\n\n\n<div class=\"wp-block-image\"><figure class=\"aligncenter size-large\"><a href=\"https:\/\/www.uta.cl\/wp-content\/uploads\/2021\/10\/FinalCbermen.jpg\"><img loading=\"lazy\" width=\"1000\" height=\"1000\" src=\"https:\/\/www.uta.cl\/wp-content\/uploads\/2021\/10\/FinalCbermen.jpg\" alt=\"\" class=\"wp-image-32655\" srcset=\"https:\/\/www.uta.cl\/wp-content\/uploads\/2021\/10\/FinalCbermen.jpg 1000w, https:\/\/www.uta.cl\/wp-content\/uploads\/2021\/10\/FinalCbermen-300x300.jpg 300w, https:\/\/www.uta.cl\/wp-content\/uploads\/2021\/10\/FinalCbermen-150x150.jpg 150w, https:\/\/www.uta.cl\/wp-content\/uploads\/2021\/10\/FinalCbermen-768x768.jpg 768w\" sizes=\"(max-width: 1000px) 100vw, 1000px\" \/><\/a><\/figure><\/div>\n","protected":false},"excerpt":{"rendered":"<p>El martes 12 de octubre, a las 18:00 horas en el canal de YouTube utaplay.<\/p>\n","protected":false},"author":1,"featured_media":32656,"comment_status":"open","ping_status":"open","sticky":false,"template":"","format":"standard","meta":[],"categories":[104,53],"tags":[],"_links":{"self":[{"href":"https:\/\/www.uta.cl\/index.php\/wp-json\/wp\/v2\/posts\/32654"}],"collection":[{"href":"https:\/\/www.uta.cl\/index.php\/wp-json\/wp\/v2\/posts"}],"about":[{"href":"https:\/\/www.uta.cl\/index.php\/wp-json\/wp\/v2\/types\/post"}],"author":[{"embeddable":true,"href":"https:\/\/www.uta.cl\/index.php\/wp-json\/wp\/v2\/users\/1"}],"replies":[{"embeddable":true,"href":"https:\/\/www.uta.cl\/index.php\/wp-json\/wp\/v2\/comments?post=32654"}],"version-history":[{"count":1,"href":"https:\/\/www.uta.cl\/index.php\/wp-json\/wp\/v2\/posts\/32654\/revisions"}],"predecessor-version":[{"id":32657,"href":"https:\/\/www.uta.cl\/index.php\/wp-json\/wp\/v2\/posts\/32654\/revisions\/32657"}],"wp:featuredmedia":[{"embeddable":true,"href":"https:\/\/www.uta.cl\/index.php\/wp-json\/wp\/v2\/media\/32656"}],"wp:attachment":[{"href":"https:\/\/www.uta.cl\/index.php\/wp-json\/wp\/v2\/media?parent=32654"}],"wp:term":[{"taxonomy":"category","embeddable":true,"href":"https:\/\/www.uta.cl\/index.php\/wp-json\/wp\/v2\/categories?post=32654"},{"taxonomy":"post_tag","embeddable":true,"href":"https:\/\/www.uta.cl\/index.php\/wp-json\/wp\/v2\/tags?post=32654"}],"curies":[{"name":"wp","href":"https:\/\/api.w.org\/{rel}","templated":true}]}}