{"id":32550,"date":"2021-09-30T14:06:32","date_gmt":"2021-09-30T14:06:32","guid":{"rendered":"https:\/\/www.uta.cl\/?p=32550"},"modified":"2021-09-30T14:06:32","modified_gmt":"2021-09-30T14:06:32","slug":"rector-sostiene-encuentro-con-centro-de-alumnos-de-la-facultad-de-ingenieria-para-conocer-inquietudes-y-dificultades-ante-retorno-a-clases-presenciales","status":"publish","type":"post","link":"https:\/\/www.uta.cl\/index.php\/2021\/09\/30\/rector-sostiene-encuentro-con-centro-de-alumnos-de-la-facultad-de-ingenieria-para-conocer-inquietudes-y-dificultades-ante-retorno-a-clases-presenciales\/","title":{"rendered":"Rector sostiene encuentro con Centro de Alumnos de la Facultad de Ingenier\u00eda para conocer inquietudes y dificultades ante retorno a clases presenciales"},"content":{"rendered":"\n<p>En el marco de las reuniones sistem\u00e1ticas programadas con los centros de estudiantes de las diferentes unidades acad\u00e9micas, el pasado lunes 06 de septiembre, el Rector de la Universidad de Tarapac\u00e1, Dr. Emilio Rodr\u00edguez Ponce, se reuni\u00f3 con las y los estudiantes pertenecientes a los centros de alumnos de los cuatro departamentos de la Facultad de Ingenier\u00eda, con la finalidad de conocer sus inquietudes y dificultades ante el retorno gradual, progresivo y flexible a las clases presenciales.<\/p>\n\n\n\n<div class=\"wp-block-image\"><figure class=\"aligncenter size-large\"><a href=\"https:\/\/www.uta.cl\/wp-content\/uploads\/2021\/09\/portada-2.jpg\"><img loading=\"lazy\" width=\"663\" height=\"388\" src=\"https:\/\/www.uta.cl\/wp-content\/uploads\/2021\/09\/portada-2.jpg\" alt=\"\" class=\"wp-image-32555\" srcset=\"https:\/\/www.uta.cl\/wp-content\/uploads\/2021\/09\/portada-2.jpg 663w, https:\/\/www.uta.cl\/wp-content\/uploads\/2021\/09\/portada-2-300x176.jpg 300w\" sizes=\"(max-width: 663px) 100vw, 663px\" \/><\/a><\/figure><\/div>\n\n\n\n<p>En esta oportunidad, acompa\u00f1aron a la m\u00e1xima autoridad universitaria, el Vicerrector Acad\u00e9mico (S), Dr. Carlos Leiva Sajuria, el Director de Log\u00edstica, Obras y Operaciones, Jorge C\u00e1ceres Godoy, la Directora de Asuntos Estudiantiles, Dra. Ingrid Fern\u00e1ndez Carvajal, el Decano de la Facultad de Ingenier\u00eda, Alejandro Rodr\u00edguez Estay y el Coordinador de Vinculaci\u00f3n Estudiantil, Juan Trevizan Rispoli.<\/p>\n\n\n\n<p>Por parte del centro de alumnos de la facultad, estuvieron presentes: Dayhana Vergara, Felipe L\u00f3pez, Cristian Bautista, Leyla Choque, Basti\u00e1n Acu\u00f1a, Daniela Yissel Trujillo, Paloma Tapia, Basti\u00e1n Cuevas y B\u00e1rbara Esp\u00edndola.<\/p>\n\n\n\n<p>Al respecto, Basti\u00e1n Acu\u00f1a, del centro de alumnos de la carrera de Ingenier\u00eda Industrial, agradeci\u00f3 la invitaci\u00f3n junto con plantear algunas inquietudes para el regreso a la presencialidad, \u201cnosotros hemos generado instancias de reuni\u00f3n con el decano y nuestro jefe de carrera y posteriormente, con otras carreras en particular, por lo cual hemos tenido la posibilidad de conversar y analizar lo que significa este retorno a la presencialidad. Han surgido varias inquietudes tales como la preocupaci\u00f3n en c\u00f3mo se va a implementar las medidas sanitarias en la Universidad, c\u00f3mo va a ser el funcionamiento de las clases, los aforos, y en temas m\u00e1s particulares, como en el \u00e1mbito acad\u00e9mico respecto a la realizaci\u00f3n de las clases online, si es que un estudiante no tiene la posibilidad de asistir a las clases presenciales por distintos motivos\u201d.<\/p>\n\n\n\n<div class=\"wp-block-image\"><figure class=\"alignleft size-large is-resized\"><a href=\"https:\/\/www.uta.cl\/wp-content\/uploads\/2021\/09\/7-2.jpg\"><img loading=\"lazy\" src=\"https:\/\/www.uta.cl\/wp-content\/uploads\/2021\/09\/7-2.jpg\" alt=\"\" class=\"wp-image-32551\" width=\"352\" height=\"263\" srcset=\"https:\/\/www.uta.cl\/wp-content\/uploads\/2021\/09\/7-2.jpg 980w, https:\/\/www.uta.cl\/wp-content\/uploads\/2021\/09\/7-2-300x224.jpg 300w, https:\/\/www.uta.cl\/wp-content\/uploads\/2021\/09\/7-2-768x574.jpg 768w\" sizes=\"(max-width: 352px) 100vw, 352px\" \/><\/a><\/figure><\/div>\n\n\n\n<p>En este marco, el Director de Log\u00edstica, Obras y Operaciones, Jorge C\u00e1ceres Godoy, se refiri\u00f3 al protocolo sanitario de los espacios y salas de clases: \u201cLos protocolos involucran aspectos principalmente de sanitizaci\u00f3n, los cuales se est\u00e1n efectuando a trav\u00e9s de unos equipos que se adquirieron el a\u00f1o pasado. Cabe indicar que llevamos m\u00e1s de un a\u00f1o realizando sanitizaciones a los diferentes espacios de la Universidad, espacios que estuvieron en uso durante todo este tiempo y, eso se ejecuta semanalmente, con unos equipos que son unas calderas que generan vapor a alta temperatura y presi\u00f3n, permitiendo limpiar el aire y superficies. Todo ello, queda registrado ante el ingreso a cada espacio\u201d.<\/p>\n\n\n\n<p>Agreg\u00f3 que, \u201cdiariamente, un equipo de auxiliares realiza una sanitizaci\u00f3n diaria en zonas de mayor uso y puntos de contacto. Adicionalmente, se cuentan con nebulizadores que permiten, en espacios de mayor uso, generar una nube sanitizadora para complementar todo el proceso de limpieza. Respecto a las clases, Jorge C\u00e1ceres se\u00f1al\u00f3 que, \u201centre clase y clase, el procedimiento indica ventilar los espacios, por lo que se solicita a los profesores poder terminar un poco antes, de manera que se puedan abrir las ventanas y renovar el aire. Es importante se\u00f1alar que est\u00e1n dispuestos en todos los espacios comunes de todos los campus, dispensadores de alcohol gel, adem\u00e1s de la se\u00f1al\u00e9tica necesaria que permiten generar todo este protocolo de cuidado de toda la comunidad acad\u00e9mica\u201d, se\u00f1al\u00f3 el Director de Log\u00edstica, Obras y Operaciones.<\/p>\n\n\n\n<div class=\"wp-block-image\"><figure class=\"alignright size-large is-resized\"><a href=\"https:\/\/www.uta.cl\/wp-content\/uploads\/2021\/09\/13.jpg\"><img loading=\"lazy\" src=\"https:\/\/www.uta.cl\/wp-content\/uploads\/2021\/09\/13.jpg\" alt=\"\" class=\"wp-image-32553\" width=\"351\" height=\"232\" srcset=\"https:\/\/www.uta.cl\/wp-content\/uploads\/2021\/09\/13.jpg 1000w, https:\/\/www.uta.cl\/wp-content\/uploads\/2021\/09\/13-300x198.jpg 300w, https:\/\/www.uta.cl\/wp-content\/uploads\/2021\/09\/13-768x508.jpg 768w\" sizes=\"(max-width: 351px) 100vw, 351px\" \/><\/a><\/figure><\/div>\n\n\n\n<p>En tanto, la m\u00e1xima autoridad universitaria, Dr. Emilio Rodr\u00edguez Ponce, coment\u00f3 que \u201ctodas las preocupaciones son leg\u00edtimas e importantes, por ello, desde la perspectiva de las condiciones de los campus, existe un protocolo sanitario que debemos cumplir al 100 por ciento. Asimismo, nosotros tenemos la obligaci\u00f3n, como funcionarios p\u00fablicos de una instituci\u00f3n universitaria, de llevar a cabo el proceso formativo de la forma en la cual nosotros hemos declarado tanto en nuestro modelo educativo, como en nuestros dise\u00f1os curriculares, esto es de manera presencial\u201d. Respecto a la asistencia a clases de las y los estudiantes, el Rector de la UTA, expres\u00f3 que, \u201clos estudiantes no tienen esta obligaci\u00f3n en aquellas asignaturas que son de c\u00e1tedra y que no tienen asistencia obligatoria, no as\u00ed con los laboratorios y talleres, donde la presencialidad es efectivamente un requerimiento y esperamos que los acad\u00e9micos, lo tomen con la mayor flexibilidad que resulte posible\u201d, expres\u00f3 el Rector de la Universidad de Tarapac\u00e1.<\/p>\n\n\n\n<div class=\"wp-block-image\"><figure class=\"alignleft size-large is-resized\"><a href=\"https:\/\/www.uta.cl\/wp-content\/uploads\/2021\/09\/12.jpg\"><img loading=\"lazy\" src=\"https:\/\/www.uta.cl\/wp-content\/uploads\/2021\/09\/12.jpg\" alt=\"\" class=\"wp-image-32552\" width=\"351\" height=\"229\" srcset=\"https:\/\/www.uta.cl\/wp-content\/uploads\/2021\/09\/12.jpg 1000w, https:\/\/www.uta.cl\/wp-content\/uploads\/2021\/09\/12-300x196.jpg 300w, https:\/\/www.uta.cl\/wp-content\/uploads\/2021\/09\/12-768x502.jpg 768w\" sizes=\"(max-width: 351px) 100vw, 351px\" \/><\/a><\/figure><\/div>\n\n\n\n<p>Por su parte, el Decano de la Facultad de Ingenier\u00eda, Alejandro Rodr\u00edguez Estay, agradeci\u00f3 la oportunidad de conversar con las autoridades universitarias, los estudiantes y jefes de carrera, indicando que, \u201ccuando las y los estudiantes requieran de alguna reuni\u00f3n con el decano s\u00f3lo deben solicitarla. Tenemos la mejor disposici\u00f3n para atender las necesidades que podamos tener de forma particular como facultad\u201d.<\/p>\n\n\n\n<p>Al finalizar el encuentro, el Rector de la Universidad de Tarapac\u00e1, Dr. Emilio Rodr\u00edguez Ponce, agradeci\u00f3 la presencia de las y los asistentes, destacando que, \u201cla realizaci\u00f3n de estas reuniones de manera sistem\u00e1tica son fundamentales llevarlas a cabo con los estudiantes, jefes de carreras y decanos, con la finalidad de ir evaluando qu\u00e9 pasa en cada carrera y asignatura para poder tomar las medidas oportunas y pertinentes\u201d.<\/p>\n\n\n\n<div class=\"wp-block-image\"><figure class=\"aligncenter size-large\"><a href=\"https:\/\/www.uta.cl\/wp-content\/uploads\/2021\/09\/14.jpg\"><img loading=\"lazy\" width=\"991\" height=\"567\" src=\"https:\/\/www.uta.cl\/wp-content\/uploads\/2021\/09\/14.jpg\" alt=\"\" class=\"wp-image-32554\" srcset=\"https:\/\/www.uta.cl\/wp-content\/uploads\/2021\/09\/14.jpg 991w, https:\/\/www.uta.cl\/wp-content\/uploads\/2021\/09\/14-300x172.jpg 300w, https:\/\/www.uta.cl\/wp-content\/uploads\/2021\/09\/14-768x439.jpg 768w\" sizes=\"(max-width: 991px) 100vw, 991px\" \/><\/a><\/figure><\/div>\n","protected":false},"excerpt":{"rendered":"<p>El objetivo de la reuni\u00f3n fue escuchar las dudas, inquietudes y problemas que se visualizan desde la perspectiva de las y los estudiantes y, tambi\u00e9n desde las jefaturas de carrera para el retorno gradual, progresivo y flexible a la presencialidad. <\/p>\n","protected":false},"author":1,"featured_media":32556,"comment_status":"open","ping_status":"open","sticky":false,"template":"","format":"standard","meta":[],"categories":[37],"tags":[],"_links":{"self":[{"href":"https:\/\/www.uta.cl\/index.php\/wp-json\/wp\/v2\/posts\/32550"}],"collection":[{"href":"https:\/\/www.uta.cl\/index.php\/wp-json\/wp\/v2\/posts"}],"about":[{"href":"https:\/\/www.uta.cl\/index.php\/wp-json\/wp\/v2\/types\/post"}],"author":[{"embeddable":true,"href":"https:\/\/www.uta.cl\/index.php\/wp-json\/wp\/v2\/users\/1"}],"replies":[{"embeddable":true,"href":"https:\/\/www.uta.cl\/index.php\/wp-json\/wp\/v2\/comments?post=32550"}],"version-history":[{"count":1,"href":"https:\/\/www.uta.cl\/index.php\/wp-json\/wp\/v2\/posts\/32550\/revisions"}],"predecessor-version":[{"id":32557,"href":"https:\/\/www.uta.cl\/index.php\/wp-json\/wp\/v2\/posts\/32550\/revisions\/32557"}],"wp:featuredmedia":[{"embeddable":true,"href":"https:\/\/www.uta.cl\/index.php\/wp-json\/wp\/v2\/media\/32556"}],"wp:attachment":[{"href":"https:\/\/www.uta.cl\/index.php\/wp-json\/wp\/v2\/media?parent=32550"}],"wp:term":[{"taxonomy":"category","embeddable":true,"href":"https:\/\/www.uta.cl\/index.php\/wp-json\/wp\/v2\/categories?post=32550"},{"taxonomy":"post_tag","embeddable":true,"href":"https:\/\/www.uta.cl\/index.php\/wp-json\/wp\/v2\/tags?post=32550"}],"curies":[{"name":"wp","href":"https:\/\/api.w.org\/{rel}","templated":true}]}}