{"id":32512,"date":"2021-09-29T19:47:21","date_gmt":"2021-09-29T19:47:21","guid":{"rendered":"https:\/\/www.uta.cl\/?p=32512"},"modified":"2021-09-29T19:47:21","modified_gmt":"2021-09-29T19:47:21","slug":"direccion-de-equidad-de-genero-da-inicio-al-programa-de-capacitacion-genero-en-el-espacio-universitario-para-estudiantes-de-la-universidad-de-tarapaca","status":"publish","type":"post","link":"https:\/\/www.uta.cl\/index.php\/2021\/09\/29\/direccion-de-equidad-de-genero-da-inicio-al-programa-de-capacitacion-genero-en-el-espacio-universitario-para-estudiantes-de-la-universidad-de-tarapaca\/","title":{"rendered":"Direcci\u00f3n de Equidad de G\u00e9nero da inicio al programa de capacitaci\u00f3n \u201cG\u00e9nero en el espacio universitario\u201d para estudiantes de la Universidad de Tarapac\u00e1"},"content":{"rendered":"\n<p>La Direcci\u00f3n de Equidad de G\u00e9nero (DEGEN), en el marco de las actividades orientadas a incorporar la perspectiva de g\u00e9nero en el espacio universitario, dio inicio este s\u00e1bado 25 de septiembre al programa de capacitaci\u00f3n \u201cG\u00e9nero en el espacio universitario\u201d.<\/p>\n\n\n\n<div class=\"wp-block-image\"><figure class=\"aligncenter size-large\"><a href=\"https:\/\/www.uta.cl\/wp-content\/uploads\/2021\/09\/Lanzamiento.png\"><img loading=\"lazy\" width=\"611\" height=\"437\" src=\"https:\/\/www.uta.cl\/wp-content\/uploads\/2021\/09\/Lanzamiento.png\" alt=\"\" class=\"wp-image-32513\" srcset=\"https:\/\/www.uta.cl\/wp-content\/uploads\/2021\/09\/Lanzamiento.png 611w, https:\/\/www.uta.cl\/wp-content\/uploads\/2021\/09\/Lanzamiento-300x215.png 300w\" sizes=\"(max-width: 611px) 100vw, 611px\" \/><\/a><\/figure><\/div>\n\n\n\n<p>El programa tuvo un \u00e9xito en inscripciones alcanzando a m\u00e1s de 100 estudiantes correspondientes a distintas facultades de la Universidad de Tarapac\u00e1.<\/p>\n\n\n\n<p>El programa tiene como principal objetivo presentar a las y los estudiantes de la Universidad, las nociones b\u00e1sicas de la perspectiva de g\u00e9nero que les permitan reflexionar y analizar las manifestaciones del g\u00e9nero en los espacios universitarios, las interacciones cotidianas y todo aquello que se relaciona con el g\u00e9nero en espacios universitarios. Las materias abordadas en las sesiones se vinculan a las nociones de sexo-g\u00e9nero, corresponsabilidad y conciliaci\u00f3n en la vida familiar y estudiantil, violencia de g\u00e9nero, diversidades, entre otros.<\/p>\n\n\n\n<p>En este marco, la Directora de Equidad de G\u00e9nero, Dra. Vanessa Jara Labarth\u00e9 se refiri\u00f3 a la importancia de este programa: \u201cEsta es una instancia necesaria para lograr los cambios culturales respecto a la igualdad de g\u00e9nero que buscamos implementar en nuestra Universidad. Apuntamos al estamento estudiantil para el inicio de este ciclo de capacitaciones, porque creemos firmemente en el rol que juegan tanto en los espacios acad\u00e9micos como en el d\u00eda a d\u00eda\u201d.<\/p>\n\n\n\n<p>Los talleres son dictados por las profesionales de la DEGEN Camila Rivera y Olga Testa, ambas con experiencia en la materia y en este tipo de espacios de formaci\u00f3n y se desarrollar\u00e1n los d\u00edas s\u00e1bado, desde las 10:00 hasta las 12:30 horas hasta el 09 de octubre, considerando en este punto, la propia disponibilidad horaria que expres\u00f3 el estamento de estudiantes al momento de la inscripci\u00f3n. Aquellos\/as estudiantes que cumplan con el 80% de asistencia podr\u00e1n contar con certificaci\u00f3n de la Vicerrector\u00eda de Desarrollo Estrat\u00e9gico y la DEGEN.<\/p>\n\n\n\n<p>Cabe destacar que la participaci\u00f3n en la primera jornada fue exitosa, permitiendo que a trav\u00e9s de un espacio seguro, las y los estudiantes tuvieran la oportunidad de entregar sus visiones, testimonios y realizar las preguntas vinculadas a las materias abordadas. En este sentido, la articulaci\u00f3n permanente con las y los estudiantes es un aspecto fundamental para la DEGEN, principalmente para conocer sus intereses de manera directa, siendo un elemento crucial para el quehacer de la Direcci\u00f3n de Equidad de G\u00e9nero de la Universidad de Tarapac\u00e1.<\/p>\n","protected":false},"excerpt":{"rendered":"<p>Los talleres se desarrollan los d\u00edas s\u00e1bado, desde las 10:00 hasta las 12:30 horas hasta el 09 de octubre.<\/p>\n","protected":false},"author":1,"featured_media":32513,"comment_status":"open","ping_status":"open","sticky":false,"template":"","format":"standard","meta":[],"categories":[45],"tags":[],"_links":{"self":[{"href":"https:\/\/www.uta.cl\/index.php\/wp-json\/wp\/v2\/posts\/32512"}],"collection":[{"href":"https:\/\/www.uta.cl\/index.php\/wp-json\/wp\/v2\/posts"}],"about":[{"href":"https:\/\/www.uta.cl\/index.php\/wp-json\/wp\/v2\/types\/post"}],"author":[{"embeddable":true,"href":"https:\/\/www.uta.cl\/index.php\/wp-json\/wp\/v2\/users\/1"}],"replies":[{"embeddable":true,"href":"https:\/\/www.uta.cl\/index.php\/wp-json\/wp\/v2\/comments?post=32512"}],"version-history":[{"count":1,"href":"https:\/\/www.uta.cl\/index.php\/wp-json\/wp\/v2\/posts\/32512\/revisions"}],"predecessor-version":[{"id":32514,"href":"https:\/\/www.uta.cl\/index.php\/wp-json\/wp\/v2\/posts\/32512\/revisions\/32514"}],"wp:featuredmedia":[{"embeddable":true,"href":"https:\/\/www.uta.cl\/index.php\/wp-json\/wp\/v2\/media\/32513"}],"wp:attachment":[{"href":"https:\/\/www.uta.cl\/index.php\/wp-json\/wp\/v2\/media?parent=32512"}],"wp:term":[{"taxonomy":"category","embeddable":true,"href":"https:\/\/www.uta.cl\/index.php\/wp-json\/wp\/v2\/categories?post=32512"},{"taxonomy":"post_tag","embeddable":true,"href":"https:\/\/www.uta.cl\/index.php\/wp-json\/wp\/v2\/tags?post=32512"}],"curies":[{"name":"wp","href":"https:\/\/api.w.org\/{rel}","templated":true}]}}