{"id":31548,"date":"2021-07-29T13:39:05","date_gmt":"2021-07-29T13:39:05","guid":{"rendered":"https:\/\/www.uta.cl\/?p=31548"},"modified":"2021-07-29T13:39:05","modified_gmt":"2021-07-29T13:39:05","slug":"carrera-de-pedagogia-en-castellano-y-comunicacion-de-la-uta-obtiene-su-acreditacion-por-5-anos","status":"publish","type":"post","link":"https:\/\/www.uta.cl\/index.php\/2021\/07\/29\/carrera-de-pedagogia-en-castellano-y-comunicacion-de-la-uta-obtiene-su-acreditacion-por-5-anos\/","title":{"rendered":"Carrera de Pedagog\u00eda en Castellano y Comunicaci\u00f3n de la UTA obtiene su acreditaci\u00f3n por 5 a\u00f1os"},"content":{"rendered":"\n<div class=\"wp-block-image\"><figure class=\"aligncenter size-large is-resized\"><a href=\"https:\/\/www.uta.cl\/wp-content\/uploads\/2021\/07\/base-frontis.jpg\"><img loading=\"lazy\" src=\"https:\/\/www.uta.cl\/wp-content\/uploads\/2021\/07\/base-frontis-1024x677.jpg\" alt=\"\" class=\"wp-image-31549\" width=\"448\" height=\"296\" srcset=\"https:\/\/www.uta.cl\/wp-content\/uploads\/2021\/07\/base-frontis-1024x677.jpg 1024w, https:\/\/www.uta.cl\/wp-content\/uploads\/2021\/07\/base-frontis-300x198.jpg 300w, https:\/\/www.uta.cl\/wp-content\/uploads\/2021\/07\/base-frontis-768x508.jpg 768w, https:\/\/www.uta.cl\/wp-content\/uploads\/2021\/07\/base-frontis.jpg 1145w\" sizes=\"(max-width: 448px) 100vw, 448px\" \/><\/a><\/figure><\/div>\n\n\n\n<p>Por un per\u00edodo de 5 a\u00f1os, la Carrera de Pedagog\u00eda en Castellano y Comunicaci\u00f3n de la Universidad de Tarapac\u00e1 fue acreditada por la Comisi\u00f3n Nacional de Acreditaci\u00f3n (CNA) hasta el a\u00f1o 2026 en su jornada diurna.<\/p>\n\n\n\n<div class=\"wp-block-image\"><figure class=\"alignright size-large\"><a href=\"https:\/\/www.uta.cl\/wp-content\/uploads\/2021\/07\/1-3.jpg\"><img loading=\"lazy\" width=\"237\" height=\"244\" src=\"https:\/\/www.uta.cl\/wp-content\/uploads\/2021\/07\/1-3.jpg\" alt=\"\" class=\"wp-image-31551\"\/><\/a><\/figure><\/div>\n\n\n\n<p>La noticia fue bien recibida por quienes integran la carrera motivados para seguir trabajando con las iniciativas planteadas. Al respecto, el Decano de la Facultad de Educaci\u00f3n y Humanidades, Dr. Jorge Lagos Caama\u00f1o, destac\u00f3: \u201cLa obtenci\u00f3n de 5 a\u00f1os de acreditaci\u00f3n de la Carrera de Pedagog\u00eda en Castellano y Comunicaci\u00f3n de la F.E.H., obedece al trabajo mancomunado&nbsp;de los acad\u00e9micos que tributan&nbsp;a ella, sobre todo de los docentes del Departamento de Espa\u00f1ol, de do\u00f1a Ana Mar\u00eda Soza, Jefe de Carrera de dicha Pedagog\u00eda, y del estudiantado, identificado&nbsp; y comprometido con el estudio del lenguaje, la literatura&nbsp; y la comunicaci\u00f3n. Los 5 a\u00f1os constituyen un sello de calidad por parte de la CNA y un reconocimiento al&nbsp;cumplimiento de los est\u00e1ndares de calidad; a la validaci\u00f3n y demostraci\u00f3n del logro del perfil de egreso declarado para la formaci\u00f3n de sus estudiantes; a la valoraci\u00f3n&nbsp;de&nbsp;la&nbsp;trayectoria de la Carrera con&nbsp;m\u00e1s de 50 a\u00f1os y a su n\u00facleo acad\u00e9mico&nbsp;reconocido nacional e internacionalmente por sus publicaciones, investigaciones y ponencias en congresos tanto disciplinarios como interdisciplinarios\u201d.<\/p>\n\n\n\n<div class=\"wp-block-image\"><figure class=\"alignleft size-large is-resized\"><a href=\"https:\/\/www.uta.cl\/wp-content\/uploads\/2021\/07\/2-3.jpg\"><img loading=\"lazy\" src=\"https:\/\/www.uta.cl\/wp-content\/uploads\/2021\/07\/2-3.jpg\" alt=\"\" class=\"wp-image-31550\" width=\"224\" height=\"251\" srcset=\"https:\/\/www.uta.cl\/wp-content\/uploads\/2021\/07\/2-3.jpg 425w, https:\/\/www.uta.cl\/wp-content\/uploads\/2021\/07\/2-3-268x300.jpg 268w\" sizes=\"(max-width: 224px) 100vw, 224px\" \/><\/a><\/figure><\/div>\n\n\n\n<p>En tanto, la Jefa de Carrera de Pedagog\u00eda en Castellano y Comunicaci\u00f3n, Ana Mar\u00eda Soza Romero, expres\u00f3: \u201cLa acreditaci\u00f3n de la carrera de Pedagog\u00eda en Castellano y Comunicaci\u00f3n por 5 a\u00f1os es el resultado del trabajo colaborativo de acad\u00e9micos, profesores y estudiantes. La comisi\u00f3n a cargo cont\u00f3 con la asistencia de funcionarios, profesionales y directivos de la universidad, as\u00ed como la participaci\u00f3n y el apoyo de nuestros egresados y los directivos de los establecimientos educativos\u201d.<\/p>\n\n\n\n<p>Por su parte, el Rector de la UTA, Dr. Emilio Rodr\u00edguez Ponce extendi\u00f3 sus felicitaciones a todos los acad\u00e9micos, profesionales y alumnos, \u201cquienes aportan con su quehacer en la gesti\u00f3n acad\u00e9mica, lo que conlleva a un merecido reconocimiento profesional\u201d.<\/p>\n","protected":false},"excerpt":{"rendered":"<p>Acreditada desde el 14 de julio de 2021 hasta el 14 de julio de 2026. <\/p>\n","protected":false},"author":1,"featured_media":31549,"comment_status":"open","ping_status":"open","sticky":false,"template":"","format":"standard","meta":[],"categories":[32,99],"tags":[],"_links":{"self":[{"href":"https:\/\/www.uta.cl\/index.php\/wp-json\/wp\/v2\/posts\/31548"}],"collection":[{"href":"https:\/\/www.uta.cl\/index.php\/wp-json\/wp\/v2\/posts"}],"about":[{"href":"https:\/\/www.uta.cl\/index.php\/wp-json\/wp\/v2\/types\/post"}],"author":[{"embeddable":true,"href":"https:\/\/www.uta.cl\/index.php\/wp-json\/wp\/v2\/users\/1"}],"replies":[{"embeddable":true,"href":"https:\/\/www.uta.cl\/index.php\/wp-json\/wp\/v2\/comments?post=31548"}],"version-history":[{"count":1,"href":"https:\/\/www.uta.cl\/index.php\/wp-json\/wp\/v2\/posts\/31548\/revisions"}],"predecessor-version":[{"id":31552,"href":"https:\/\/www.uta.cl\/index.php\/wp-json\/wp\/v2\/posts\/31548\/revisions\/31552"}],"wp:featuredmedia":[{"embeddable":true,"href":"https:\/\/www.uta.cl\/index.php\/wp-json\/wp\/v2\/media\/31549"}],"wp:attachment":[{"href":"https:\/\/www.uta.cl\/index.php\/wp-json\/wp\/v2\/media?parent=31548"}],"wp:term":[{"taxonomy":"category","embeddable":true,"href":"https:\/\/www.uta.cl\/index.php\/wp-json\/wp\/v2\/categories?post=31548"},{"taxonomy":"post_tag","embeddable":true,"href":"https:\/\/www.uta.cl\/index.php\/wp-json\/wp\/v2\/tags?post=31548"}],"curies":[{"name":"wp","href":"https:\/\/api.w.org\/{rel}","templated":true}]}}