{"id":28848,"date":"2021-03-30T15:02:08","date_gmt":"2021-03-30T15:02:08","guid":{"rendered":"https:\/\/www.uta.cl\/?p=28848"},"modified":"2021-03-30T15:02:08","modified_gmt":"2021-03-30T15:02:08","slug":"academicos-del-departamento-de-ciencias-de-la-actividad-fisica-y-del-deporte-integran-red-iberoamericana-de-investigadores-en-desplazamiento-activo-salud-y-sostenibilidad-riidass","status":"publish","type":"post","link":"https:\/\/www.uta.cl\/index.php\/2021\/03\/30\/academicos-del-departamento-de-ciencias-de-la-actividad-fisica-y-del-deporte-integran-red-iberoamericana-de-investigadores-en-desplazamiento-activo-salud-y-sostenibilidad-riidass\/","title":{"rendered":"Acad\u00e9micos del Departamento de Ciencias de la Actividad F\u00edsica y del Deporte integran Red Iberoamericana de Investigadores en Desplazamiento Activo, Salud y Sostenibilidad (RIIDASS)"},"content":{"rendered":"\n<p>Acad\u00e9micos de la carrera de Profesor de Educaci\u00f3n F\u00edsica de la Facultad de Educaci\u00f3n y Humanidades de la Universidad de Tarapac\u00e1, trabajar\u00e1n junto a 29 profesionales de Espa\u00f1a, Portugal, Chile, Ecuador, Colombia, Argentina, Brasil y M\u00e9xico, en el desarrollo de esta l\u00ednea de acci\u00f3n financiada por la Asociaci\u00f3n Iberoamericana de Posgrado (AUIP).<\/p>\n\n\n\n<figure class=\"wp-block-image size-large\"><a href=\"https:\/\/www.uta.cl\/wp-content\/uploads\/2021\/03\/1-1.jpg\"><img loading=\"lazy\" width=\"679\" height=\"400\" src=\"https:\/\/www.uta.cl\/wp-content\/uploads\/2021\/03\/1-1.jpg\" alt=\"\" class=\"wp-image-28849\" srcset=\"https:\/\/www.uta.cl\/wp-content\/uploads\/2021\/03\/1-1.jpg 679w, https:\/\/www.uta.cl\/wp-content\/uploads\/2021\/03\/1-1-300x177.jpg 300w\" sizes=\"(max-width: 679px) 100vw, 679px\" \/><\/a><\/figure>\n\n\n\n<p>La Red Iberoamericana de Investigadores en Desplazamiento Activo, Salud y Sostenibilidad (RIIDASS), donde la Universidad de Tarapac\u00e1 es fundadora, busca implementar proyectos internacionales -de los cuales derivar\u00eda una producci\u00f3n cient\u00edfica destacable-, crear instrumentos y recursos de investigaci\u00f3n aplicables al contexto iberoamericano, organizar congresos y, por \u00faltimo, la movilidad de cient\u00edficos.<\/p>\n\n\n\n<p>Cooperaci\u00f3n acad\u00e9mica internacional<\/p>\n\n\n\n<p>En la RIIDASS confluyen universidades de Granada, de C\u00e1diz, de Extremadura, de Zaragoza, de Salamanca, de Valencia y San Jorge (Espa\u00f1a); de Lisboa (Portugal); Nacional de Chimborazo y del Azuay (Ecuador); Tolima (Colombia); de Baja California (M\u00e9xico); Estadual Paulista (Brasil); Cat\u00f3lica de Valpara\u00edso, de Playa Ancha, de Antofagasta, de Tarapac\u00e1, Austral de Chile, del B\u00edo-B\u00edo y de las Am\u00e9ricas (Chile) y el Instituto Universitario YMCA (Argentina).<\/p>\n\n\n\n<p>La misi\u00f3n es contribuir a avanzar en los Objetivos de Desarrollo Sostenible (ODS), en especial, salud y bienestar; ciudad y comunidad sostenible; acci\u00f3n por el clima, con la finalidad de materializar alianzas para lograr objetivos. La idea es generar proyectos conjuntos de car\u00e1cter internacional con \u00e9nfasis en Am\u00e9rica Latina, donde hace falta estudiar y aplicar pol\u00edticas p\u00fablicas en este \u00e1mbito.<\/p>\n\n\n\n<p>Asimismo, los expertos establecer\u00e1n redes que favorezcan la investigaci\u00f3n internacional y la transferencia cient\u00edfica a profesores, estudiantes universitarios y comunidades educativas, entre otros.<\/p>\n\n\n\n<p>Se destaca, adem\u00e1s, la investigaci\u00f3n referida al dise\u00f1o y a la transferencia de instrumentos para efectuar cuestionarios, modelos y realizaci\u00f3n de proyectos de intervenci\u00f3n, focalizado en municipios y grupos de acci\u00f3n. Para los acad\u00e9micos, se requiere validar estas herramientas, sobre todo, para estudios con adultos mayores, personas con discapacidad o en el contexto de pandemia.<\/p>\n\n\n\n<p>Por \u00faltimo, los investigadores pretenden transferir investigaci\u00f3n europea a Am\u00e9rica Latina e involucrar la actividad f\u00edsica con sostenibilidad. Llegar a los sectores pol\u00edtico y social desde este punto de vista, destacar la importancia del modo de desplazamiento activo, caminar o utilizar bicicleta. Con ello, se reduce la huella de carbono, la congesti\u00f3n vehicular y el gasto de mantenci\u00f3n del autom\u00f3vil.<\/p>\n\n\n\n<p>La RIIDASS ser\u00e1 liderada por la Dra. Palma Chill\u00f3n-Garz\u00f3n, de la Universidad de Granada (Espa\u00f1a); Fernando Rodr\u00edguez Rodr\u00edguez, de la Pontificia Universidad Cat\u00f3lica de Valpara\u00edso (PUCV), promotor de esta l\u00ednea de investigaci\u00f3n en Chile; Hernaldo Carrasco Beltr\u00e1n, de la Universidad de Playa Ancha, como coordinador americano, y Daniel Camiletti Moir\u00f3n, de la Universidad de C\u00e1diz, quien har\u00e1 lo propio en Europa.<\/p>\n","protected":false},"excerpt":{"rendered":"<p>Iniciativa tiene como objetivo favorecer la colaboraci\u00f3n que permita realizar intervenciones sociales y comunitarias con ni\u00f1os, adultos y adultos mayores.<\/p>\n","protected":false},"author":1,"featured_media":28849,"comment_status":"open","ping_status":"open","sticky":false,"template":"","format":"standard","meta":[],"categories":[32,51],"tags":[],"_links":{"self":[{"href":"https:\/\/www.uta.cl\/index.php\/wp-json\/wp\/v2\/posts\/28848"}],"collection":[{"href":"https:\/\/www.uta.cl\/index.php\/wp-json\/wp\/v2\/posts"}],"about":[{"href":"https:\/\/www.uta.cl\/index.php\/wp-json\/wp\/v2\/types\/post"}],"author":[{"embeddable":true,"href":"https:\/\/www.uta.cl\/index.php\/wp-json\/wp\/v2\/users\/1"}],"replies":[{"embeddable":true,"href":"https:\/\/www.uta.cl\/index.php\/wp-json\/wp\/v2\/comments?post=28848"}],"version-history":[{"count":1,"href":"https:\/\/www.uta.cl\/index.php\/wp-json\/wp\/v2\/posts\/28848\/revisions"}],"predecessor-version":[{"id":28850,"href":"https:\/\/www.uta.cl\/index.php\/wp-json\/wp\/v2\/posts\/28848\/revisions\/28850"}],"wp:featuredmedia":[{"embeddable":true,"href":"https:\/\/www.uta.cl\/index.php\/wp-json\/wp\/v2\/media\/28849"}],"wp:attachment":[{"href":"https:\/\/www.uta.cl\/index.php\/wp-json\/wp\/v2\/media?parent=28848"}],"wp:term":[{"taxonomy":"category","embeddable":true,"href":"https:\/\/www.uta.cl\/index.php\/wp-json\/wp\/v2\/categories?post=28848"},{"taxonomy":"post_tag","embeddable":true,"href":"https:\/\/www.uta.cl\/index.php\/wp-json\/wp\/v2\/tags?post=28848"}],"curies":[{"name":"wp","href":"https:\/\/api.w.org\/{rel}","templated":true}]}}