{"id":28766,"date":"2021-03-26T18:25:52","date_gmt":"2021-03-26T18:25:52","guid":{"rendered":"https:\/\/www.uta.cl\/?p=28766"},"modified":"2021-04-01T12:39:15","modified_gmt":"2021-04-01T12:39:15","slug":"en-camina-presentaron-publicaciones-de-la-uta-que-revitalizan-la-cultura-e-historia-de-los-pueblos-aymara-y-quechua","status":"publish","type":"post","link":"https:\/\/www.uta.cl\/index.php\/2021\/03\/26\/en-camina-presentaron-publicaciones-de-la-uta-que-revitalizan-la-cultura-e-historia-de-los-pueblos-aymara-y-quechua\/","title":{"rendered":"En Cami\u00f1a presentaron publicaciones de la UTA que revitalizan la cultura e historia de los pueblos aymara y quechua"},"content":{"rendered":"\n<p>El martes 23 de marzo en la escuela de la localidad de Cami\u00f1a, se presentaron los libros \u201cGEOGRAF\u00cdAS ANDINAS DEL TAMARUGAL\u201d y \u201cHAQUIJATHA. Uso y costumbres en el centro sur andino\u201d, textos que re\u00fane el esfuerzo mancomunado de investigadores de la Universidad de Tarapac\u00e1, CONADI y comunidades ind\u00edgenas para valorar y difundir el legado patrimonial de los pueblos originarios de la provincia del Tamarugal. Cumpliendo con el estricto protocolo anti covid-19, los pobladores de Cami\u00f1a se acercaron a la escuela para recibir sus ejemplares impresos y as\u00ed poder difundir un importante contenido etnohist\u00f3rico entre los adultos, j\u00f3venes y ni\u00f1os de la regi\u00f3n. La actividad cont\u00f3 con la presencia de representantes de las comunidades ind\u00edgenas, el alcalde de la I. Municipalidad de Cami\u00f1a don Sixto Garc\u00eda C\u00e1ceres y el Subdirector Nacional Iquique de CONADI, Eleodoro Moscoso Esteban.<\/p>\n\n\n\n<figure class=\"wp-block-image size-large\"><a href=\"https:\/\/www.uta.cl\/wp-content\/uploads\/2021\/03\/CONDOR-GEOGRAFIA-ANDINAS-scaled.jpg\"><img loading=\"lazy\" width=\"1024\" height=\"653\" src=\"https:\/\/www.uta.cl\/wp-content\/uploads\/2021\/03\/CONDOR-GEOGRAFIA-ANDINAS-1024x653.jpg\" alt=\"\" class=\"wp-image-28769\" srcset=\"https:\/\/www.uta.cl\/wp-content\/uploads\/2021\/03\/CONDOR-GEOGRAFIA-ANDINAS-1024x653.jpg 1024w, https:\/\/www.uta.cl\/wp-content\/uploads\/2021\/03\/CONDOR-GEOGRAFIA-ANDINAS-300x191.jpg 300w, https:\/\/www.uta.cl\/wp-content\/uploads\/2021\/03\/CONDOR-GEOGRAFIA-ANDINAS-768x489.jpg 768w, https:\/\/www.uta.cl\/wp-content\/uploads\/2021\/03\/CONDOR-GEOGRAFIA-ANDINAS-1536x979.jpg 1536w, https:\/\/www.uta.cl\/wp-content\/uploads\/2021\/03\/CONDOR-GEOGRAFIA-ANDINAS-2048x1305.jpg 2048w\" sizes=\"(max-width: 1024px) 100vw, 1024px\" \/><\/a><\/figure>\n\n\n\n<p>El Dr. Alberto D\u00edaz Araya, acad\u00e9mico del Departamento de Ciencias Hist\u00f3ricas y Geogr\u00e1ficas de la UTA y editor del libro \u201cGEOGRAF\u00cdAS ANDINAS\u2026\u201d, expuso que \u201clos aymaras y quechuas desde tiempos precolombinos han establecido un v\u00ednculo identitario con sus territorios. Se han vinculado a los diferentes elementos en el paisaje como los cerros mallkus; han construido mont\u00edculos de piedras como son las apachetas, o calvarios e hitos en montes y llanuras para marcar los l\u00edmites territoriales o identificar los lugares significativos destinados a los ritos y santuarios. Durante siglos elaboraron una compleja red de caminos para conectar pampas, sierras y altiplanicies; como tambi\u00e9n, edificaron obras de verdadera ingenier\u00eda hidr\u00e1ulica en terrazas de cultivo en la abrupta geograf\u00eda de las quebradas precordilleranas de Arica y Tarapac\u00e1, con canales de aguas milenarios y un conocimiento heredado por las mujeres y hombres andinos de nuestra regi\u00f3n\u201d.<\/p>\n\n\n\n<figure class=\"wp-block-image size-large\"><a href=\"https:\/\/www.uta.cl\/wp-content\/uploads\/2021\/03\/DSC0026-scaled.jpg\"><img loading=\"lazy\" width=\"1024\" height=\"678\" src=\"https:\/\/www.uta.cl\/wp-content\/uploads\/2021\/03\/DSC0026-1024x678.jpg\" alt=\"\" class=\"wp-image-28767\" srcset=\"https:\/\/www.uta.cl\/wp-content\/uploads\/2021\/03\/DSC0026-1024x678.jpg 1024w, https:\/\/www.uta.cl\/wp-content\/uploads\/2021\/03\/DSC0026-300x199.jpg 300w, https:\/\/www.uta.cl\/wp-content\/uploads\/2021\/03\/DSC0026-768x509.jpg 768w, https:\/\/www.uta.cl\/wp-content\/uploads\/2021\/03\/DSC0026-1536x1017.jpg 1536w, https:\/\/www.uta.cl\/wp-content\/uploads\/2021\/03\/DSC0026-2048x1356.jpg 2048w\" sizes=\"(max-width: 1024px) 100vw, 1024px\" \/><\/a><\/figure>\n\n\n\n<p>El segundo libro denominado \u201cHAQUIJATHA\u2026\u201d aborda la protecci\u00f3n del territorio hist\u00f3rico de las comunidades mediante el conocimiento de los sitios de significaci\u00f3n cultural; se identifican a su vez, sectores de apremio en el mundo ind\u00edgena, siendo una contribuci\u00f3n producto del Congreso Internacional de Derecho Ind\u00edgena, organizado por la UTA en la Regi\u00f3n de Tarapac\u00e1. As\u00ed lo explic\u00f3 el Dr. \u00c1lvaro Espinoza Collao, acad\u00e9mico del Departamento de Ciencias Sociales de la UTA Iquique, al profundizar que \u201cesta obra corresponde a la edici\u00f3n de varios textos de diversos autores de Iberoam\u00e9rica, Espa\u00f1a, Per\u00fa, Bolivia y Colombia, entre otros. El objetivo es relevar el uso, costumbres y el valor jur\u00eddico que estas pr\u00e1cticas tienen a lo largo del tiempo en los territorios ind\u00edgenas. El Derecho hoy en d\u00eda obliga a los Estados a no solamente valorar estas costumbres, sino que tambi\u00e9n a reforzarlas y reconocerlas como parte del Derecho propio de las comunidades\u201d.<\/p>\n\n\n\n<p>Los dos libros que se enmarcan en un convenio de colaboraci\u00f3n conjunta entre la UTA y CONADI, cuyos prop\u00f3sitos tiene que ver con la investigaci\u00f3n sobre territorialidades ind\u00edgenas desde perspectivas hist\u00f3ricas, jur\u00eddicas y antropol\u00f3gicas, estar\u00e1n disponibles para descargar en la p\u00e1gina web www.uta.cl<\/p>\n\n\n\n<figure class=\"wp-block-image size-large\"><a href=\"https:\/\/www.uta.cl\/wp-content\/uploads\/2021\/03\/DSC0067-scaled.jpg\"><img loading=\"lazy\" width=\"1024\" height=\"608\" src=\"https:\/\/www.uta.cl\/wp-content\/uploads\/2021\/03\/DSC0067-1024x608.jpg\" alt=\"\" class=\"wp-image-28768\" srcset=\"https:\/\/www.uta.cl\/wp-content\/uploads\/2021\/03\/DSC0067-1024x608.jpg 1024w, https:\/\/www.uta.cl\/wp-content\/uploads\/2021\/03\/DSC0067-300x178.jpg 300w, https:\/\/www.uta.cl\/wp-content\/uploads\/2021\/03\/DSC0067-768x456.jpg 768w, https:\/\/www.uta.cl\/wp-content\/uploads\/2021\/03\/DSC0067-1536x912.jpg 1536w, https:\/\/www.uta.cl\/wp-content\/uploads\/2021\/03\/DSC0067-2048x1217.jpg 2048w\" sizes=\"(max-width: 1024px) 100vw, 1024px\" \/><\/a><\/figure>\n","protected":false},"excerpt":{"rendered":"<p>El martes 23 de marzo en la escuela de la localidad de Cami\u00f1a, se presentaron los libros \u201cGEOGRAF\u00cdAS ANDINAS DEL TAMARUGAL\u201d y \u201cHAQUIJATHA. Uso y costumbres en el centro sur andino\u201d, textos que re\u00fane el esfuerzo mancomunado de investigadores de la Universidad de Tarapac\u00e1, CONADI y comunidades ind\u00edgenas para valorar y difundir el legado patrimonial [&hellip;]<\/p>\n","protected":false},"author":1,"featured_media":28769,"comment_status":"open","ping_status":"open","sticky":false,"template":"","format":"standard","meta":[],"categories":[32],"tags":[],"_links":{"self":[{"href":"https:\/\/www.uta.cl\/index.php\/wp-json\/wp\/v2\/posts\/28766"}],"collection":[{"href":"https:\/\/www.uta.cl\/index.php\/wp-json\/wp\/v2\/posts"}],"about":[{"href":"https:\/\/www.uta.cl\/index.php\/wp-json\/wp\/v2\/types\/post"}],"author":[{"embeddable":true,"href":"https:\/\/www.uta.cl\/index.php\/wp-json\/wp\/v2\/users\/1"}],"replies":[{"embeddable":true,"href":"https:\/\/www.uta.cl\/index.php\/wp-json\/wp\/v2\/comments?post=28766"}],"version-history":[{"count":1,"href":"https:\/\/www.uta.cl\/index.php\/wp-json\/wp\/v2\/posts\/28766\/revisions"}],"predecessor-version":[{"id":28771,"href":"https:\/\/www.uta.cl\/index.php\/wp-json\/wp\/v2\/posts\/28766\/revisions\/28771"}],"wp:featuredmedia":[{"embeddable":true,"href":"https:\/\/www.uta.cl\/index.php\/wp-json\/wp\/v2\/media\/28769"}],"wp:attachment":[{"href":"https:\/\/www.uta.cl\/index.php\/wp-json\/wp\/v2\/media?parent=28766"}],"wp:term":[{"taxonomy":"category","embeddable":true,"href":"https:\/\/www.uta.cl\/index.php\/wp-json\/wp\/v2\/categories?post=28766"},{"taxonomy":"post_tag","embeddable":true,"href":"https:\/\/www.uta.cl\/index.php\/wp-json\/wp\/v2\/tags?post=28766"}],"curies":[{"name":"wp","href":"https:\/\/api.w.org\/{rel}","templated":true}]}}