{"id":28536,"date":"2021-03-18T11:15:27","date_gmt":"2021-03-18T11:15:27","guid":{"rendered":"https:\/\/www.uta.cl\/?p=28536"},"modified":"2021-03-18T11:15:27","modified_gmt":"2021-03-18T11:15:27","slug":"ventanas-al-pasado-ventana-al-futuro","status":"publish","type":"post","link":"https:\/\/www.uta.cl\/index.php\/2021\/03\/18\/ventanas-al-pasado-ventana-al-futuro\/","title":{"rendered":"Ventanas al pasado, ventana al futuro"},"content":{"rendered":"\n<p><strong>&#8220;Las ventanas al pasado nos dicen que en esta regi\u00f3n solo tuvimos pol\u00edticas frustradas de desarrollo&#8221;.<\/strong><\/p>\n\n\n\n<p>Los historiadores -a trav\u00e9s de los archivos y otras fuentes- abren ventanas al pasado y lo hacen como observadores omniscientes, porque conocen hasta los detalles de lo que vendr\u00e1. Por ejemplo, ellos sab\u00edan que el optimismo que tuvieron los iquique\u00f1os en 1871, debido a que la industria salitrera daba sus primeros frutos, ser\u00eda breve: al a\u00f1o siguiente llegar\u00eda al gobierno el presidente Manuel Pardo y, con el af\u00e1n de favorecer a su c\u00edrculo de banqueros lime\u00f1os, aplic\u00f3 el estanco salitrero en 1873 y despu\u00e9s la expropiaci\u00f3n de esta industria en 1875. Posteriormente, ya bajo el estado chileno, la econom\u00eda salitrera volvi\u00f3 a alzar vuelo, entonces el optimismo regreso a las calles de Iquique. Ser\u00eda breve: los intereses de grupos de poder santiaguinos llevaron al pa\u00eds a una guerra civil, donde las primeras batallas se libraron en Tarapac\u00e1, y todo ser\u00eda penuria, excepto para los vencedores.<\/p>\n\n\n\n<p>Esas peque\u00f1as ventanas al pasado nos abren intersticialmente una ventana al futuro. Hoy ha vuelto el optimismo respecto del buen momento que enfrenta la miner\u00eda del cobre, a tal punto que se ha comenzado a discutir sobre la conveniencia de un nuevo royalty; no sabemos si ello se ejecutar\u00e1, pero s\u00ed sabemos que el beneficio de esta miner\u00eda no echar\u00e1 ra\u00edces en nuestra regi\u00f3n, porque los intereses nacionales (l\u00e9ase santiaguinos) estar\u00e1n siempre por sobre los intereses regionales. Lo que sabemos es que el ciclo del cobre concluir\u00e1 en algunas d\u00e9cadas y no tenemos a\u00fan un proyecto alternativo. Los poderes centrales siempre han justificado los impuestos para implementar pol\u00edticas nacionales de desarrollo, lo que est\u00e1 te\u00f3ricamente muy bien, pero las ventanas al pasado nos dicen que en esta regi\u00f3n solo tuvimos pol\u00edticas frustradas de desarrollo durante el ciclo del salitre: proyectos de regad\u00edo de la pampa del Tamarugal que nunca se concretaron, un ferrocarril a Bolivia que no se construy\u00f3, una universidad de la miner\u00eda que jam\u00e1s existi\u00f3, etc. Durante el ciclo del cobre ni siquiera hemos tenido un sue\u00f1o.<\/p>\n\n\n\n<p>Con el esperado proceso descentralizador en marcha \u00bfdeber\u00edamos esperar que los beneficios de la miner\u00eda se regionalicen? \u00bfPodr\u00eda la nueva Constituci\u00f3n Pol\u00edtica cambiar el curso de la recurrente y c\u00edclica historia centralista de nuestro pa\u00eds? Si abrimos las ventanas al pasado para revisar anteriores constituciones, podr\u00edamos concluir que nuestro optimismo deber\u00eda ser breve.<\/p>\n","protected":false},"excerpt":{"rendered":"<p>Dr. Sergio Gonz\u00e1lez Miranda, Premio Nacional de Historia 2014, Diario La Estrella de Iquique, edici\u00f3n 12 de marzo de 2021.<\/p>\n","protected":false},"author":1,"featured_media":24593,"comment_status":"open","ping_status":"open","sticky":false,"template":"","format":"standard","meta":[],"categories":[42,51],"tags":[],"_links":{"self":[{"href":"https:\/\/www.uta.cl\/index.php\/wp-json\/wp\/v2\/posts\/28536"}],"collection":[{"href":"https:\/\/www.uta.cl\/index.php\/wp-json\/wp\/v2\/posts"}],"about":[{"href":"https:\/\/www.uta.cl\/index.php\/wp-json\/wp\/v2\/types\/post"}],"author":[{"embeddable":true,"href":"https:\/\/www.uta.cl\/index.php\/wp-json\/wp\/v2\/users\/1"}],"replies":[{"embeddable":true,"href":"https:\/\/www.uta.cl\/index.php\/wp-json\/wp\/v2\/comments?post=28536"}],"version-history":[{"count":1,"href":"https:\/\/www.uta.cl\/index.php\/wp-json\/wp\/v2\/posts\/28536\/revisions"}],"predecessor-version":[{"id":28537,"href":"https:\/\/www.uta.cl\/index.php\/wp-json\/wp\/v2\/posts\/28536\/revisions\/28537"}],"wp:featuredmedia":[{"embeddable":true,"href":"https:\/\/www.uta.cl\/index.php\/wp-json\/wp\/v2\/media\/24593"}],"wp:attachment":[{"href":"https:\/\/www.uta.cl\/index.php\/wp-json\/wp\/v2\/media?parent=28536"}],"wp:term":[{"taxonomy":"category","embeddable":true,"href":"https:\/\/www.uta.cl\/index.php\/wp-json\/wp\/v2\/categories?post=28536"},{"taxonomy":"post_tag","embeddable":true,"href":"https:\/\/www.uta.cl\/index.php\/wp-json\/wp\/v2\/tags?post=28536"}],"curies":[{"name":"wp","href":"https:\/\/api.w.org\/{rel}","templated":true}]}}