{"id":28466,"date":"2021-03-12T18:43:09","date_gmt":"2021-03-12T18:43:09","guid":{"rendered":"https:\/\/www.uta.cl\/?p=28466"},"modified":"2021-03-12T18:43:09","modified_gmt":"2021-03-12T18:43:09","slug":"investigadores-de-tarapaca-estudiaran-en-las-carceles-del-norte-de-chile-el-trabajo-que-realiza-la-iglesia-evangelica-a-la-reinsercion-social-de-condenados-de-etnias-quechuas-y-aymaras","status":"publish","type":"post","link":"https:\/\/www.uta.cl\/index.php\/2021\/03\/12\/investigadores-de-tarapaca-estudiaran-en-las-carceles-del-norte-de-chile-el-trabajo-que-realiza-la-iglesia-evangelica-a-la-reinsercion-social-de-condenados-de-etnias-quechuas-y-aymaras\/","title":{"rendered":"Investigadores de Tarapac\u00e1 estudiar\u00e1n en las c\u00e1rceles del norte de Chile el trabajo que realiza la Iglesia Evang\u00e9lica a la reinserci\u00f3n social de condenados de etnias Quechuas y Aymaras"},"content":{"rendered":"\n<p>El proyecto FONDECYT Regular&nbsp;1211321 \u201cRedes carcelarias provisorias de esperanza: Las comunidades evang\u00e9licas como redes sociales (trans)fronterizas para los aymaras y quechuas, detenidos y condenados por tr\u00e1fico de estupefacientes en el Norte Grande de Chile (2012-2024)\u201d, fue adjudicado por el Dr.&nbsp;Miguel \u00c1ngel Mansilla, Universidad Arturo Prat&nbsp;(UNAP) y por el investigador, Dr. Roberto Dufraix Universidad de Tarapac\u00e1 (UTA).<\/p>\n\n\n\n<figure class=\"wp-block-image size-large\"><a href=\"https:\/\/www.uta.cl\/wp-content\/uploads\/2021\/03\/Roberto-Dufraix-scaled.jpg\"><img loading=\"lazy\" width=\"1024\" height=\"791\" src=\"https:\/\/www.uta.cl\/wp-content\/uploads\/2021\/03\/Roberto-Dufraix-1024x791.jpg\" alt=\"\" class=\"wp-image-28468\" srcset=\"https:\/\/www.uta.cl\/wp-content\/uploads\/2021\/03\/Roberto-Dufraix-1024x791.jpg 1024w, https:\/\/www.uta.cl\/wp-content\/uploads\/2021\/03\/Roberto-Dufraix-300x232.jpg 300w, https:\/\/www.uta.cl\/wp-content\/uploads\/2021\/03\/Roberto-Dufraix-768x593.jpg 768w, https:\/\/www.uta.cl\/wp-content\/uploads\/2021\/03\/Roberto-Dufraix-1536x1187.jpg 1536w, https:\/\/www.uta.cl\/wp-content\/uploads\/2021\/03\/Roberto-Dufraix-2048x1583.jpg 2048w\" sizes=\"(max-width: 1024px) 100vw, 1024px\" \/><\/a><\/figure>\n\n\n\n<p>Esta iniciativa surge como una observaci\u00f3n &#8211; junto con la literatura &#8211; en el incremento de encarcelamiento de personas pertenecientes a etnias aymaras y quechuas, en las c\u00e1rceles el norte grande del pa\u00eds. Este proceso de encarcelamiento se da en el delito de tr\u00e1fico de drogas y ha sobre poblado las c\u00e1rceles, a partir de la representaci\u00f3n de la poblaci\u00f3n boliviana. El objetivo de este proyecto, es analizar el rol que han tenido las redes urbanas fronterizas y transfronteriza de las iglesias evang\u00e9licas, tanto dentro y fuera de la c\u00e1rcel, en su labor de reinsertar a este segmento de la poblaci\u00f3n carcelaria perteneciente a una etnia.<\/p>\n\n\n\n<p>Las personas condenadas por estos delitos, se adosan a los m\u00f3dulos carcelarios evang\u00e9licos, que contribuyen a la resocializaci\u00f3n, realizando distintivas actividades: los ayudan a retomar contactos familiares brindando un apoyo con ideas cristianas desde la perspectiva evang\u00e9lica. En ese contexto, el acad\u00e9mico del Departamento de Ciencias Sociales y Jur\u00eddicas de la UTA Sede Iquique, se\u00f1al\u00f3 que, \u201cdesde la literatura se ha evidenciado que desde la c\u00e1rcel, dif\u00edcilmente se puede resocializar. Una persona no aprende a vivir en sociedad si est\u00e1 encarcelada. Es una paradoja estructural del sistema. Y las iglesias evang\u00e9licas han apoyado disminuir los niveles de reincidencia, mediante el cristianismo con elaboraci\u00f3n de c\u00e1nticos, entre otros. Hay ejemplos de otros pa\u00edses que se han reducido el 10% esta reincidencia\u201d.<\/p>\n\n\n\n<p>Tambi\u00e9n agreg\u00f3, que \u201ccomo contexto, existe un alto n\u00famero de extranjeros condenados por tr\u00e1fico de drogas, pero cuando se analiza el perfil de estos condenados, son personas que ni sab\u00edan lo que estaban haciendo. Son personas con bajos recursos culturales, muchas de ellas ni hablan espa\u00f1ol, y se configura una trata de personas, mediante el enga\u00f1o para que se cometa un delito. En Chile, aun no se investiga este fen\u00f3meno. La relevancia est\u00e1 en que son v\u00edctimas de conductas delictivas, pero nuestro sistema los trata como genuinos delincuentes. No se le reconoce como v\u00edctimas de una particular forma de abuso. El sistema no detecta que son v\u00edctimas y son encarcelados comenzando a sufrir una revictimizaci\u00f3n. Es un tema demasiado sensible\u201d, indic\u00f3 el acad\u00e9mico del Departamento de Ciencias Sociales y Jur\u00eddicas de la UTA Sede Iquique.<\/p>\n\n\n\n<p>El Dr. Roberto Dufraix, jefe de Carrera de Derecho de la UTA Sede Iquique, est\u00e1 innovando en el Derecho desde Tarapac\u00e1, abriendo una l\u00ednea de investigaci\u00f3n en un tema a\u00fan incipiente en Chile, como el fen\u00f3meno de la trata de personas con fines de explotaci\u00f3n criminal. Tambi\u00e9n, el investigador UTA eval\u00faa esta alianza de trabajo de acad\u00e9micos de ambas universidades estatales de la regi\u00f3n de Tarapac\u00e1, defini\u00e9ndolo como una \u201cconformaci\u00f3n desde la base de la generosidad y reciprocidad, para tener proyectos exitosos, como representantes de ambas casas de estudios estatales de Tarapac\u00e1\u201d.<\/p>\n\n\n\n<p>De la obtenci\u00f3n del resultado, se enfocar\u00e1n en propiciar el cambio cultural y al trato institucional y no institucional de estas personas. \u201cQueremos crear una base de datos de los condenados y como han influido las iglesias evang\u00e9licas en la reinserci\u00f3n, se realizar\u00e1n capacitaciones a los agentes que operan en las c\u00e1rceles, como funcionarios de Gendarmer\u00eda , tambi\u00e9n queremos mejorar ese apoyo en las redes que brindan la Iglesia evang\u00e9lica en las regiones que se realizar\u00e1n estos trabajos de campo desde la observaci\u00f3n y la entrevista, y desde luego, queremos generar talleres en voluntariados para que el trabajo sea m\u00e1s efectivo\u201d, puntualiz\u00f3 el acad\u00e9mico de la Universidad de Tarapac\u00e1.<\/p>\n\n\n\n<p>Para el Dr. Crist\u00f3bal Pulido, Director del Departamento de Ciencias Sociales y Jur\u00eddicas de la Universidad de Tarapac\u00e1, el trabajo ha ido avanzando en su complejidad y la creaci\u00f3n de conocimiento desde la ciencia, es en ese contexto que para los estudiantes de la UTA son centrales y son convocados a proponer y participar del trabajo investigativo de los acad\u00e9micos. \u201cLas clases, los trabajos, as\u00ed como las tesis, son punto de partida de muchos trabajos que crecen en el tiempo y se vuelven publicaciones con diversas indexaciones\u201d concluy\u00f3 el Dr. Pulido.<\/p>\n\n\n\n<figure class=\"wp-block-image size-large\"><a href=\"https:\/\/www.uta.cl\/wp-content\/uploads\/2021\/03\/base-iquique.jpg\"><img loading=\"lazy\" width=\"793\" height=\"528\" src=\"https:\/\/www.uta.cl\/wp-content\/uploads\/2021\/03\/base-iquique.jpg\" alt=\"\" class=\"wp-image-28467\" srcset=\"https:\/\/www.uta.cl\/wp-content\/uploads\/2021\/03\/base-iquique.jpg 793w, https:\/\/www.uta.cl\/wp-content\/uploads\/2021\/03\/base-iquique-300x200.jpg 300w, https:\/\/www.uta.cl\/wp-content\/uploads\/2021\/03\/base-iquique-768x511.jpg 768w\" sizes=\"(max-width: 793px) 100vw, 793px\" \/><\/a><\/figure>\n","protected":false},"excerpt":{"rendered":"<p>    \u2022 Roberto Dufraix, jefe de carrera de Derecho en la UTA Iquique, participa como coinvestigador en el estudio que se extender\u00e1 por los pr\u00f3ximos 4 a\u00f1os, para recoger informaci\u00f3n que aportar\u00e1 a la academia, la pol\u00edtica p\u00fablica y el tratamiento de la sociedad a condenados de etnias originarias.<\/p>\n<p>    \u2022 Esta investigaci\u00f3n abarcar\u00e1 las regiones de Arica Parinacota, Tarapac\u00e1 y Antofagasta. <\/p>\n","protected":false},"author":1,"featured_media":28467,"comment_status":"open","ping_status":"open","sticky":false,"template":"","format":"standard","meta":[],"categories":[42],"tags":[],"_links":{"self":[{"href":"https:\/\/www.uta.cl\/index.php\/wp-json\/wp\/v2\/posts\/28466"}],"collection":[{"href":"https:\/\/www.uta.cl\/index.php\/wp-json\/wp\/v2\/posts"}],"about":[{"href":"https:\/\/www.uta.cl\/index.php\/wp-json\/wp\/v2\/types\/post"}],"author":[{"embeddable":true,"href":"https:\/\/www.uta.cl\/index.php\/wp-json\/wp\/v2\/users\/1"}],"replies":[{"embeddable":true,"href":"https:\/\/www.uta.cl\/index.php\/wp-json\/wp\/v2\/comments?post=28466"}],"version-history":[{"count":1,"href":"https:\/\/www.uta.cl\/index.php\/wp-json\/wp\/v2\/posts\/28466\/revisions"}],"predecessor-version":[{"id":28469,"href":"https:\/\/www.uta.cl\/index.php\/wp-json\/wp\/v2\/posts\/28466\/revisions\/28469"}],"wp:featuredmedia":[{"embeddable":true,"href":"https:\/\/www.uta.cl\/index.php\/wp-json\/wp\/v2\/media\/28467"}],"wp:attachment":[{"href":"https:\/\/www.uta.cl\/index.php\/wp-json\/wp\/v2\/media?parent=28466"}],"wp:term":[{"taxonomy":"category","embeddable":true,"href":"https:\/\/www.uta.cl\/index.php\/wp-json\/wp\/v2\/categories?post=28466"},{"taxonomy":"post_tag","embeddable":true,"href":"https:\/\/www.uta.cl\/index.php\/wp-json\/wp\/v2\/tags?post=28466"}],"curies":[{"name":"wp","href":"https:\/\/api.w.org\/{rel}","templated":true}]}}